{"id":1123083,"date":"2026-03-11T09:28:03","date_gmt":"2026-03-11T09:28:03","guid":{"rendered":"https:\/\/dimensionturistica.com\/es\/?p=1123083"},"modified":"2026-03-11T09:28:03","modified_gmt":"2026-03-11T09:28:03","slug":"incremento-de-precios-en-vuelos-de-larga-distancia-por-parte-de-aerolineas-en-las-islas-mientras-se-mantienen-las-tarifas-de-vuelos-internos","status":"publish","type":"post","link":"https:\/\/dimensionturistica.com\/es\/incremento-de-precios-en-vuelos-de-larga-distancia-por-parte-de-aerolineas-en-las-islas-mientras-se-mantienen-las-tarifas-de-vuelos-internos\/","title":{"rendered":"Incremento de precios en vuelos de larga distancia por parte de aerol\u00edneas en las islas, mientras se mantienen las tarifas de vuelos internos."},"content":{"rendered":"<h3>Nuevas Tarifas en el Horizonte: Lo Que Debes Saber Sobre los Vuelos Desde las Islas Baleares<\/h3>\n<p>El panorama del turismo en las Islas Baleares est\u00e1 experimentando cambios significativos que los viajeros deben tener en cuenta. Aunque las tarifas para vuelos dom\u00e9sticos siguen siendo accesibles, las aerol\u00edneas han comenzado a ajustar los precios en sus rutas de largo recorrido. Este reto puede influir tanto en el turismo local como en las decisiones de los viajeros que planean escapadas internacionales.<\/p>\n<h4>Ajustes en los Precios<\/h4>\n<p>El aumento de precios en las rutas de largo recorrido no es un fen\u00f3meno aislado. Responde a una serie de factores, incluyendo la recuperaci\u00f3n del sector tur\u00edstico tras la pandemia y la creciente demanda de viajes internacionales. Esto puede hacer que tus planes de viaje sean un poco m\u00e1s caros de lo que eran en temporadas anteriores, pero tambi\u00e9n implica una mayor oferta de destinos lejanos desde el archipi\u00e9lago balear.<\/p>\n<p>Por otro lado, las tarifas de los vuelos nacionales se mantienen estables, ofreciendo un alivio bienvenido para aquellos que prefieren explorar la diversidad cultural y natural de las islas. Este equilibrio en los precios significa que los residentes y turistas nacionales a\u00fan pueden disfrutar de lo mejor de Baleares sin romper el banco.<\/p>\n<h4>Impacto en el Turismo Internacional<\/h4>\n<p>El enfoque en aumentar las tarifas de las rutas internacionales podr\u00eda ser un indicador de que Baleares est\u00e1 intentando posicionarse como un destino de mayor calidad. A medida que el turismo evoluciona, las islas podr\u00edan adoptar un modelo m\u00e1s sostenible y exclusivo, priorizando el turismo consciente sobre las masas.<\/p>\n<p>Este cambio puede influir en la experiencia del viajero. Menos congesti\u00f3n en los aeropuertos, una atenci\u00f3n m\u00e1s personalizada en los servicios tur\u00edsticos y, en definitiva, una experiencia m\u00e1s placentera en general. Para aquellos que valoran la calidad sobre la cantidad, esto podr\u00eda ser una excelente noticia.<\/p>\n<h4>Estrategias para Viajar con Estilo<\/h4>\n<p>Para quienes buscan maximizar su experiencia sin comprometer el presupuesto, hay varias estrategias a considerar. Planificar con antelaci\u00f3n puede ser clave; muchas aerol\u00edneas ofrecen precios promocionales que, aunque m\u00e1s altos que en a\u00f1os anteriores, pueden resultar en una buena relaci\u00f3n calidad-precio si se reservan con suficiente tiempo.<\/p>\n<p>Adem\u00e1s, combinar vuelos dom\u00e9sticos con estancias prolongadas o paquetes tur\u00edsticos puede ser una forma eficaz de disfrutar de los encantos de las islas sin salir del presupuesto. Sin duda, descubrir las joyas ocultas de Mallorca, Menorca o Ibiza se vuelve un atractivo a\u00fan m\u00e1s significativo cuando el viaje se integra con experiencias locales ricas y aut\u00e9nticas.<\/p>\n<h4>Conclusi\u00f3n<\/h4>\n<p>El panorama de los vuelos desde las Islas Baleares est\u00e1 cambiando, y aunque los precios de las rutas internacionales puedan verse incrementados, hay numerosas oportunidades para disfrutar de este para\u00edso mediterr\u00e1neo sin comprometer la calidad de la experiencia. Con la estrategia adecuada, cada viajero puede vivir la esencia de las Baleares, ya sea a trav\u00e9s de rutas nacionales o exploraciones hacia lugares lejanos. As\u00ed que, prepara tus maletas y ajusta tus itinerarios: \u00a1las Islas Baleares siguen siendo un destino irresistible!<\/p>\n<p><em> &#8221; Sources cadenaser.com &#8221; <\/em><\/p>\n","protected":false},"excerpt":{"rendered":"<p>Nuevas Tarifas en el Horizonte: Lo Que Debes Saber Sobre los Vuelos Desde las Islas Baleares El panorama del turismo en las Islas Baleares est\u00e1 experimentando cambios significativos que los viajeros deben tener en cuenta. Aunque las tarifas para vuelos dom\u00e9sticos siguen siendo accesibles, las aerol\u00edneas han comenzado a ajustar los precios en sus rutas [&hellip;]<\/p>\n","protected":false},"author":4,"featured_media":1123084,"comment_status":"open","ping_status":"closed","sticky":false,"template":"","format":"standard","meta":{"om_disable_all_campaigns":false,"jnews-multi-image_gallery":[],"jnews_single_post":[],"jnews_primary_category":[],"jnews_social_meta":[],"footnotes":""},"categories":[40],"tags":[803,2677,176200,1620,3002,1907,4889,270795,12024],"class_list":["post-1123083","post","type-post","status-publish","format-standard","has-post-thumbnail","hentry","category-industria","tag-aerolineas","tag-islas","tag-largo-recorrido","tag-precios","tag-rutas","tag-sociedad","tag-tarifas","tag-vuelos-aviones","tag-vuelos-domesticos"],"_links":{"self":[{"href":"https:\/\/dimensionturistica.com\/es\/wp-json\/wp\/v2\/posts\/1123083","targetHints":{"allow":["GET"]}}],"collection":[{"href":"https:\/\/dimensionturistica.com\/es\/wp-json\/wp\/v2\/posts"}],"about":[{"href":"https:\/\/dimensionturistica.com\/es\/wp-json\/wp\/v2\/types\/post"}],"author":[{"embeddable":true,"href":"https:\/\/dimensionturistica.com\/es\/wp-json\/wp\/v2\/users\/4"}],"replies":[{"embeddable":true,"href":"https:\/\/dimensionturistica.com\/es\/wp-json\/wp\/v2\/comments?post=1123083"}],"version-history":[{"count":1,"href":"https:\/\/dimensionturistica.com\/es\/wp-json\/wp\/v2\/posts\/1123083\/revisions"}],"predecessor-version":[{"id":1123085,"href":"https:\/\/dimensionturistica.com\/es\/wp-json\/wp\/v2\/posts\/1123083\/revisions\/1123085"}],"wp:featuredmedia":[{"embeddable":true,"href":"https:\/\/dimensionturistica.com\/es\/wp-json\/wp\/v2\/media\/1123084"}],"wp:attachment":[{"href":"https:\/\/dimensionturistica.com\/es\/wp-json\/wp\/v2\/media?parent=1123083"}],"wp:term":[{"taxonomy":"category","embeddable":true,"href":"https:\/\/dimensionturistica.com\/es\/wp-json\/wp\/v2\/categories?post=1123083"},{"taxonomy":"post_tag","embeddable":true,"href":"https:\/\/dimensionturistica.com\/es\/wp-json\/wp\/v2\/tags?post=1123083"}],"curies":[{"name":"wp","href":"https:\/\/api.w.org\/{rel}","templated":true}]}}