{"id":1123012,"date":"2026-03-11T06:14:26","date_gmt":"2026-03-11T06:14:26","guid":{"rendered":"https:\/\/dimensionturistica.com\/es\/?p=1123012"},"modified":"2026-03-11T06:14:27","modified_gmt":"2026-03-11T06:14:27","slug":"fortalecen-la-colaboracion-turistica-de-gala-vallarta-riviera-nayarit-para-el-mundial-2026","status":"publish","type":"post","link":"https:\/\/dimensionturistica.com\/es\/fortalecen-la-colaboracion-turistica-de-gala-vallarta-riviera-nayarit-para-el-mundial-2026\/","title":{"rendered":"Fortalecen la colaboraci\u00f3n tur\u00edstica de Gala Vallarta-Riviera Nayarit para el Mundial 2026"},"content":{"rendered":"<h3>Festival de Turismo en la Riviera Nayarit: Hacia el Mundial 2026<\/h3>\n<p>La Riviera Nayarit, un para\u00edso costero en la costa del Pac\u00edfico mexicano, se prepara para recibir una oleada de visitantes internacionales con el inicio de una serie de eventos que fortalecer\u00e1n su presencia en el mundo tur\u00edstico. Este esfuerzo, anunciado en el festival Gala Vallarta-Riviera Nayarit, busca no solo realzar la belleza natural y cultural de esta regi\u00f3n, sino tambi\u00e9n posicionarla como un destino de primer nivel de cara al Mundial de F\u00fatbol 2026.<\/p>\n<h4>Un evento que celebra lo mejor de la regi\u00f3n<\/h4>\n<p>Gala Vallarta-Riviera Nayarit es m\u00e1s que un simple evento; es una vitrina que muestra la riqueza cultural, gastron\u00f3mica y tur\u00edstica de esta joya del oc\u00e9ano Pac\u00edfico. Durante tres d\u00edas, tanto locales como visitantes disfrutan de una programaci\u00f3n variada que incluye degustaciones de platillos t\u00edpicos, presentaciones art\u00edsticas y la oportunidad de conocer a los protagonistas del sector tur\u00edstico. Este tipo de festivales no solo atraen a turistas, sino que tambi\u00e9n fortalecen la identidad local y fomentan el orgullo comunitario.<\/p>\n<p>Un aspecto destacado del evento es el enfoque hacia una cooperaci\u00f3n m\u00e1s estrecha entre los distintos actores del sector. Empresarios, autoridades gubernamentales y prestadores de servicios tur\u00edsticos se sientan a la mesa para discutir estrategias y planes que impulsen el crecimiento sostenible de la regi\u00f3n. Esta colaboraci\u00f3n es vital, especialmente cuando se mira hacia el futuro con la llegada de un evento de la magnitud del Mundial.<\/p>\n<h4>La importancia del turismo en la regi\u00f3n<\/h4>\n<p>El turismo es el motor econ\u00f3mico de muchos pa\u00edses, y en M\u00e9xico, la Riviera Nayarit no es la excepci\u00f3n. Con sus impresionantes playas, exuberantes monta\u00f1as y una rica tradici\u00f3n cultural, esta regi\u00f3n atrae a millones de visitantes cada a\u00f1o. Sin embargo, la competencia entre destinos tur\u00edsticos es feroz. Por eso, impulsar la oferta tur\u00edstica con eventos de gran relevancia es esencial para garantizar que la Riviera Nayarit mantenga su lugar en el coraz\u00f3n de los viajeros.<\/p>\n<h4>Preparativos para el crecimiento<\/h4>\n<p>Con la vista fija en el Mundial 2026, los preparativos en t\u00e9rminos de infraestructura y servicios est\u00e1n en marcha. Se est\u00e1n realizando inversiones en hoteles, transporte y servicios de atenci\u00f3n al cliente para adaptarse a un turismo masivo. Este proceso no solo busca mejorar la experiencia del visitante, sino tambi\u00e9n garantizar que los beneficios de este crecimiento se distribuyan equitativamente entre la comunidad local.<\/p>\n<p>La creencia es que el Mundial no solo traer\u00e1 a miles de aficionados al f\u00fatbol, sino tambi\u00e9n a turismo de diferentes segmentos que buscar\u00e1n explorar lo que la Riviera Nayarit tiene para ofrecer. De esta manera, el festival se erige no solo como un evento aislado, sino como un componente clave en un plan estrat\u00e9gico a largo plazo.<\/p>\n<h4>Encuentro de culturas y sabores<\/h4>\n<p>Adem\u00e1s de actividades relacionadas con el turismo, el evento enfatiza la riqueza culinaria de la regi\u00f3n. La gastronom\u00eda se convierte en un puente cultural que une a M\u00e9xico con el resto del mundo, ofreciendo a los visitantes una experiencia sensorial \u00fanica. Desde los platillos tradicionales hasta innovaciones culinarias, la oferta es tan amplia como variada, lo que promete satisfacer los paladares m\u00e1s exigentes.<\/p>\n<h4>Conclusi\u00f3n<\/h4>\n<p>El festival Gala Vallarta-Riviera Nayarit no solo celebra el presente, sino que tambi\u00e9n mira al futuro con esperanza y determinaci\u00f3n. Al fortalecer alianzas y promover una cultura tur\u00edstica inclusiva, esta regi\u00f3n se prepara para recibir con los brazos abiertos a un mundo entero en el marco del Mundial 2026. La Riviera Nayarit est\u00e1 lista para mostrar su magia, su cultura y, sobre todo, su hospitalidad. Sin duda, es un destino que merece un lugar en el itinerario de cualquier viajero.<\/p>\n<p><em> &#8221; Sources www.cronica.com.mx &#8221; <\/em><\/p>\n","protected":false},"excerpt":{"rendered":"<p>Festival de Turismo en la Riviera Nayarit: Hacia el Mundial 2026 La Riviera Nayarit, un para\u00edso costero en la costa del Pac\u00edfico mexicano, se prepara para recibir una oleada de visitantes internacionales con el inicio de una serie de eventos que fortalecer\u00e1n su presencia en el mundo tur\u00edstico. Este esfuerzo, anunciado en el festival Gala [&hellip;]<\/p>\n","protected":false},"author":4,"featured_media":1123013,"comment_status":"open","ping_status":"closed","sticky":false,"template":"","format":"standard","meta":{"om_disable_all_campaigns":false,"jnews-multi-image_gallery":[],"jnews_single_post":[],"jnews_primary_category":[],"jnews_social_meta":[],"footnotes":""},"categories":[40],"tags":[38605,25759,270774,236345,769,26152,1752,544,2904],"class_list":["post-1123012","post","type-post","status-publish","format-standard","has-post-thumbnail","hentry","category-industria","tag-alianza-turistica","tag-gala","tag-gala-vallarta-rivera-nayarit","tag-jailsco","tag-mexico","tag-mundial-2026","tag-riviera-nayarit","tag-turismo","tag-vallarta"],"_links":{"self":[{"href":"https:\/\/dimensionturistica.com\/es\/wp-json\/wp\/v2\/posts\/1123012","targetHints":{"allow":["GET"]}}],"collection":[{"href":"https:\/\/dimensionturistica.com\/es\/wp-json\/wp\/v2\/posts"}],"about":[{"href":"https:\/\/dimensionturistica.com\/es\/wp-json\/wp\/v2\/types\/post"}],"author":[{"embeddable":true,"href":"https:\/\/dimensionturistica.com\/es\/wp-json\/wp\/v2\/users\/4"}],"replies":[{"embeddable":true,"href":"https:\/\/dimensionturistica.com\/es\/wp-json\/wp\/v2\/comments?post=1123012"}],"version-history":[{"count":1,"href":"https:\/\/dimensionturistica.com\/es\/wp-json\/wp\/v2\/posts\/1123012\/revisions"}],"predecessor-version":[{"id":1123014,"href":"https:\/\/dimensionturistica.com\/es\/wp-json\/wp\/v2\/posts\/1123012\/revisions\/1123014"}],"wp:featuredmedia":[{"embeddable":true,"href":"https:\/\/dimensionturistica.com\/es\/wp-json\/wp\/v2\/media\/1123013"}],"wp:attachment":[{"href":"https:\/\/dimensionturistica.com\/es\/wp-json\/wp\/v2\/media?parent=1123012"}],"wp:term":[{"taxonomy":"category","embeddable":true,"href":"https:\/\/dimensionturistica.com\/es\/wp-json\/wp\/v2\/categories?post=1123012"},{"taxonomy":"post_tag","embeddable":true,"href":"https:\/\/dimensionturistica.com\/es\/wp-json\/wp\/v2\/tags?post=1123012"}],"curies":[{"name":"wp","href":"https:\/\/api.w.org\/{rel}","templated":true}]}}