{"id":1122932,"date":"2026-03-11T01:37:35","date_gmt":"2026-03-11T01:37:35","guid":{"rendered":"https:\/\/dimensionturistica.com\/es\/?p=1122932"},"modified":"2026-03-11T01:37:35","modified_gmt":"2026-03-11T01:37:35","slug":"esta-cena-iftar-en-nueva-york-presento-pastel-de-flor-de-naranjo-e-inspiracion-creativa","status":"publish","type":"post","link":"https:\/\/dimensionturistica.com\/es\/esta-cena-iftar-en-nueva-york-presento-pastel-de-flor-de-naranjo-e-inspiracion-creativa\/","title":{"rendered":"Esta Cena Iftar en Nueva York Present\u00f3 Pastel de Flor de Naranjo e Inspiraci\u00f3n Creativa"},"content":{"rendered":"<h3>El Iftar: Una Experiencia Sensorial en Nueva York<\/h3>\n<p>En el vibrante coraz\u00f3n de Nueva York, la celebraci\u00f3n del Iftar se transforma en un fascinante evento que combina la gastronom\u00eda, la cultura y la moda. Este a\u00f1o, el Iftar ha tomado una nueva dimensi\u00f3n gracias a la iniciativa de destacadas figuras de la comunidad musulmana, quienes han logrado transformar una simple cena en un aut\u00e9ntico festival de experiencias sensoriales.<\/p>\n<h4>Un Fest\u00edn Visual y Gastron\u00f3mico<\/h4>\n<p>La cena del Iftar, que marca el final del ayuno diario durante el mes sagrado de Ramad\u00e1n, no se limita solo a la comida; es una oportunidad para reunir a amigos y familiares en torno a una mesa llena de color y sabor. Desde platos tradicionales musulmanes como el biryani y los kebabs hasta versiones innovadoras que reflejan la rica diversidad culinaria de Nueva York, cada elemento de la cena cuenta una historia. Los invitados son testigos de un banquete que estimula no solo el paladar, sino tambi\u00e9n la vista, con presentaciones art\u00edsticas y decoraciones que resaltan la herencia cultural de sus anfitriones.<\/p>\n<h4>Moda y Tradici\u00f3n: Un Encuentro Armonioso<\/h4>\n<p>El Iftar tambi\u00e9n se convierte en una pasarela de estilos, donde la moda juega un papel clave. Las convidadas lucen elegantes trajes que fusionan las tendencias contempor\u00e1neas con elementos tradicionales. Este intercambio est\u00e9tico resalta c\u00f3mo la vestimenta puede ser un veh\u00edculo de expresi\u00f3n cultural y una declaraci\u00f3n de identidad. Diversas marcas de moda han comenzado a reconocer la riqueza de este campo, creando colecciones que celebran las ra\u00edces culturales mientras se adaptan al pulso urbano de la ciudad.<\/p>\n<h4>Espacios que Cuentan Historias<\/h4>\n<p>La elecci\u00f3n del lugar para llevar a cabo estas cenas es fundamental. Espacios cuidadosamente seleccionados, desde elegantes salones hasta acogedoras azoteas, son transformados para reflejar la calidez del Iftar. La ambientaci\u00f3n, con luces suaves y m\u00fasica en vivo, crea un entorno propicio para la interacci\u00f3n y el compartir. Aqu\u00ed, cada rinc\u00f3n invita a la conversaci\u00f3n, fomentando un sentido de comunidad y pertenencia entre los asistentes.<\/p>\n<h4>Un Mensaje de Inclusividad<\/h4>\n<p>M\u00e1s all\u00e1 de la experiencia culinaria y est\u00e9tica, el Iftar en Nueva York tambi\u00e9n se presenta como una plataforma para la inclusi\u00f3n y el di\u00e1logo intercultural. Al abrir las puertas a personas de diversas or\u00edgenes, se fomenta un ambiente de respeto y entendimiento. Las conversaciones se entrelazan con risas y an\u00e9cdotas, creando lazos que trascienden diferencias.<\/p>\n<h4>La Importancia del Mensaje<\/h4>\n<p>Este evento no solo es un reflejo del esp\u00edritu de la comunidad musulmana, sino que se alinea con el creciente inter\u00e9s por las tradiciones multiculturales en una ciudad que se nutre de su diversidad. El Iftar en Nueva York se erige como un poderoso recordatorio de que la moda y la comida tienen el poder de unir a las personas, promoviendo el respeto y la celebraci\u00f3n de la diversidad cultural.<\/p>\n<p>En un mundo donde las diferencias a menudo pueden parecer abrumadoras, celebraciones como el Iftar sirven como baluartes de unidad, record\u00e1ndonos que hay belleza en la diversidad y que, sin importar las creencias, todos podemos disfrutar de una buena comida en buena compa\u00f1\u00eda.<\/p>\n<p><em> &#8221; Fuentes www.vogue.com &#8221; <\/em><\/p>\n","protected":false},"excerpt":{"rendered":"<p>El Iftar: Una Experiencia Sensorial en Nueva York En el vibrante coraz\u00f3n de Nueva York, la celebraci\u00f3n del Iftar se transforma en un fascinante evento que combina la gastronom\u00eda, la cultura y la moda. Este a\u00f1o, el Iftar ha tomado una nueva dimensi\u00f3n gracias a la iniciativa de destacadas figuras de la comunidad musulmana, quienes [&hellip;]<\/p>\n","protected":false},"author":14,"featured_media":1122933,"comment_status":"open","ping_status":"closed","sticky":false,"template":"","format":"standard","meta":{"om_disable_all_campaigns":false,"jnews-multi-image_gallery":[],"jnews_single_post":[],"jnews_primary_category":[],"jnews_social_meta":[],"footnotes":""},"categories":[144872],"tags":[270749,161189,193,125936,68660,129206,355,149880,92771,270748,148848],"class_list":["post-1122932","post","type-post","status-publish","format-standard","has-post-thumbnail","hentry","category-fashion","tag-creative-inspiration","tag-culinary-experience","tag-culture","tag-desserts","tag-dinner","tag-dinner-party","tag-food","tag-iftar","tag-new-york-city","tag-orange-blossom-cake","tag-ramadan"],"_links":{"self":[{"href":"https:\/\/dimensionturistica.com\/es\/wp-json\/wp\/v2\/posts\/1122932","targetHints":{"allow":["GET"]}}],"collection":[{"href":"https:\/\/dimensionturistica.com\/es\/wp-json\/wp\/v2\/posts"}],"about":[{"href":"https:\/\/dimensionturistica.com\/es\/wp-json\/wp\/v2\/types\/post"}],"author":[{"embeddable":true,"href":"https:\/\/dimensionturistica.com\/es\/wp-json\/wp\/v2\/users\/14"}],"replies":[{"embeddable":true,"href":"https:\/\/dimensionturistica.com\/es\/wp-json\/wp\/v2\/comments?post=1122932"}],"version-history":[{"count":1,"href":"https:\/\/dimensionturistica.com\/es\/wp-json\/wp\/v2\/posts\/1122932\/revisions"}],"predecessor-version":[{"id":1122934,"href":"https:\/\/dimensionturistica.com\/es\/wp-json\/wp\/v2\/posts\/1122932\/revisions\/1122934"}],"wp:featuredmedia":[{"embeddable":true,"href":"https:\/\/dimensionturistica.com\/es\/wp-json\/wp\/v2\/media\/1122933"}],"wp:attachment":[{"href":"https:\/\/dimensionturistica.com\/es\/wp-json\/wp\/v2\/media?parent=1122932"}],"wp:term":[{"taxonomy":"category","embeddable":true,"href":"https:\/\/dimensionturistica.com\/es\/wp-json\/wp\/v2\/categories?post=1122932"},{"taxonomy":"post_tag","embeddable":true,"href":"https:\/\/dimensionturistica.com\/es\/wp-json\/wp\/v2\/tags?post=1122932"}],"curies":[{"name":"wp","href":"https:\/\/api.w.org\/{rel}","templated":true}]}}