{"id":1122870,"date":"2026-03-10T21:17:49","date_gmt":"2026-03-10T21:17:49","guid":{"rendered":"https:\/\/dimensionturistica.com\/es\/?p=1122870"},"modified":"2026-03-10T21:17:49","modified_gmt":"2026-03-10T21:17:49","slug":"explorando-un-refugio-la-nueva-novela-whidbey-y-la-busqueda-de-un-espacio-seguro","status":"publish","type":"post","link":"https:\/\/dimensionturistica.com\/es\/explorando-un-refugio-la-nueva-novela-whidbey-y-la-busqueda-de-un-espacio-seguro\/","title":{"rendered":"Explorando un Refugio: La Nueva Novela &#8216;Whidbey&#8217; y la B\u00fasqueda de un Espacio Seguro"},"content":{"rendered":"<p><strong>La Revoluci\u00f3n del Estilo: Una Visi\u00f3n Estrat\u00e9gica de la Moda Contempor\u00e1nea<\/strong><\/p>\n<p>En un mundo donde la moda no solo se vive, sino que se respira, surge una figura que desaf\u00eda las normas preconcebidas: la narrativa de una marca personal que se entrelaza con la exploraci\u00f3n del yo. Este enfoque contempor\u00e1neo invita a una reflexi\u00f3n sobre el significado de la identidad en el vestuario cotidiano.<\/p>\n<p>La intersecci\u00f3n entre estilo y autenticidad se ha convertido en el tema central del discurso de la moda actual. M\u00e1s all\u00e1 de la mera est\u00e9tica, el vestuario se transforma en una extensi\u00f3n del ser; cada prenda se convierte en un s\u00edmbolo de la experiencia vivida. En este contexto, el arte de la narraci\u00f3n se presenta como un veh\u00edculo poderoso que invita a explorar historias ocultas detr\u00e1s de cada elecci\u00f3n de moda.<\/p>\n<p>Las influencias del entorno juegan un papel crucial. Un paisaje en constante cambio, marcado por tendencias r\u00e1pidas y la inmediatez de las redes sociales, ha dado paso a una nueva conciencia sobre la sostenibilidad y la \u00e9tica en la moda. La existencia de m\u00faltiples plataformas de expresi\u00f3n ha capacitado a la nueva generaci\u00f3n de creadores y consumidores a cuestionar, innovar y redefinir lo que significa \u201cvestir bien\u201d. Esta reinvenci\u00f3n encarna un llamado a la acci\u00f3n: un deseo de volver a lo esencial, donde la calidad y la procedencia de cada prenda son tan importantes como su apariencia.<\/p>\n<p>El di\u00e1logo entre el pasado y el presente se traduce en estilos que resuenan con nostalgia y al mismo tiempo deslumbran con modernidad. La moda se aleja de las tendencias transitorias y busca una conexi\u00f3n emocional, una historia que contar. La incorporaci\u00f3n de elementos vintage, tejidos artesanales y un enfoque en la individualidad marcan el camino hacia una cultura de la moda m\u00e1s consciente y comprometida.<\/p>\n<p>Las colisiones entre el arte, la cultura y la moda generan un entorno f\u00e9rtil para el surgimiento de nuevas voces. Los creativos de hoy no solo son dise\u00f1adores, sino tambi\u00e9n contadores de historias, utilizando sus plataformas para avanzar en conversaciones significativas sobre diversidad, inclusi\u00f3n y visibilidad. En este nuevo escenario, la moda se convierte en una herramienta para empoderar comunidades, redefiniendo el concepto de belleza en su forma m\u00e1s aut\u00e9ntica.<\/p>\n<p>El camino hacia una moda m\u00e1s inclusiva y consciente est\u00e1 lejos de ser un destino final, sino m\u00e1s bien un viaje continuo. La creatividad y la innovaci\u00f3n son los cimientos sobre los cuales se construye esta nueva narrativa, donde cada individuo es un actor clave en la evoluci\u00f3n de la industria. Este es el momento de involucrarse, de ser parte activa de un cambio que trasciende el simple acto de vestirse.<\/p>\n<p>La moda contempor\u00e1nea es un lienzo en blanco que invita a la experimentaci\u00f3n, a la ruptura de convenciones y a la celebraci\u00f3n de la diversidad. La invitaci\u00f3n est\u00e1 abierta: es hora de explorar, conectar y, sobre todo, celebrar la individualidad a trav\u00e9s de cada elecci\u00f3n de estilo. La industria de la moda se encuentra en la c\u00faspide de una revoluci\u00f3n; cada prenda, cada color y cada textura son gritos de autenticidad que resuenan en un mundo que anhela ser escuchado.<\/p>\n<p><em> &#8221; Fuentes www.vogue.com &#8221; <\/em><\/p>\n","protected":false},"excerpt":{"rendered":"<p>La Revoluci\u00f3n del Estilo: Una Visi\u00f3n Estrat\u00e9gica de la Moda Contempor\u00e1nea En un mundo donde la moda no solo se vive, sino que se respira, surge una figura que desaf\u00eda las normas preconcebidas: la narrativa de una marca personal que se entrelaza con la exploraci\u00f3n del yo. Este enfoque contempor\u00e1neo invita a una reflexi\u00f3n sobre [&hellip;]<\/p>\n","protected":false},"author":14,"featured_media":1122871,"comment_status":"open","ping_status":"closed","sticky":false,"template":"","format":"standard","meta":{"om_disable_all_campaigns":false,"jnews-multi-image_gallery":[],"jnews_single_post":[],"jnews_primary_category":[],"jnews_social_meta":[],"footnotes":""},"categories":[144872],"tags":[182,182826,69441,95249,225965,126592,80043,251891,142911,25016,217323,270712,373,270713,82122],"class_list":["post-1122870","post","type-post","status-publish","format-standard","has-post-thumbnail","hentry","category-fashion","tag-books","tag-contemporary-fiction","tag-exploration","tag-identity","tag-literary","tag-novel","tag-personal-experience","tag-safe-space","tag-splitscreenimageleftinset","tag-storytelling","tag-storytypeinterview","tag-t-kira-madden","tag-web","tag-whidbey","tag-writing"],"_links":{"self":[{"href":"https:\/\/dimensionturistica.com\/es\/wp-json\/wp\/v2\/posts\/1122870","targetHints":{"allow":["GET"]}}],"collection":[{"href":"https:\/\/dimensionturistica.com\/es\/wp-json\/wp\/v2\/posts"}],"about":[{"href":"https:\/\/dimensionturistica.com\/es\/wp-json\/wp\/v2\/types\/post"}],"author":[{"embeddable":true,"href":"https:\/\/dimensionturistica.com\/es\/wp-json\/wp\/v2\/users\/14"}],"replies":[{"embeddable":true,"href":"https:\/\/dimensionturistica.com\/es\/wp-json\/wp\/v2\/comments?post=1122870"}],"version-history":[{"count":1,"href":"https:\/\/dimensionturistica.com\/es\/wp-json\/wp\/v2\/posts\/1122870\/revisions"}],"predecessor-version":[{"id":1122872,"href":"https:\/\/dimensionturistica.com\/es\/wp-json\/wp\/v2\/posts\/1122870\/revisions\/1122872"}],"wp:featuredmedia":[{"embeddable":true,"href":"https:\/\/dimensionturistica.com\/es\/wp-json\/wp\/v2\/media\/1122871"}],"wp:attachment":[{"href":"https:\/\/dimensionturistica.com\/es\/wp-json\/wp\/v2\/media?parent=1122870"}],"wp:term":[{"taxonomy":"category","embeddable":true,"href":"https:\/\/dimensionturistica.com\/es\/wp-json\/wp\/v2\/categories?post=1122870"},{"taxonomy":"post_tag","embeddable":true,"href":"https:\/\/dimensionturistica.com\/es\/wp-json\/wp\/v2\/tags?post=1122870"}],"curies":[{"name":"wp","href":"https:\/\/api.w.org\/{rel}","templated":true}]}}