{"id":1122852,"date":"2026-03-10T20:22:43","date_gmt":"2026-03-10T20:22:43","guid":{"rendered":"https:\/\/dimensionturistica.com\/es\/?p=1122852"},"modified":"2026-03-10T20:22:43","modified_gmt":"2026-03-10T20:22:43","slug":"coleccion-otono-invierno-2026-pret-a-porter-de-melitta-baumeister","status":"publish","type":"post","link":"https:\/\/dimensionturistica.com\/es\/coleccion-otono-invierno-2026-pret-a-porter-de-melitta-baumeister\/","title":{"rendered":"Colecci\u00f3n Oto\u00f1o-Invierno 2026: Pr\u00eat-\u00e0-Porter de Melitta Baumeister"},"content":{"rendered":"<p><strong>La Revoluci\u00f3n Textil de Melitta Baumeister: Caos y Equilibrio en la Pasarela Oto\u00f1o-Invierno 2026<\/strong><\/p>\n<p>La pasarela de Oto\u00f1o-Inverno 2026 ha presenciado un espect\u00e1culo de innovaci\u00f3n y audacia que redefine los l\u00edmites de la moda contempor\u00e1nea. La dise\u00f1adora Melitta Baumeister ha presentado una colecci\u00f3n que no solo destaca por su est\u00e9tica, sino que tambi\u00e9n plantea preguntas sobre la funci\u00f3n y el significado del vestuario en la sociedad actual.<\/p>\n<h3>Un Viaje por el Caos Controlado<\/h3>\n<p>En su \u00faltima colecci\u00f3n, Baumeister nos lleva en un viaje visual provoca la reflexi\u00f3n. Las prendas, que transitan entre la escultura y el vestuario convencional, presentan una mezcla ecl\u00e9ctica que desaf\u00eda las normas establecidas. Con un enfoque en la desconstrucci\u00f3n, las siluetas se presentan desestructuradas, introduciendo un nuevo lenguaje que combina elementos de interpretaci\u00f3n y expresi\u00f3n individual.<\/p>\n<h3>Texturas que Hablan<\/h3>\n<p>La elecci\u00f3n de materiales es otro de los puntos altos de esta colecci\u00f3n. Desde tejidos inesperados hasta capas de texturas que invitan al tacto, cada prenda cuenta una historia. Las telas se superponen creando un di\u00e1logo entre lo suave y lo \u00e1spero, lo que se traduce en una experiencia visual y sensorial fascinante. Esta combinaci\u00f3n revela el dominio de Baumeister sobre la artesan\u00eda y su capacidad para transformarla en un medio de comunicaci\u00f3n.<\/p>\n<h3>Paleta de Colores: Un Contraste Dram\u00e1tico<\/h3>\n<p>La paleta de colores empleada es igualmente impactante. Los tonos opacos se combinan con acentos vibrantes, creando un contraste que captura la atenci\u00f3n de manera inmediata. Este uso del color no solo resalta las formas, sino que tambi\u00e9n evoca una sensaci\u00f3n de movimiento y dinamismo, reforzando la idea de que la moda es, ante todo, una manifestaci\u00f3n en constante cambio.<\/p>\n<h3>Accesorios como Protagonistas<\/h3>\n<p>Los accesorios, cuidadosamente elaborados, emergen como piezas clave en este conjunto. Con dise\u00f1os que desaf\u00edan la ortodoxia, los complementos son un testimonio del enfoque disruptivo de Baumeister. Lentes de sol geom\u00e9tricas y calzado artesanal se convierten en elementos que complementan y, a veces, contradicen las vestimentas, generando un efecto visual extraordinario.<\/p>\n<h3>Una Reflexi\u00f3n sobre la Sostenibilidad<\/h3>\n<p>En un contexto donde la sostenibilidad se vuelve esencial, la dise\u00f1adora hace eco de esta necesidad con un enfoque consciente hacia la producci\u00f3n. Utilizando m\u00e9todos innovadores y materiales reciclados, Baumeister no solo crea piezas atemporales, sino que tambi\u00e9n lanza un mensaje claro sobre la responsabilidad que tienen los creadores dentro de la industria.<\/p>\n<h3>Conclusiones de un Relato Visual<\/h3>\n<p>La colecci\u00f3n de Melitta Baumeister en Oto\u00f1o-Invierno 2026 es m\u00e1s que un desfile; es una invitaci\u00f3n a repensar el papel que juega la moda en nuestras vidas. A trav\u00e9s de un derroche de creatividad y audacia, la dise\u00f1adora nos desaf\u00eda a abrazar el caos y a encontrar el equilibrio en un mundo donde todo parece estar en constante cambio. Cada prenda es una declaraci\u00f3n, un paso hacia una nueva era de experiencias fashionistas que no solo visten, sino que tambi\u00e9n comunican. <\/p>\n<p>Con todo esto, queda claro que el futuro de la moda est\u00e1 en manos de visionarios audaces como Melitta Baumeister, que contin\u00faan empujando los l\u00edmites con cada nueva colecci\u00f3n. Sin duda, un espect\u00e1culo que deja huella y que invita a reflexionar sobre nuestro propio armario y el impacto que puede tener en el mundo que nos rodea.<\/p>\n<p><em> &#8221; Fuentes www.vogue.com &#8221; <\/em><\/p>\n","protected":false},"excerpt":{"rendered":"<p>La Revoluci\u00f3n Textil de Melitta Baumeister: Caos y Equilibrio en la Pasarela Oto\u00f1o-Invierno 2026 La pasarela de Oto\u00f1o-Inverno 2026 ha presenciado un espect\u00e1culo de innovaci\u00f3n y audacia que redefine los l\u00edmites de la moda contempor\u00e1nea. La dise\u00f1adora Melitta Baumeister ha presentado una colecci\u00f3n que no solo destaca por su est\u00e9tica, sino que tambi\u00e9n plantea preguntas [&hellip;]<\/p>\n","protected":false},"author":14,"featured_media":1122853,"comment_status":"open","ping_status":"closed","sticky":false,"template":"","format":"standard","meta":{"om_disable_all_campaigns":false,"jnews-multi-image_gallery":[],"jnews_single_post":[],"jnews_primary_category":[],"jnews_social_meta":[],"footnotes":""},"categories":[144872],"tags":[89166,253544,263769,202046,127523,192704,213374,160469,94447,200339,202050,200418,27055,202048],"class_list":["post-1122852","post","type-post","status-publish","format-standard","has-post-thumbnail","hentry","category-fashion","tag-designer","tag-fall-2026","tag-fall-2026-ready-to-wear","tag-fashion-collection","tag-fashion-industry","tag-haute-couture","tag-melitta-baumeister","tag-ready-to-wear","tag-runway","tag-runway_review","tag-seasonal-collection","tag-style-trends","tag-textiles","tag-womenswear"],"_links":{"self":[{"href":"https:\/\/dimensionturistica.com\/es\/wp-json\/wp\/v2\/posts\/1122852","targetHints":{"allow":["GET"]}}],"collection":[{"href":"https:\/\/dimensionturistica.com\/es\/wp-json\/wp\/v2\/posts"}],"about":[{"href":"https:\/\/dimensionturistica.com\/es\/wp-json\/wp\/v2\/types\/post"}],"author":[{"embeddable":true,"href":"https:\/\/dimensionturistica.com\/es\/wp-json\/wp\/v2\/users\/14"}],"replies":[{"embeddable":true,"href":"https:\/\/dimensionturistica.com\/es\/wp-json\/wp\/v2\/comments?post=1122852"}],"version-history":[{"count":1,"href":"https:\/\/dimensionturistica.com\/es\/wp-json\/wp\/v2\/posts\/1122852\/revisions"}],"predecessor-version":[{"id":1122854,"href":"https:\/\/dimensionturistica.com\/es\/wp-json\/wp\/v2\/posts\/1122852\/revisions\/1122854"}],"wp:featuredmedia":[{"embeddable":true,"href":"https:\/\/dimensionturistica.com\/es\/wp-json\/wp\/v2\/media\/1122853"}],"wp:attachment":[{"href":"https:\/\/dimensionturistica.com\/es\/wp-json\/wp\/v2\/media?parent=1122852"}],"wp:term":[{"taxonomy":"category","embeddable":true,"href":"https:\/\/dimensionturistica.com\/es\/wp-json\/wp\/v2\/categories?post=1122852"},{"taxonomy":"post_tag","embeddable":true,"href":"https:\/\/dimensionturistica.com\/es\/wp-json\/wp\/v2\/tags?post=1122852"}],"curies":[{"name":"wp","href":"https:\/\/api.w.org\/{rel}","templated":true}]}}