{"id":1122809,"date":"2026-03-10T17:32:33","date_gmt":"2026-03-10T17:32:33","guid":{"rendered":"https:\/\/dimensionturistica.com\/es\/?p=1122809"},"modified":"2026-03-10T17:32:33","modified_gmt":"2026-03-10T17:32:33","slug":"prohens-se-reunira-este-miercoles-con-el-lider-de-la-asociacion-de-agencias-de-viajes-de-baleares","status":"publish","type":"post","link":"https:\/\/dimensionturistica.com\/es\/prohens-se-reunira-este-miercoles-con-el-lider-de-la-asociacion-de-agencias-de-viajes-de-baleares\/","title":{"rendered":"Prohens se reunir\u00e1 este mi\u00e9rcoles con el l\u00edder de la asociaci\u00f3n de agencias de viajes de Baleares."},"content":{"rendered":"<h3>Balears: El Futuro del Turismo en Manos de la Colaboraci\u00f3n<\/h3>\n<p>Las Islas Baleares, conocidas por sus impresionantes paisajes, playas de ensue\u00f1o y rica cultura, ahora se encuentran en un momento crucial para el futuro del turismo en la regi\u00f3n. La presidenta del Govern balear, Mabel Prohens, ha decidido abrir las puertas a un di\u00e1logo significativo con las agencias de viajes locales en un esfuerzo por revitalizar y reestructurar el sector.<\/p>\n<p>Este encuentro, programado para el pr\u00f3ximo mi\u00e9rcoles, marca un paso fundamental hacia una colaboraci\u00f3n m\u00e1s estrecha entre el gobierno y los profesionales del turismo. La importancia de este evento radica en la necesidad de adaptar la oferta tur\u00edstica a las cambiantes demandas del mercado, especialmente tras los desaf\u00edos que ha enfrentado la industria en los \u00faltimos a\u00f1os.<\/p>\n<p>Las agencias de viajes son un pilar esencial en la promoci\u00f3n y gesti\u00f3n del turismo en las Baleares. Su conocimiento del mercado, as\u00ed como su capacidad para conectar a turistas con experiencias \u00fanicas, las convierte en aliadas indispensables en la redefinici\u00f3n de la oferta tur\u00edstica de la regi\u00f3n. Prohens ha anunciado su inter\u00e9s por escuchar las inquietudes y propuestas de estos profesionales, un gesto que muestra su disposici\u00f3n a trabajar en conjunto hacia un futuro sostenible y pr\u00f3spero.<\/p>\n<p>La iniciativa busca no solo revitalizar la actividad econ\u00f3mica, sino tambi\u00e9n garantizar una experiencia tur\u00edstica que respete la identidad y el entorno natural de las islas. En un contexto donde la sostenibilidad se torna cada vez m\u00e1s crucial, el compromiso de los actores involucrados es vital para preservar la belleza que atrae a millones de visitantes cada a\u00f1o.<\/p>\n<p>La reuni\u00f3n podr\u00eda ser el inicio de una serie de estrategias innovadoras que aborden temas variopintos como el turismo responsable, la mejora de la infraestructura, la promoci\u00f3n de modalidades tur\u00edsticas menos saturadas y la integraci\u00f3n de la cultura local en las ofertas. A trav\u00e9s del trabajo conjunto, Balears tiene la oportunidad de posicionarse como un destino que no solo sea bello, sino tambi\u00e9n ejemplar en t\u00e9rminos de sostenibilidad y respeto por sus propias ra\u00edces.<\/p>\n<p>Adem\u00e1s, al dar voz a las agencias locales, el Govern facilita la creaci\u00f3n de un ambiente colaborativo donde se pueden compartir ideas frescas y soluciones efectivas. Este tipo de di\u00e1logo no solamente ayuda a identificar problemas, sino que tambi\u00e9n fomenta la creatividad necesaria para implementar cambios que puedan atraer a un p\u00fablico m\u00e1s amplio y diverso.<\/p>\n<p>A medida que nos acercamos a la reuni\u00f3n, el inter\u00e9s y la expectaci\u00f3n aumentan entre los actores del sector y los amantes de las Baleares. El futuro del turismo en las islas depender\u00e1 de la capacidad de colaboraci\u00f3n y la voluntad de innovar, asegurando que las Baleares sigan siendo un destino atractivo, accesible y memorable para todos.<\/p>\n<p>Sin duda, los pr\u00f3ximos d\u00edas ser\u00e1n cruciales para establecer las bases de una nueva era en el turismo balear, donde todos, desde el gobierno hasta las agencias de viajes y la comunidad local, trabajen unidos por un sue\u00f1o compartido: un turismo sostenible, inclusivo y de calidad.<\/p>\n<p><em> &#8221; Sources www.europapress.es &#8221; <\/em><\/p>\n","protected":false},"excerpt":{"rendered":"<p>Balears: El Futuro del Turismo en Manos de la Colaboraci\u00f3n Las Islas Baleares, conocidas por sus impresionantes paisajes, playas de ensue\u00f1o y rica cultura, ahora se encuentran en un momento crucial para el futuro del turismo en la regi\u00f3n. La presidenta del Govern balear, Mabel Prohens, ha decidido abrir las puertas a un di\u00e1logo significativo [&hellip;]<\/p>\n","protected":false},"author":4,"featured_media":1122810,"comment_status":"open","ping_status":"closed","sticky":false,"template":"","format":"standard","meta":{"om_disable_all_campaigns":false,"jnews-multi-image_gallery":[],"jnews_single_post":[],"jnews_primary_category":[],"jnews_social_meta":[],"footnotes":""},"categories":[40],"tags":[569,2657,53941,1771,8401,2234,87213],"class_list":["post-1122809","post","type-post","status-publish","format-standard","has-post-thumbnail","hentry","category-industria","tag-agencias-de-viajes","tag-asociacion","tag-audiencia","tag-baleares","tag-miercoles","tag-presidente","tag-prohens"],"_links":{"self":[{"href":"https:\/\/dimensionturistica.com\/es\/wp-json\/wp\/v2\/posts\/1122809","targetHints":{"allow":["GET"]}}],"collection":[{"href":"https:\/\/dimensionturistica.com\/es\/wp-json\/wp\/v2\/posts"}],"about":[{"href":"https:\/\/dimensionturistica.com\/es\/wp-json\/wp\/v2\/types\/post"}],"author":[{"embeddable":true,"href":"https:\/\/dimensionturistica.com\/es\/wp-json\/wp\/v2\/users\/4"}],"replies":[{"embeddable":true,"href":"https:\/\/dimensionturistica.com\/es\/wp-json\/wp\/v2\/comments?post=1122809"}],"version-history":[{"count":1,"href":"https:\/\/dimensionturistica.com\/es\/wp-json\/wp\/v2\/posts\/1122809\/revisions"}],"predecessor-version":[{"id":1122811,"href":"https:\/\/dimensionturistica.com\/es\/wp-json\/wp\/v2\/posts\/1122809\/revisions\/1122811"}],"wp:featuredmedia":[{"embeddable":true,"href":"https:\/\/dimensionturistica.com\/es\/wp-json\/wp\/v2\/media\/1122810"}],"wp:attachment":[{"href":"https:\/\/dimensionturistica.com\/es\/wp-json\/wp\/v2\/media?parent=1122809"}],"wp:term":[{"taxonomy":"category","embeddable":true,"href":"https:\/\/dimensionturistica.com\/es\/wp-json\/wp\/v2\/categories?post=1122809"},{"taxonomy":"post_tag","embeddable":true,"href":"https:\/\/dimensionturistica.com\/es\/wp-json\/wp\/v2\/tags?post=1122809"}],"curies":[{"name":"wp","href":"https:\/\/api.w.org\/{rel}","templated":true}]}}