{"id":1122781,"date":"2026-03-10T16:08:43","date_gmt":"2026-03-10T16:08:43","guid":{"rendered":"https:\/\/dimensionturistica.com\/es\/?p=1122781"},"modified":"2026-03-10T16:08:43","modified_gmt":"2026-03-10T16:08:43","slug":"transformaciones-demograficas-hacia-sudamerica-el-caribe-y-regiones-de-africa-como-cabo-verde-o-senegal","status":"publish","type":"post","link":"https:\/\/dimensionturistica.com\/es\/transformaciones-demograficas-hacia-sudamerica-el-caribe-y-regiones-de-africa-como-cabo-verde-o-senegal\/","title":{"rendered":"Transformaciones demogr\u00e1ficas hacia Sudam\u00e9rica, el Caribe y regiones de \u00c1frica como Cabo Verde o Senegal"},"content":{"rendered":"<h3>La Revoluci\u00f3n del Turismo: C\u00f3mo un Conflicto Internacional Transform\u00f3 las Vacaciones de los Coru\u00f1eses<\/h3>\n<p>En un mundo cada vez m\u00e1s interconectado, los conflictos internacionales pueden tener repercusiones inesperadas en los h\u00e1bitos de viaje de las personas. Este fen\u00f3meno se ha hecho evidente en La Coru\u00f1a, donde los ciudadanos han experimentado un cambio significativo en sus destinos tur\u00edsticos preferidos debido a la inestabilidad en lugares del Medio Oriente, incluido Ir\u00e1n.<\/p>\n<h4>El Impacto de un Conflicto Lejano<\/h4>\n<p>La actual situaci\u00f3n de tensi\u00f3n en Ir\u00e1n ha llevado a muchos coru\u00f1eses a replantearse sus vacaciones. Tradicionalmente, el Medio Oriente ha atra\u00eddo a viajeros en busca de aventura, cultura y una rica historia. Sin embargo, ante la incertidumbre y el riesgo, muchos han empezado a buscar alternativas m\u00e1s seguras. <\/p>\n<p>Los destinos que antes eran opciones populares ahora se ven eclipsados por lugares que ofrecen un ambiente relajado y seguro, como algunos rincones de Europa o regiones m\u00e1s tranquilas del continente africano. Esta adaptaci\u00f3n es un claro reflejo de la capacidad de los viajeros para encontrar nuevos horizontes incluso en momentos de adversidad.<\/p>\n<h4>La Nueva Oferta Tur\u00edstica<\/h4>\n<p>Ante este cambio en la demanda, las agencias de viajes en La Coru\u00f1a han tenido que innovar. La adaptaci\u00f3n se manifiesta no solo en los itinerarios, sino tambi\u00e9n en la creaci\u00f3n de paquetes atractivos que hagan frente a la fuga de viajeros. Las islas griegas, las costas de Italia y los paisajes rurales de Francia han cobrado protagonismo, convirti\u00e9ndose en alternativas ideales para quienes buscan disfrutar del verano con tranquilidad.<\/p>\n<p>Adicionalmente, los eventos culturales y festivales que antes pasaban desapercibidos est\u00e1n ganando popularidad. La historia y la cultura de Europa se presentan como recursos valiosos para atraer a aquellos que desean explorar diferentes tradiciones y costumbres sin las complicaciones que un conflicto puede imponer.<\/p>\n<h4>La Responsabilidad del Viajero<\/h4>\n<p>Este cambio de rumbo tambi\u00e9n invita a una reflexi\u00f3n sobre el papel de cada viajero. Algunos expertos sugieren que conocer la situaci\u00f3n geopol\u00edtica de los destinos es una parte esencial de cualquier planificaci\u00f3n. La responsabilidad \u00e9tica del viajero va m\u00e1s all\u00e1 de la mera elecci\u00f3n de un destino; implica ser conscientes del contexto en el que se realizan nuestras vacaciones.<\/p>\n<p>Adem\u00e1s, el auge del turismo sostenible cobra mayor relevancia. Aquellos que buscan ofrecer su apoyo a comunidades locales y opciones de turismo responsable se ven impulsados a explorar nuevas alternativas que, adem\u00e1s de ser seguras, promuevan un impacto positivo en las \u00e1reas visitadas.<\/p>\n<h4>Conclusiones<\/h4>\n<p>Lo que hemos visto en La Coru\u00f1a es un fen\u00f3meno que podr\u00eda servir de ejemplo a diversos lugares del mundo. La capacidad de adaptaci\u00f3n ante situaciones adversas es crucial, no solo en el \u00e1mbito tur\u00edstico, sino en la vida misma. A medida que los coru\u00f1eses se embarcan en nuevas aventuras, es probable que se descubran rincones del mundo que, sin estos cambios, podr\u00edan haber permanecido en la sombra. <\/p>\n<p>El turismo no se detiene; simplemente se transforma. Por tanto, en la b\u00fasqueda de nuevas experiencias, hay que recordar que cada viaje es una oportunidad para aprender y crecer, convirtiendo las limitaciones en posibilidades y los desaf\u00edos en descubrimientos.<\/p>\n<p><em> &#8221; Sources www.laopinioncoruna.es &#8221; <\/em><\/p>\n","protected":false},"excerpt":{"rendered":"<p>La Revoluci\u00f3n del Turismo: C\u00f3mo un Conflicto Internacional Transform\u00f3 las Vacaciones de los Coru\u00f1eses En un mundo cada vez m\u00e1s interconectado, los conflictos internacionales pueden tener repercusiones inesperadas en los h\u00e1bitos de viaje de las personas. Este fen\u00f3meno se ha hecho evidente en La Coru\u00f1a, donde los ciudadanos han experimentado un cambio significativo en sus [&hellip;]<\/p>\n","protected":false},"author":4,"featured_media":1122782,"comment_status":"open","ping_status":"closed","sticky":false,"template":"","format":"standard","meta":{"om_disable_all_campaigns":false,"jnews-multi-image_gallery":[],"jnews_single_post":[],"jnews_primary_category":[],"jnews_social_meta":[],"footnotes":""},"categories":[40],"tags":[33734,2408,25662,194067,1736,2756,7425,49169,662,715,2171,8293,14663,48103,2291,544,1861,545],"class_list":["post-1122781","post","type-post","status-publish","format-standard","has-post-thumbnail","hentry","category-industria","tag-a-coruna","tag-africa","tag-cabo-verde","tag-cambio-social","tag-caribe","tag-comunidades","tag-conflicto","tag-coruneses","tag-cultura","tag-economia","tag-iran","tag-migracion","tag-modifican","tag-senegal","tag-sudamerica","tag-turismo","tag-vacaciones","tag-viajes"],"_links":{"self":[{"href":"https:\/\/dimensionturistica.com\/es\/wp-json\/wp\/v2\/posts\/1122781","targetHints":{"allow":["GET"]}}],"collection":[{"href":"https:\/\/dimensionturistica.com\/es\/wp-json\/wp\/v2\/posts"}],"about":[{"href":"https:\/\/dimensionturistica.com\/es\/wp-json\/wp\/v2\/types\/post"}],"author":[{"embeddable":true,"href":"https:\/\/dimensionturistica.com\/es\/wp-json\/wp\/v2\/users\/4"}],"replies":[{"embeddable":true,"href":"https:\/\/dimensionturistica.com\/es\/wp-json\/wp\/v2\/comments?post=1122781"}],"version-history":[{"count":1,"href":"https:\/\/dimensionturistica.com\/es\/wp-json\/wp\/v2\/posts\/1122781\/revisions"}],"predecessor-version":[{"id":1122783,"href":"https:\/\/dimensionturistica.com\/es\/wp-json\/wp\/v2\/posts\/1122781\/revisions\/1122783"}],"wp:featuredmedia":[{"embeddable":true,"href":"https:\/\/dimensionturistica.com\/es\/wp-json\/wp\/v2\/media\/1122782"}],"wp:attachment":[{"href":"https:\/\/dimensionturistica.com\/es\/wp-json\/wp\/v2\/media?parent=1122781"}],"wp:term":[{"taxonomy":"category","embeddable":true,"href":"https:\/\/dimensionturistica.com\/es\/wp-json\/wp\/v2\/categories?post=1122781"},{"taxonomy":"post_tag","embeddable":true,"href":"https:\/\/dimensionturistica.com\/es\/wp-json\/wp\/v2\/tags?post=1122781"}],"curies":[{"name":"wp","href":"https:\/\/api.w.org\/{rel}","templated":true}]}}