{"id":1122692,"date":"2026-03-10T12:12:27","date_gmt":"2026-03-10T12:12:27","guid":{"rendered":"https:\/\/dimensionturistica.com\/es\/?p=1122692"},"modified":"2026-03-10T12:12:27","modified_gmt":"2026-03-10T12:12:27","slug":"cadiz-inaugurara-el-18-de-marzo-el-enlace-electrico-para-barcos-de-crucero","status":"publish","type":"post","link":"https:\/\/dimensionturistica.com\/es\/cadiz-inaugurara-el-18-de-marzo-el-enlace-electrico-para-barcos-de-crucero\/","title":{"rendered":"C\u00e1diz inaugurar\u00e1 el 18 de marzo el enlace el\u00e9ctrico para barcos de crucero."},"content":{"rendered":"<h3>C\u00e1diz: Un Nuevo Horizonte de Conexiones<\/h3>\n<p>C\u00e1diz, la joya andaluza conocida por su rica historia y su vibrante cultura, est\u00e1 por embarcarse en una etapa emocionante con el lanzamiento de una nueva conexi\u00f3n que promete atraer a\u00fan m\u00e1s visitantes a esta ciudad costera. A partir del 18 de marzo, C\u00e1diz se ver\u00e1 conectada a trav\u00e9s de un nuevo servicio que no solo facilitar\u00e1 el acceso a la ciudad, sino que tambi\u00e9n abrir\u00e1 nuevas oportunidades para explorar sus encantos.<\/p>\n<p>La iniciativa no solo representa una mejora en la infraestructura de transporte, sino que tambi\u00e9n simboliza un impulso para el turismo local. Desde el aroma del mar hasta la calidez de su gente, C\u00e1diz tiene mucho que ofrecer a quienes desean escapar de la rutina diaria y sumergirse en un entorno cargado de historia y belleza natural.<\/p>\n<p>Esta nueva conexi\u00f3n permitir\u00e1 que m\u00e1s viajeros lleguen a la ciudad, lo que beneficiar\u00e1 a su sector tur\u00edstico. Imaginen pasear por la Plaza de San Juan de Dios, disfrutar de tapas en una de sus numerosas tabernas y perderse por las pintorescas calles del casco hist\u00f3rico, donde cada rinc\u00f3n narra la historia de un pasado glorioso.<\/p>\n<p>Adem\u00e1s, C\u00e1diz no es solo un punto en el mapa; es el punto de partida para explorar la rica naturaleza que la rodea. Desde las playas de La Victoria y La Caleta hasta el Parque Natural de la Bah\u00eda, la ciudad es un deleite tanto para los amantes del sol como para los que buscan rutas de senderismo entre paisajes impresionantes. \u00bfQu\u00e9 mejor forma de disfrutar de un d\u00eda que combinando la historia, la gastronom\u00eda y la naturaleza?<\/p>\n<p>Los eventos culturales tambi\u00e9n son un atractivo irresistible. La Feria del Caballo, el Carnaval de C\u00e1diz y las numerosas festividades a lo largo del a\u00f1o invitan a los visitantes a conocer la riqueza de las tradiciones gaditanas. Todo esto queda ahora m\u00e1s al alcance de un mayor n\u00famero de turistas gracias a la nueva conexi\u00f3n, que ampl\u00eda las posibilidades de disfrutar de estas experiencias \u00fanicas.<\/p>\n<p>Este es un momento muy esperado para los gaditanos, quienes han visto c\u00f3mo su ciudad ha ido evolucionando y adapt\u00e1ndose a las nuevas demandas del turismo. Con la llegada de esta nueva opci\u00f3n de transporte, se espera que el flujo de visitantes incremente, beneficiando no solo a los emprendedores locales, sino tambi\u00e9n a quienes buscan redescubrir los encantos de C\u00e1diz.<\/p>\n<p>Sin duda, C\u00e1diz se prepara para recibir una oleada de nuevas experiencias, y este es el momento ideal para planear una visita a este destino lleno de magia y sorpresas. Conectarse a C\u00e1diz nunca ha sido tan f\u00e1cil, y como resultado, cada vez m\u00e1s personas tendr\u00e1n la oportunidad de enamorarse de su mar, su gente y su cultura. La ciudad no solo estar\u00e1 m\u00e1s accesible, sino que tambi\u00e9n se prepara para brillar con luz propia en el mapa tur\u00edstico de Espa\u00f1a. <\/p>\n<p>As\u00ed que si planeas tu pr\u00f3xima aventura, considera que el pr\u00f3ximo cap\u00edtulo de cuentos y exploraciones en C\u00e1diz est\u00e1 a punto de comenzar. \u00a1No te lo pierdas!<\/p>\n<p><em> &#8221; Fuentes www.diariodecadiz.es &#8221; <\/em><\/p>\n","protected":false},"excerpt":{"rendered":"<p>C\u00e1diz: Un Nuevo Horizonte de Conexiones C\u00e1diz, la joya andaluza conocida por su rica historia y su vibrante cultura, est\u00e1 por embarcarse en una etapa emocionante con el lanzamiento de una nueva conexi\u00f3n que promete atraer a\u00fan m\u00e1s visitantes a esta ciudad costera. A partir del 18 de marzo, C\u00e1diz se ver\u00e1 conectada a trav\u00e9s [&hellip;]<\/p>\n","protected":false},"author":4,"featured_media":1122693,"comment_status":"open","ping_status":"closed","sticky":false,"template":"","format":"standard","meta":{"om_disable_all_campaigns":false,"jnews-multi-image_gallery":[],"jnews_single_post":[],"jnews_primary_category":[],"jnews_social_meta":[],"footnotes":""},"categories":[41],"tags":[6657,159544,5734,6967,136789,543,39133,3259,4448,991,1411,600,544],"class_list":["post-1122692","post","type-post","status-publish","format-standard","has-post-thumbnail","hentry","category-cruceros","tag-6657","tag-18-de-marzo","tag-cadiz","tag-conexion","tag-conexion-electrica","tag-cruceros","tag-estrenara","tag-infraestructura","tag-marzo","tag-medio-ambiente","tag-puerto","tag-sostenibilidad","tag-turismo"],"_links":{"self":[{"href":"https:\/\/dimensionturistica.com\/es\/wp-json\/wp\/v2\/posts\/1122692","targetHints":{"allow":["GET"]}}],"collection":[{"href":"https:\/\/dimensionturistica.com\/es\/wp-json\/wp\/v2\/posts"}],"about":[{"href":"https:\/\/dimensionturistica.com\/es\/wp-json\/wp\/v2\/types\/post"}],"author":[{"embeddable":true,"href":"https:\/\/dimensionturistica.com\/es\/wp-json\/wp\/v2\/users\/4"}],"replies":[{"embeddable":true,"href":"https:\/\/dimensionturistica.com\/es\/wp-json\/wp\/v2\/comments?post=1122692"}],"version-history":[{"count":1,"href":"https:\/\/dimensionturistica.com\/es\/wp-json\/wp\/v2\/posts\/1122692\/revisions"}],"predecessor-version":[{"id":1122694,"href":"https:\/\/dimensionturistica.com\/es\/wp-json\/wp\/v2\/posts\/1122692\/revisions\/1122694"}],"wp:featuredmedia":[{"embeddable":true,"href":"https:\/\/dimensionturistica.com\/es\/wp-json\/wp\/v2\/media\/1122693"}],"wp:attachment":[{"href":"https:\/\/dimensionturistica.com\/es\/wp-json\/wp\/v2\/media?parent=1122692"}],"wp:term":[{"taxonomy":"category","embeddable":true,"href":"https:\/\/dimensionturistica.com\/es\/wp-json\/wp\/v2\/categories?post=1122692"},{"taxonomy":"post_tag","embeddable":true,"href":"https:\/\/dimensionturistica.com\/es\/wp-json\/wp\/v2\/tags?post=1122692"}],"curies":[{"name":"wp","href":"https:\/\/api.w.org\/{rel}","templated":true}]}}