{"id":1122629,"date":"2026-03-10T08:14:48","date_gmt":"2026-03-10T08:14:48","guid":{"rendered":"https:\/\/dimensionturistica.com\/es\/?p=1122629"},"modified":"2026-03-10T08:14:48","modified_gmt":"2026-03-10T08:14:48","slug":"teyana-taylor-gemini-y-margot-robbie-deslumbran-en-la-primera-fila-de-la-coleccion-otono-2026-de-chanel","status":"publish","type":"post","link":"https:\/\/dimensionturistica.com\/es\/teyana-taylor-gemini-y-margot-robbie-deslumbran-en-la-primera-fila-de-la-coleccion-otono-2026-de-chanel\/","title":{"rendered":"Teyana Taylor, Gemini y Margot Robbie deslumbran en la primera fila de la colecci\u00f3n Oto\u00f1o 2026 de Chanel."},"content":{"rendered":"<h3>Un Desfile de Estilo y Glamour: La Esencia de Chanel en Oto\u00f1o 2026<\/h3>\n<p>El mundo de la moda se detuvo cuando las luces se encendieron en el Grand Palais \u00c9ph\u00e9m\u00e8re para el esperado desfile de Chanel de Oto\u00f1o 2026. La cita no solo fue un despliegue de prendas ic\u00f3nicas, sino tambi\u00e9n un verdadero espect\u00e1culo que reuni\u00f3 a una pl\u00e9yade de celebridades, figuras del entretenimiento y referentes del estilo que deslumbraron en la primera fila.<\/p>\n<p>Al cruzar el umbral del evento, los asistentes fueron recibidos por un ambiente de sofisticaci\u00f3n y modernidad. La escenograf\u00eda, un homenaje a la riqueza creativa de la casa, ofreci\u00f3 un tel\u00f3n de fondo ideal para la presentaci\u00f3n de la \u00faltima colecci\u00f3n. Entre las instant\u00e1neas que capturaron la esencia del evento, los atuendos llevados por las estrellas fueron un tema recurrente de conversaci\u00f3n.<\/p>\n<h3>Elegancia en la Primera Fila<\/h3>\n<p>Las primeras filas del desfile se convirtieron en una pasarela alternativa, donde la moda se celebr\u00f3 no solo en la pasarela, sino tambi\u00e9n entre los asistentes. Actrices, modelos y socialites hicieron de este evento un desfile en s\u00ed mismo. Atra\u00eddos por la marca insignia de la haute couture, todos los ojos estaban puestos en ellas, cuya elecci\u00f3n de vestuario reflej\u00f3 la fusi\u00f3n de la tradici\u00f3n y la vanguardia que caracteriza a Chanel.<\/p>\n<p>Desde el rococ\u00f3 de los tejidos hasta la modernidad de las siluetas, cada look parec\u00eda narrar su propia historia. Designs que combinaban texturas y patrones, donde el negro cl\u00e1sico se entrelazaba con tonos audaces, exigieron la atenci\u00f3n y admiraci\u00f3n de los presentes. Las celebridades no solo asistieron, sino que tambi\u00e9n tomaron la iniciativa de marcar tendencias con sus elecciones audaces.<\/p>\n<h3>Influencia Global en la Moda<\/h3>\n<p>Una de las facetas m\u00e1s intrigantes de este desfile fue la diversidad de estilos que se reunieron en el mismo lugar. Este crisol de la moda no solo refleja las corrientes actuales, sino que tambi\u00e9n establece un est\u00e1ndar para el futuro. La mezcla de diferentes est\u00e9ticas y la colaboraci\u00f3n entre diferentes culturas aportan una frescura \u00fanica a la narrativa de la moda contempor\u00e1nea.<\/p>\n<p>Las redes sociales ardieron al instante, con hashtags como #ChanelFall2026 y #FrontRowEnVivo disipando los l\u00edmites entre lo digital y lo f\u00edsico. Las im\u00e1genes se compartieron al instante, y cada publicaci\u00f3n se convirti\u00f3 en un eco de la sofisticaci\u00f3n y el glamour que se respiraron en el evento. Esta interacci\u00f3n en l\u00ednea hizo que el desfile se sintiera como un fen\u00f3meno global, donde la moda se convirti\u00f3 en un idioma universal.<\/p>\n<h3>Un Legado que Transciende el Tiempo<\/h3>\n<p>Chanel sigue evolucionando, reafirmando su lugar en el pante\u00f3n de la moda internacional. La atenci\u00f3n al detalle, la dedicaci\u00f3n a la est\u00e9tica y la pasi\u00f3n por la innovaci\u00f3n contin\u00faan definiendo la marca. Mientras el desfile concluy\u00f3 y los asistentes abandonaron el Grand Palais, qued\u00f3 claro que la magia de Chanel se mantiene viva y relevante en un mundo que siempre busca la \u00faltima tendencia.<\/p>\n<p>La experiencia del desfile de Oto\u00f1o 2026 no solo fue sobre la presentaci\u00f3n de ropa; fue una celebraci\u00f3n de la cultura, la creatividad y el poder de la moda para unir a las personas. Mientras la marca avanza, la anticipaci\u00f3n por lo que vendr\u00e1 es palpable. La historia de Chanel sigue escribi\u00e9ndose, y todos los seguidores de la moda est\u00e1n ansiosos por ver qu\u00e9 nuevo cap\u00edtulo se abrir\u00e1 en el horizonte. <\/p>\n<p>El legado de Chanel sigue siendo una fuente inagotable de inspiraci\u00f3n, y su influencia perdurar\u00e1, dejando una huella imborrable en la historia de la moda.<\/p>\n<p><em> &#8221; Fuentes www.vogue.com &#8221; <\/em><\/p>\n","protected":false},"excerpt":{"rendered":"<p>Un Desfile de Estilo y Glamour: La Esencia de Chanel en Oto\u00f1o 2026 El mundo de la moda se detuvo cuando las luces se encendieron en el Grand Palais \u00c9ph\u00e9m\u00e8re para el esperado desfile de Chanel de Oto\u00f1o 2026. La cita no solo fue un despliegue de prendas ic\u00f3nicas, sino tambi\u00e9n un verdadero espect\u00e1culo que [&hellip;]<\/p>\n","protected":false},"author":14,"featured_media":1122630,"comment_status":"open","ping_status":"closed","sticky":false,"template":"","format":"standard","meta":{"om_disable_all_campaigns":false,"jnews-multi-image_gallery":[],"jnews_single_post":[],"jnews_primary_category":[],"jnews_social_meta":[],"footnotes":""},"categories":[144872],"tags":[237,4664,70213,253544,166,176057,124831,68576,204909,222529],"class_list":["post-1122629","post","type-post","status-publish","format-standard","has-post-thumbnail","hentry","category-fashion","tag-celebrity","tag-chanel","tag-event","tag-fall-2026","tag-fashion","tag-front-row","tag-gemini","tag-margot-robbie","tag-paris-fashion-week","tag-teyana-taylor"],"_links":{"self":[{"href":"https:\/\/dimensionturistica.com\/es\/wp-json\/wp\/v2\/posts\/1122629","targetHints":{"allow":["GET"]}}],"collection":[{"href":"https:\/\/dimensionturistica.com\/es\/wp-json\/wp\/v2\/posts"}],"about":[{"href":"https:\/\/dimensionturistica.com\/es\/wp-json\/wp\/v2\/types\/post"}],"author":[{"embeddable":true,"href":"https:\/\/dimensionturistica.com\/es\/wp-json\/wp\/v2\/users\/14"}],"replies":[{"embeddable":true,"href":"https:\/\/dimensionturistica.com\/es\/wp-json\/wp\/v2\/comments?post=1122629"}],"version-history":[{"count":1,"href":"https:\/\/dimensionturistica.com\/es\/wp-json\/wp\/v2\/posts\/1122629\/revisions"}],"predecessor-version":[{"id":1122631,"href":"https:\/\/dimensionturistica.com\/es\/wp-json\/wp\/v2\/posts\/1122629\/revisions\/1122631"}],"wp:featuredmedia":[{"embeddable":true,"href":"https:\/\/dimensionturistica.com\/es\/wp-json\/wp\/v2\/media\/1122630"}],"wp:attachment":[{"href":"https:\/\/dimensionturistica.com\/es\/wp-json\/wp\/v2\/media?parent=1122629"}],"wp:term":[{"taxonomy":"category","embeddable":true,"href":"https:\/\/dimensionturistica.com\/es\/wp-json\/wp\/v2\/categories?post=1122629"},{"taxonomy":"post_tag","embeddable":true,"href":"https:\/\/dimensionturistica.com\/es\/wp-json\/wp\/v2\/tags?post=1122629"}],"curies":[{"name":"wp","href":"https:\/\/api.w.org\/{rel}","templated":true}]}}