{"id":1122445,"date":"2026-03-09T22:42:09","date_gmt":"2026-03-09T22:42:09","guid":{"rendered":"https:\/\/dimensionturistica.com\/es\/?p=1122445"},"modified":"2026-03-09T22:42:09","modified_gmt":"2026-03-09T22:42:09","slug":"coleccion-otono-2026-pret-a-porter-de-chanel","status":"publish","type":"post","link":"https:\/\/dimensionturistica.com\/es\/coleccion-otono-2026-pret-a-porter-de-chanel\/","title":{"rendered":"Colecci\u00f3n Oto\u00f1o 2026: Pr\u00eat-\u00e0-Porter de Chanel"},"content":{"rendered":"<h3>Un Viaje al Coraz\u00f3n de la Elegancia: Chanel Oto\u00f1o 2026<\/h3>\n<p>La pasarela de oto\u00f1o 2026 de Chanel no fue solo un desfile; fue una experiencia inmersiva que transport\u00f3 a los asistentes a un mundo de glamour y sofisticaci\u00f3n inigualable. Con una est\u00e9tica que evoc\u00f3 la atemporalidad y la modernidad, la colecci\u00f3n se destac\u00f3 por su audaz reinterpretaci\u00f3n de los cl\u00e1sicos de la Maison.<\/p>\n<h4>Elementos Clave de la Colecci\u00f3n<\/h4>\n<p><strong>Paleta de Colores<\/strong><br \/>\nLa paleta de esta temporada fue todo un espect\u00e1culo para los sentidos. Tonos tierra, negros profundos y destellos de oro se entrelazaron, creando un ambiente que combinaba nostalgia con vanguardismo. Estos colores no solo adornaron las prendas, sino que tambi\u00e9n transmitieron una sensaci\u00f3n de calidez y acogida.<\/p>\n<p><strong>Textiles y Materiales<\/strong><br \/>\nLos tejidos mostraron una maestr\u00eda inigualable, con una combinaci\u00f3n de texturas que sorprendieron al p\u00fablico. Desde lanas suave hasta sedas brillantes, la colecci\u00f3n destac\u00f3 la calidad suprema de los materiales, incluidos detalles en tweed caracter\u00edsticos de la firma, que se modernizaron para apelar a las nuevas generaciones.<\/p>\n<p><strong>Silhouette y Cortes<\/strong><br \/>\nLa silueta de la colecci\u00f3n se superpuso entre lo masculino y lo femenino, con cortes que suger\u00edan una fluidez intrigante. Chaquetas entalladas se combinaron con faldas de l\u00edneas suaves, mientras que pantalones con talle alto se complementaron con blusas estructuradas. Esta amalgama, m\u00e1s que ser funcional, fue una declaraci\u00f3n de intenciones sobre la libertad del vestir.<\/p>\n<h4>Detalles que Marcan la Diferencia<\/h4>\n<p>Los acentos en la colecci\u00f3n fueron la clave del efecto visual. Broches vintage, cadenas doradas y una cuidadosa atenci\u00f3n al detalle en los acabados, como bordados delicados, brindaron a cada look una chispa \u00fanica. Estas peque\u00f1as piezas art\u00edsticas no solo embellec\u00edan, sino que contaban historias de un pasado reinterpretado para el presente.<\/p>\n<h4>La Experiencia del Desfile<\/h4>\n<p>El ambiente del desfile fue meticulosamente dise\u00f1ado para complementar la colecci\u00f3n. Con una puesta en escena que recordaba a los salones de Par\u00eds de principios del siglo XX, cada pasarela se convirti\u00f3 en un viaje por la historia de la moda. La m\u00fasica, una mezcla de cl\u00e1sicos y contempor\u00e1neos, acompa\u00f1\u00f3 cada presentaci\u00f3n, creando una atm\u00f3sfera electrizante que mantuvo a la audiencia cautivada.<\/p>\n<h4>Influencia Cultural y Estil\u00edstica<\/h4>\n<p>Chanel no solo se aleja de las tendencias pasajeras; busca crear un legado. La colecci\u00f3n oto\u00f1o 2026 demuestra que la moda puede ser una amalgama de historia y futuro. Las referencias a diversas culturas y estilos invitan a reflexionar sobre la diversidad del dise\u00f1o, haciendo de cada pieza un conversador en s\u00ed misma.<\/p>\n<h4>Conclusi\u00f3n<\/h4>\n<p>La colecci\u00f3n de oto\u00f1o 2026 de Chanel reafirma una vez m\u00e1s el estatus de la marca como un \u00edcono de sofisticaci\u00f3n. M\u00e1s que una simple colecci\u00f3n, es un manifiesto visual que inspira a todos a explorar su propio estilo mientras celebran la rica historia de la moda. Sin duda, un desfile que resonar\u00e1 en el coraz\u00f3n de los amantes de la moda por a\u00f1os.<\/p>\n<p><em> &#8221; Fuentes www.vogue.com &#8221; <\/em><\/p>\n","protected":false},"excerpt":{"rendered":"<p>Un Viaje al Coraz\u00f3n de la Elegancia: Chanel Oto\u00f1o 2026 La pasarela de oto\u00f1o 2026 de Chanel no fue solo un desfile; fue una experiencia inmersiva que transport\u00f3 a los asistentes a un mundo de glamour y sofisticaci\u00f3n inigualable. Con una est\u00e9tica que evoc\u00f3 la atemporalidad y la modernidad, la colecci\u00f3n se destac\u00f3 por su [&hellip;]<\/p>\n","protected":false},"author":14,"featured_media":1122446,"comment_status":"open","ping_status":"closed","sticky":false,"template":"","format":"standard","meta":{"om_disable_all_campaigns":false,"jnews-multi-image_gallery":[],"jnews_single_post":[],"jnews_primary_category":[],"jnews_social_meta":[],"footnotes":""},"categories":[144872],"tags":[69624,130092,4664,80520,18839,89166,253544,263769,166,192704,8774,204909,160469,94447,200339,372,6194],"class_list":["post-1122445","post","type-post","status-publish","format-standard","has-post-thumbnail","hentry","category-fashion","tag-accessories","tag-apparel","tag-chanel","tag-clothing","tag-collection","tag-designer","tag-fall-2026","tag-fall-2026-ready-to-wear","tag-fashion","tag-haute-couture","tag-luxury","tag-paris-fashion-week","tag-ready-to-wear","tag-runway","tag-runway_review","tag-style","tag-trends"],"_links":{"self":[{"href":"https:\/\/dimensionturistica.com\/es\/wp-json\/wp\/v2\/posts\/1122445","targetHints":{"allow":["GET"]}}],"collection":[{"href":"https:\/\/dimensionturistica.com\/es\/wp-json\/wp\/v2\/posts"}],"about":[{"href":"https:\/\/dimensionturistica.com\/es\/wp-json\/wp\/v2\/types\/post"}],"author":[{"embeddable":true,"href":"https:\/\/dimensionturistica.com\/es\/wp-json\/wp\/v2\/users\/14"}],"replies":[{"embeddable":true,"href":"https:\/\/dimensionturistica.com\/es\/wp-json\/wp\/v2\/comments?post=1122445"}],"version-history":[{"count":1,"href":"https:\/\/dimensionturistica.com\/es\/wp-json\/wp\/v2\/posts\/1122445\/revisions"}],"predecessor-version":[{"id":1122448,"href":"https:\/\/dimensionturistica.com\/es\/wp-json\/wp\/v2\/posts\/1122445\/revisions\/1122448"}],"wp:featuredmedia":[{"embeddable":true,"href":"https:\/\/dimensionturistica.com\/es\/wp-json\/wp\/v2\/media\/1122446"}],"wp:attachment":[{"href":"https:\/\/dimensionturistica.com\/es\/wp-json\/wp\/v2\/media?parent=1122445"}],"wp:term":[{"taxonomy":"category","embeddable":true,"href":"https:\/\/dimensionturistica.com\/es\/wp-json\/wp\/v2\/categories?post=1122445"},{"taxonomy":"post_tag","embeddable":true,"href":"https:\/\/dimensionturistica.com\/es\/wp-json\/wp\/v2\/tags?post=1122445"}],"curies":[{"name":"wp","href":"https:\/\/api.w.org\/{rel}","templated":true}]}}