{"id":1122413,"date":"2026-03-09T21:40:56","date_gmt":"2026-03-09T21:40:56","guid":{"rendered":"https:\/\/dimensionturistica.com\/es\/?p=1122413"},"modified":"2026-03-09T21:40:56","modified_gmt":"2026-03-09T21:40:56","slug":"sports-world-conmemora-el-dia-internacional-de-la-mujer-promoviendo-espacios-de-bienestar-fuerza-y-equidad","status":"publish","type":"post","link":"https:\/\/dimensionturistica.com\/es\/sports-world-conmemora-el-dia-internacional-de-la-mujer-promoviendo-espacios-de-bienestar-fuerza-y-equidad\/","title":{"rendered":"Sports World conmemora el D\u00eda Internacional de la Mujer promoviendo espacios de bienestar, fuerza y equidad"},"content":{"rendered":"\n<p>Cada 8 de marzo, el mundo conmemora el D\u00eda Internacional de la Mujer, una fecha que invita a reflexionar sobre los avances en materia de igualdad de g\u00e9nero, reconocer las contribuciones de las mujeres en todos los \u00e1mbitos de la sociedad y reforzar el compromiso colectivo para construir entornos m\u00e1s equitativos, seguros y con mayores oportunidades para todas.<\/p>\n\n\n\n<p>Esta conmemoraci\u00f3n tiene su origen en las luchas hist\u00f3ricas de las mujeres por mejores condiciones laborales, derechos civiles y participaci\u00f3n social. Hoy, m\u00e1s de un siglo despu\u00e9s, el 8 de marzo se ha convertido en un momento clave para visibilizar los retos que a\u00fan persisten, as\u00ed como los logros alcanzados gracias al liderazgo, la resiliencia y la participaci\u00f3n activa de millones de mujeres en el mundo.<\/p>\n\n\n\n<figure class=\"wp-block-gallery has-nested-images columns-default is-cropped wp-block-gallery-1 is-layout-flex wp-block-gallery-is-layout-flex\">\n<figure class=\"wp-block-image size-large\"><img decoding=\"async\" width=\"500\" height=\"333\" data-id=\"1122415\" src=\"https:\/\/dimensionturistica.com\/es\/wp-content\/uploads\/2026\/03\/1MUJER-3.jpg\" alt=\"\" class=\"wp-image-1122415\" srcset=\"https:\/\/dimensionturistica.com\/es\/wp-content\/uploads\/2026\/03\/1MUJER-3.jpg 500w, https:\/\/dimensionturistica.com\/es\/wp-content\/uploads\/2026\/03\/1MUJER-3-300x200.jpg 300w\" sizes=\"(max-width: 500px) 100vw, 500px\" \/><figcaption class=\"wp-element-caption\">Three young women training at the gym<\/figcaption><\/figure>\n<\/figure>\n\n\n\n<p>En M\u00e9xico, los avances han sido significativos, aunque todav\u00eda existen desaf\u00edos importantes. De acuerdo con datos del Instituto Nacional de Estad\u00edstica y Geograf\u00eda (INEGI), las mujeres representan el 51.2% de la poblaci\u00f3n del pa\u00eds, y su participaci\u00f3n en la econom\u00eda contin\u00faa en crecimiento; sin embargo, a\u00fan enfrentan brechas en diversos \u00e1mbitos, incluyendo el acceso a oportunidades laborales, espacios de liderazgo y condiciones equitativas de desarrollo.<\/p>\n\n\n\n<p>En el \u00e1mbito profesional, cada vez m\u00e1s mujeres ocupan posiciones estrat\u00e9gicas dentro de organizaciones p\u00fablicas y privadas. No obstante, de acuerdo con estudios internacionales sobre liderazgo corporativo, las mujeres a\u00fan representan menos de un tercio de los puestos directivos a nivel global, lo que evidencia la necesidad de seguir impulsando acciones que promuevan la equidad y el acceso a oportunidades en todos los sectores.<\/p>\n\n\n\n<p>Ante este contexto, uno de los retos m\u00e1s importantes para las organizaciones y las instituciones es generar espacios seguros, incluyentes y libres de discriminaci\u00f3n, donde las mujeres puedan desarrollarse profesional y personalmente con igualdad de oportunidades. Esto implica no solo promover entornos laborales respetuosos, sino tambi\u00e9n impulsar iniciativas que reconozcan su talento, liderazgo y contribuci\u00f3n al desarrollo social y econ\u00f3mico.<\/p>\n\n\n\n<p>El reconocimiento de las mujeres tambi\u00e9n implica visibilizar el impacto que tienen en la construcci\u00f3n de comunidades m\u00e1s fuertes y resilientes. Desde el \u00e1mbito familiar hasta el profesional, su participaci\u00f3n impulsa transformaciones positivas que fortalecen la innovaci\u00f3n, la toma de decisiones y el crecimiento colectivo.<\/p>\n\n\n\n<figure class=\"wp-block-gallery has-nested-images columns-default is-cropped wp-block-gallery-2 is-layout-flex wp-block-gallery-is-layout-flex\">\n<figure class=\"wp-block-image size-large\"><img decoding=\"async\" width=\"500\" height=\"333\" data-id=\"1122418\" src=\"https:\/\/dimensionturistica.com\/es\/wp-content\/uploads\/2026\/03\/2MUJER-2.jpg\" alt=\"\" class=\"wp-image-1122418\" srcset=\"https:\/\/dimensionturistica.com\/es\/wp-content\/uploads\/2026\/03\/2MUJER-2.jpg 500w, https:\/\/dimensionturistica.com\/es\/wp-content\/uploads\/2026\/03\/2MUJER-2-300x200.jpg 300w\" sizes=\"(max-width: 500px) 100vw, 500px\" \/><\/figure>\n<\/figure>\n\n\n\n<p>En este contexto, el bienestar f\u00edsico y emocional tambi\u00e9n se ha convertido en un factor clave para el desarrollo integral de las mujeres. Diversos estudios han demostrado que la pr\u00e1ctica de actividad f\u00edsica contribuye significativamente a mejorar la salud mental, fortalecer la autoestima, reducir niveles de estr\u00e9s y generar comunidades de apoyo que impactan positivamente en la calidad de vida.<\/p>\n\n\n\n<p>En M\u00e9xico, sin embargo, a\u00fan existe una brecha en la participaci\u00f3n deportiva. Datos del INEGI indican que solo el 36.8% de las mujeres mayores de 18 a\u00f1os realiza actividad f\u00edsica en su tiempo libre, una cifra menor en comparaci\u00f3n con la participaci\u00f3n masculina. Esta diferencia refleja la importancia de seguir impulsando espacios accesibles, seguros y motivadores que permitan que m\u00e1s mujeres integren el ejercicio y el deporte en su vida diaria.<\/p>\n\n\n\n<p>En Sports World, esta fecha tambi\u00e9n representa una oportunidad para reconocer el papel fundamental que desempe\u00f1an las mujeres dentro de la organizaci\u00f3n y dentro de la comunidad deportiva. Actualmente, la compa\u00f1\u00eda cuenta con una plantilla aproximada de 1,900 colaboradores, de los cuales 1,020 son mujeres, lo que representa alrededor del 55% de su equipo, reflejando la importancia del talento femenino en el desarrollo y operaci\u00f3n de la empresa.<\/p>\n\n\n\n<p>\u201cEn Sports World creemos firmemente en el poder del bienestar para transformar vidas. El liderazgo y la participaci\u00f3n de las mujeres dentro de nuestra organizaci\u00f3n y de nuestra comunidad son fundamentales para seguir construyendo espacios donde todas las personas puedan desarrollarse plenamente\u201d, se\u00f1al\u00f3 Gabriela Vieira do Prado, CEO de Sports World.<\/p>\n\n\n\n<figure class=\"wp-block-gallery has-nested-images columns-default is-cropped wp-block-gallery-3 is-layout-flex wp-block-gallery-is-layout-flex\">\n<figure class=\"wp-block-image size-large\"><img decoding=\"async\" width=\"500\" height=\"333\" data-id=\"1122419\" src=\"https:\/\/dimensionturistica.com\/es\/wp-content\/uploads\/2026\/03\/4MUJER.jpg\" alt=\"\" class=\"wp-image-1122419\" srcset=\"https:\/\/dimensionturistica.com\/es\/wp-content\/uploads\/2026\/03\/4MUJER.jpg 500w, https:\/\/dimensionturistica.com\/es\/wp-content\/uploads\/2026\/03\/4MUJER-300x200.jpg 300w\" sizes=\"(max-width: 500px) 100vw, 500px\" \/><\/figure>\n<\/figure>\n\n\n\n<p>A trav\u00e9s de sus clubes y programas de entrenamiento, la empresa busca promover entornos donde cada vez m\u00e1s mujeres encuentren un espacio para fortalecer su bienestar f\u00edsico, su confianza y su desarrollo personal. Iniciativas enfocadas en comunidad, salud integral y actividad f\u00edsica forman parte del compromiso de la compa\u00f1\u00eda para seguir impulsando estilos de vida activos e incluyentes.<\/p>\n\n\n\n<p>En el marco del D\u00eda Internacional de la Mujer, Sports World reafirma su compromiso de continuar promoviendo espacios que impulsen el bienestar, la igualdad de oportunidades y el reconocimiento del talento femenino, dentro y fuera del \u00e1mbito deportivo.<\/p>\n","protected":false},"excerpt":{"rendered":"<p>Cada 8 de marzo, el mundo conmemora el D\u00eda Internacional de la Mujer, una fecha que invita a reflexionar sobre los avances en materia de igualdad de g\u00e9nero, reconocer las contribuciones de las mujeres en todos los \u00e1mbitos de la sociedad y reforzar el compromiso colectivo para construir entornos m\u00e1s equitativos, seguros y con mayores [&hellip;]<\/p>\n","protected":false},"author":1,"featured_media":1122420,"comment_status":"open","ping_status":"closed","sticky":false,"template":"","format":"standard","meta":{"om_disable_all_campaigns":false,"jnews-multi-image_gallery":[],"jnews_single_post":[],"jnews_primary_category":[],"jnews_social_meta":[],"footnotes":""},"categories":[144872],"tags":[],"class_list":["post-1122413","post","type-post","status-publish","format-standard","has-post-thumbnail","hentry","category-fashion"],"_links":{"self":[{"href":"https:\/\/dimensionturistica.com\/es\/wp-json\/wp\/v2\/posts\/1122413","targetHints":{"allow":["GET"]}}],"collection":[{"href":"https:\/\/dimensionturistica.com\/es\/wp-json\/wp\/v2\/posts"}],"about":[{"href":"https:\/\/dimensionturistica.com\/es\/wp-json\/wp\/v2\/types\/post"}],"author":[{"embeddable":true,"href":"https:\/\/dimensionturistica.com\/es\/wp-json\/wp\/v2\/users\/1"}],"replies":[{"embeddable":true,"href":"https:\/\/dimensionturistica.com\/es\/wp-json\/wp\/v2\/comments?post=1122413"}],"version-history":[{"count":1,"href":"https:\/\/dimensionturistica.com\/es\/wp-json\/wp\/v2\/posts\/1122413\/revisions"}],"predecessor-version":[{"id":1122421,"href":"https:\/\/dimensionturistica.com\/es\/wp-json\/wp\/v2\/posts\/1122413\/revisions\/1122421"}],"wp:featuredmedia":[{"embeddable":true,"href":"https:\/\/dimensionturistica.com\/es\/wp-json\/wp\/v2\/media\/1122420"}],"wp:attachment":[{"href":"https:\/\/dimensionturistica.com\/es\/wp-json\/wp\/v2\/media?parent=1122413"}],"wp:term":[{"taxonomy":"category","embeddable":true,"href":"https:\/\/dimensionturistica.com\/es\/wp-json\/wp\/v2\/categories?post=1122413"},{"taxonomy":"post_tag","embeddable":true,"href":"https:\/\/dimensionturistica.com\/es\/wp-json\/wp\/v2\/tags?post=1122413"}],"curies":[{"name":"wp","href":"https:\/\/api.w.org\/{rel}","templated":true}]}}