{"id":1122377,"date":"2026-03-09T20:55:59","date_gmt":"2026-03-09T20:55:59","guid":{"rendered":"https:\/\/dimensionturistica.com\/es\/?p=1122377"},"modified":"2026-03-09T20:55:59","modified_gmt":"2026-03-09T20:55:59","slug":"seis-mujeres-mexicanas-comparten-su-fuerza-autenticidad-y-vision-del-exito-a-traves-de-sus-historias","status":"publish","type":"post","link":"https:\/\/dimensionturistica.com\/es\/seis-mujeres-mexicanas-comparten-su-fuerza-autenticidad-y-vision-del-exito-a-traves-de-sus-historias\/","title":{"rendered":"Seis mujeres mexicanas comparten su fuerza, autenticidad y visi\u00f3n del \u00e9xito a trav\u00e9s de sus historias"},"content":{"rendered":"\n<p>Bonafont presenta a sus nuevas embajadoras, seis mujeres mexicanas con trayectorias s\u00f3lidas y una influencia creciente en \u00e1mbitos como el entretenimiento, el deporte, la moda y la creaci\u00f3n de contenido. A trav\u00e9s de sus historias, la marca construye una plataforma que celebra la fuerza femenina, entendida como constancia, resiliencia y autenticidad, invitando a cada mujer a sentirse naturalmente poderosa en su d\u00eda a d\u00eda y a inspirar desde lo cotidiano.<\/p>\n\n\n\n<p>La selecci\u00f3n re\u00fane perfiles que representan distintas etapas de vida, caminos profesionales y formas de ejercer la autonom\u00eda personal, en sinton\u00eda con la visi\u00f3n de Bonafont de acompa\u00f1ar a las mujeres d\u00eda a d\u00eda. Cada embajadora fue elegida para encarnar una de las frases y dise\u00f1os de esta edici\u00f3n especial, los cuales surgen de las vivencias compartidas por mujeres participantes de la Carrera Bonafont y la Expo Ligera.<\/p>\n\n\n\n<figure class=\"wp-block-gallery has-nested-images columns-default is-cropped wp-block-gallery-1 is-layout-flex wp-block-gallery-is-layout-flex\">\n<figure class=\"wp-block-image size-large\"><img decoding=\"async\" width=\"500\" height=\"233\" data-id=\"1122378\" src=\"https:\/\/dimensionturistica.com\/es\/wp-content\/uploads\/2026\/03\/1BONA.jpg\" alt=\"\" class=\"wp-image-1122378\" srcset=\"https:\/\/dimensionturistica.com\/es\/wp-content\/uploads\/2026\/03\/1BONA.jpg 500w, https:\/\/dimensionturistica.com\/es\/wp-content\/uploads\/2026\/03\/1BONA-300x140.jpg 300w\" sizes=\"(max-width: 500px) 100vw, 500px\" \/><\/figure>\n<\/figure>\n\n\n\n<p>As\u00ed, la inspiraci\u00f3n colectiva de las participantes se transforma en s\u00edmbolos tangibles de valent\u00eda, determinaci\u00f3n y fuerza personal, conectando la experiencia cotidiana con ejemplos de liderazgo y compromiso.<\/p>\n\n\n\n<p>Mariana Trevi\u00f1o da voz a La resiliencia es mi fuego, con una trayectoria consolidada en cine, teatro y televisi\u00f3n, es una de las actrices m\u00e1s reconocidas y queridas del pa\u00eds. Su carrera, marcada por personajes memorables y una evoluci\u00f3n sostenida, la ha posicionado a nivel internacional. Su reciente participaci\u00f3n en el musical Mentiras reafirma una historia profesional construida con pasi\u00f3n, disciplina y perseverancia, cualidades que definen su v\u00ednculo con la resiliencia.<\/p>\n\n\n\n<p>Michelle Rodr\u00edguez personaliza Elijo mi destino pues a trav\u00e9s de una voz cercana y aut\u00e9ntica, amplifica conversaciones sobre identidad, amor propio y libertad de elecci\u00f3n, reforzadas desde su podcast Casi 40. Desde su trabajo en el entretenimiento, ha visibilizado la diversidad con un enfoque honesto y emp\u00e1tico, convirtiendo su experiencia personal en un mensaje colectivo que invita a elegir el propio camino con coherencia.<\/p>\n\n\n\n<p>Macarena Garc\u00eda se enfoca en Soy mi proyecto, como actriz y estudiante de psicolog\u00eda, Macarena ha construido una carrera que combina sensibilidad art\u00edstica y visi\u00f3n estrat\u00e9gica. Su recorrido en cine y televisi\u00f3n da cuenta de una forma consciente de crecer profesionalmente, alineada con su identidad y sus valores.<\/p>\n\n\n\n<p>Esa manera de gestionar su desarrollo la convierte en un referente de autenticidad, autocuidado y evoluci\u00f3n constante.<\/p>\n\n\n\n<p>Karen Espinosa representa Fluye con fuerza, como modelo mexicana y referente de diversidad, ha abierto caminos en la moda al desafiar estereotipos, hizo historia como la primera modelo oaxaque\u00f1a en aparecer en las p\u00e1ginas de Vogue M\u00e9xico.<\/p>\n\n\n\n<p>Su trayectoria refleja orgullo por sus ra\u00edces y demuestra que la fuerza femenina se manifiesta en cada decisi\u00f3n, en cada pasarela y en la manera de inspirar a nuevas generaciones.<\/p>\n\n\n\n<p>Alana Flores se asocia con Avanza hacia tus sue\u00f1os pues encarna a una generaci\u00f3n que entiende el \u00e9xito como resultado de la disciplina y la capacidad de reinventarse. Streamer, boxeadora no profesional y presidenta de Raniza FC en la Kings y Queens League, su trayectoria la llev\u00f3 a formar parte de la lista Top Creators de Forbes 2025. Su historia refleja liderazgo, visi\u00f3n a futuro y la determinaci\u00f3n de asumir nuevos retos, siempre avanzando ligera, con confianza y sin miedo a redefinir su camino.<\/p>\n\n\n\n<p>Cachirula hace vibrar Juntas podemos, al ser una de las voces emergentes m\u00e1s relevantes del reggaet\u00f3n mexicano, Cachirula ha consolidado una propuesta musical que celebra la libertad, la actitud y la fuerza femenina. Su autenticidad y conexi\u00f3n con nuevas audiencias la posicionan como un referente del poder colectivo y la uni\u00f3n entre mujeres dentro de una escena hist\u00f3ricamente dominada por hombres.<\/p>\n\n\n\n<p>Con esta iniciativa, Bonafont celebra su compromiso de impulsar conversaciones aut\u00e9nticas y con prop\u00f3sito, utilizando historias reales como punto de encuentro para inspirar, acompa\u00f1ar y generar conexi\u00f3n con mujeres en todo el pa\u00eds, recordando que la fuerza femenina se expresa de muchas formas y fluye desde lo cotidiano.<\/p>\n","protected":false},"excerpt":{"rendered":"<p>Bonafont presenta a sus nuevas embajadoras, seis mujeres mexicanas con trayectorias s\u00f3lidas y una influencia creciente en \u00e1mbitos como el entretenimiento, el deporte, la moda y la creaci\u00f3n de contenido. A trav\u00e9s de sus historias, la marca construye una plataforma que celebra la fuerza femenina, entendida como constancia, resiliencia y autenticidad, invitando a cada mujer [&hellip;]<\/p>\n","protected":false},"author":1,"featured_media":1122380,"comment_status":"open","ping_status":"closed","sticky":false,"template":"","format":"standard","meta":{"om_disable_all_campaigns":false,"jnews-multi-image_gallery":[],"jnews_single_post":[],"jnews_primary_category":[],"jnews_social_meta":[],"footnotes":""},"categories":[144872],"tags":[],"class_list":["post-1122377","post","type-post","status-publish","format-standard","has-post-thumbnail","hentry","category-fashion"],"_links":{"self":[{"href":"https:\/\/dimensionturistica.com\/es\/wp-json\/wp\/v2\/posts\/1122377","targetHints":{"allow":["GET"]}}],"collection":[{"href":"https:\/\/dimensionturistica.com\/es\/wp-json\/wp\/v2\/posts"}],"about":[{"href":"https:\/\/dimensionturistica.com\/es\/wp-json\/wp\/v2\/types\/post"}],"author":[{"embeddable":true,"href":"https:\/\/dimensionturistica.com\/es\/wp-json\/wp\/v2\/users\/1"}],"replies":[{"embeddable":true,"href":"https:\/\/dimensionturistica.com\/es\/wp-json\/wp\/v2\/comments?post=1122377"}],"version-history":[{"count":1,"href":"https:\/\/dimensionturistica.com\/es\/wp-json\/wp\/v2\/posts\/1122377\/revisions"}],"predecessor-version":[{"id":1122381,"href":"https:\/\/dimensionturistica.com\/es\/wp-json\/wp\/v2\/posts\/1122377\/revisions\/1122381"}],"wp:featuredmedia":[{"embeddable":true,"href":"https:\/\/dimensionturistica.com\/es\/wp-json\/wp\/v2\/media\/1122380"}],"wp:attachment":[{"href":"https:\/\/dimensionturistica.com\/es\/wp-json\/wp\/v2\/media?parent=1122377"}],"wp:term":[{"taxonomy":"category","embeddable":true,"href":"https:\/\/dimensionturistica.com\/es\/wp-json\/wp\/v2\/categories?post=1122377"},{"taxonomy":"post_tag","embeddable":true,"href":"https:\/\/dimensionturistica.com\/es\/wp-json\/wp\/v2\/tags?post=1122377"}],"curies":[{"name":"wp","href":"https:\/\/api.w.org\/{rel}","templated":true}]}}