{"id":1122369,"date":"2026-03-09T20:37:07","date_gmt":"2026-03-09T20:37:07","guid":{"rendered":"https:\/\/dimensionturistica.com\/es\/?p=1122369"},"modified":"2026-03-09T20:37:07","modified_gmt":"2026-03-09T20:37:07","slug":"energizer-se-convierte-en-la-pila-oficial-de-la-seleccion-mexicana-2","status":"publish","type":"post","link":"https:\/\/dimensionturistica.com\/es\/energizer-se-convierte-en-la-pila-oficial-de-la-seleccion-mexicana-2\/","title":{"rendered":"Energizer se convierte en la pila oficial de \u00a0la Selecci\u00f3n Mexicana"},"content":{"rendered":"\n<p>Energizer M\u00e9xico anunci\u00f3 con orgullo su incorporaci\u00f3n como la pila oficial de la Selecci\u00f3n Mexicana, reafirmando su compromiso con el deporte nacional y con los millones de aficionados que vibran con el f\u00fatbol en todo el pa\u00eds.<\/p>\n\n\n\n<p>Para celebrar este importante acontecimiento, Energizer llev\u00f3 a cabo un evento exclusivo con sus principales aliados comerciales, en el que se destac\u00f3 la relevancia de esta alianza estrat\u00e9gica y el impacto positivo que tendr\u00e1 en el fortalecimiento del f\u00fatbol mexicano. La marca, con una s\u00f3lida presencia y profundo arraigo en M\u00e9xico, contin\u00faa apostando por iniciativas que conectan con la pasi\u00f3n, la energ\u00eda y el esp\u00edritu de los mexicanos.<\/p>\n\n\n\n<figure class=\"wp-block-gallery has-nested-images columns-default is-cropped wp-block-gallery-1 is-layout-flex wp-block-gallery-is-layout-flex\">\n<figure class=\"wp-block-image size-large\"><img decoding=\"async\" width=\"500\" height=\"333\" data-id=\"1122370\" src=\"https:\/\/dimensionturistica.com\/es\/wp-content\/uploads\/2026\/03\/3PILA.jpg\" alt=\"\" class=\"wp-image-1122370\" srcset=\"https:\/\/dimensionturistica.com\/es\/wp-content\/uploads\/2026\/03\/3PILA.jpg 500w, https:\/\/dimensionturistica.com\/es\/wp-content\/uploads\/2026\/03\/3PILA-300x200.jpg 300w\" sizes=\"(max-width: 500px) 100vw, 500px\" \/><\/figure>\n<\/figure>\n\n\n\n<p>El evento cont\u00f3 con la participaci\u00f3n de reconocidas leyendas del f\u00fatbol nacional: Oribe Peralta, Jared Borgetti y Luis Hern\u00e1ndez, quienes convivieron con invitados especiales, compartieron an\u00e9cdotas de su trayectoria y celebraron esta nueva etapa entre la uni\u00f3n de dos grandes marcas Energizer y la Selecci\u00f3n Mexicana.<\/p>\n\n\n\n<p>\u201cPara Energizer M\u00e9xico, este patrocinio representa una extensi\u00f3n natural de lo que somos como marca: energ\u00eda, resistencia y compromiso con el pa\u00eds. La Selecci\u00f3n Mexicana es un s\u00edmbolo que une a millones de mexicanos, y nos llena de orgullo acompa\u00f1arlos en este camino, impulsando su pasi\u00f3n dentro y fuera de la cancha\u201d, se\u00f1al\u00f3 Jos\u00e9 Daniel Guillen, Director de Marketing de Energizer<\/p>\n\n\n\n<figure class=\"wp-block-gallery has-nested-images columns-default is-cropped wp-block-gallery-2 is-layout-flex wp-block-gallery-is-layout-flex\">\n<figure class=\"wp-block-image size-large\"><img decoding=\"async\" width=\"500\" height=\"333\" data-id=\"1122371\" src=\"https:\/\/dimensionturistica.com\/es\/wp-content\/uploads\/2026\/03\/5PILA.jpg\" alt=\"\" class=\"wp-image-1122371\" srcset=\"https:\/\/dimensionturistica.com\/es\/wp-content\/uploads\/2026\/03\/5PILA.jpg 500w, https:\/\/dimensionturistica.com\/es\/wp-content\/uploads\/2026\/03\/5PILA-300x200.jpg 300w\" sizes=\"(max-width: 500px) 100vw, 500px\" \/><\/figure>\n<\/figure>\n\n\n\n<p>Durante el encuentro, directivos de Energizer destacaron que este patrocinio representa mucho m\u00e1s que una alianza comercial: es una muestra del compromiso de la marca con M\u00e9xico, con el deporte y con los valores de esfuerzo, perseverancia y energ\u00eda que comparten tanto la Selecci\u00f3n como Energizer. Como la pila oficial de la Selecci\u00f3n Mexicana, la marca acompa\u00f1ar\u00e1 cada paso del equipo en esta nueva etapa, inspirando a todo el pa\u00eds y recordando que, juntos, le pondremos las pilas a M\u00e9xico\u2026 porque hoy m\u00e1s que nunca, M\u00e9xico est\u00e1 con las pilas bien puestas.<\/p>\n","protected":false},"excerpt":{"rendered":"<p>Energizer M\u00e9xico anunci\u00f3 con orgullo su incorporaci\u00f3n como la pila oficial de la Selecci\u00f3n Mexicana, reafirmando su compromiso con el deporte nacional y con los millones de aficionados que vibran con el f\u00fatbol en todo el pa\u00eds. Para celebrar este importante acontecimiento, Energizer llev\u00f3 a cabo un evento exclusivo con sus principales aliados comerciales, en [&hellip;]<\/p>\n","protected":false},"author":1,"featured_media":1122372,"comment_status":"open","ping_status":"closed","sticky":false,"template":"","format":"standard","meta":{"om_disable_all_campaigns":false,"jnews-multi-image_gallery":[],"jnews_single_post":[],"jnews_primary_category":[],"jnews_social_meta":[],"footnotes":""},"categories":[40],"tags":[],"class_list":["post-1122369","post","type-post","status-publish","format-standard","has-post-thumbnail","hentry","category-industria"],"_links":{"self":[{"href":"https:\/\/dimensionturistica.com\/es\/wp-json\/wp\/v2\/posts\/1122369","targetHints":{"allow":["GET"]}}],"collection":[{"href":"https:\/\/dimensionturistica.com\/es\/wp-json\/wp\/v2\/posts"}],"about":[{"href":"https:\/\/dimensionturistica.com\/es\/wp-json\/wp\/v2\/types\/post"}],"author":[{"embeddable":true,"href":"https:\/\/dimensionturistica.com\/es\/wp-json\/wp\/v2\/users\/1"}],"replies":[{"embeddable":true,"href":"https:\/\/dimensionturistica.com\/es\/wp-json\/wp\/v2\/comments?post=1122369"}],"version-history":[{"count":1,"href":"https:\/\/dimensionturistica.com\/es\/wp-json\/wp\/v2\/posts\/1122369\/revisions"}],"predecessor-version":[{"id":1122373,"href":"https:\/\/dimensionturistica.com\/es\/wp-json\/wp\/v2\/posts\/1122369\/revisions\/1122373"}],"wp:featuredmedia":[{"embeddable":true,"href":"https:\/\/dimensionturistica.com\/es\/wp-json\/wp\/v2\/media\/1122372"}],"wp:attachment":[{"href":"https:\/\/dimensionturistica.com\/es\/wp-json\/wp\/v2\/media?parent=1122369"}],"wp:term":[{"taxonomy":"category","embeddable":true,"href":"https:\/\/dimensionturistica.com\/es\/wp-json\/wp\/v2\/categories?post=1122369"},{"taxonomy":"post_tag","embeddable":true,"href":"https:\/\/dimensionturistica.com\/es\/wp-json\/wp\/v2\/tags?post=1122369"}],"curies":[{"name":"wp","href":"https:\/\/api.w.org\/{rel}","templated":true}]}}