{"id":1122257,"date":"2026-03-09T15:45:45","date_gmt":"2026-03-09T15:45:45","guid":{"rendered":"https:\/\/dimensionturistica.com\/es\/?p=1122257"},"modified":"2026-03-09T15:45:45","modified_gmt":"2026-03-09T15:45:45","slug":"coleccion-otono-invierno-2026-pret-a-porter-de-abra","status":"publish","type":"post","link":"https:\/\/dimensionturistica.com\/es\/coleccion-otono-invierno-2026-pret-a-porter-de-abra\/","title":{"rendered":"Colecci\u00f3n Oto\u00f1o-Invierno 2026: Pr\u00eat-\u00e0-Porter de Abra"},"content":{"rendered":"<h3>La Revoluci\u00f3n del Oto\u00f1o 2026: Estilo, Elegancia y Audacia<\/h3>\n<p>El mundo de la moda siempre anticipa el futuro con fervor y creatividad, y la colecci\u00f3n de oto\u00f1o de 2026 ha marcado un hito que promete transformar el guardarropa contempor\u00e1neo. En un escenario donde la innovaci\u00f3n se encuentra con la tradici\u00f3n, esta l\u00ednea de pr\u00eat-\u00e0-porter destaca por su capacidad de mezclar elementos cl\u00e1sicos con toques vanguardistas.<\/p>\n<h4>El Esfuerzo por la Sostenibilidad<\/h4>\n<p>Uno de los temas centrales de esta colecci\u00f3n es la sostenibilidad. Cada prenda ha sido dise\u00f1ada no solo para impresionar, sino tambi\u00e9n para tener un impacto positivo en el medio ambiente. Se han empleado tejidos org\u00e1nicos y reciclados, lo que refleja una clara intenci\u00f3n de avanzar hacia una industria m\u00e1s consciente. Las creaciones son tanto un fest\u00edn visual como un testimonio del compromiso con el planeta.<\/p>\n<h4>Siluetas que Definen<\/h4>\n<p>Las siluetas de esta colecci\u00f3n se caracterizan por l\u00edneas definidas que abrazan el cuerpo al tiempo que ofrecen libertad de movimiento. Un juego ingenioso de vol\u00famenes y cortes precisos introduce formas que realzan la figura sin sacrificar la comodidad. Vestidos fluidos y trajes estructurados destacan en una paleta de colores vibrante, desde tonos neutros hasta matices exuberantes que evocan la esencia del oto\u00f1o.<\/p>\n<h4>Accesorios que Hablan<\/h4>\n<p>Los accesorios son una declaraci\u00f3n en s\u00ed mismos. Bolsos de dise\u00f1o audaz y calzado que desaf\u00eda las convenciones de la altitud marcan la pauta. Desde gargantillas minimalistas hasta pendientes ostentosos, cada pieza complementa la est\u00e9tica general. La atenci\u00f3n al detalle resuena en cada aspecto, convirtiendo a los accesorios en protagonistas indiscutibles.<\/p>\n<h4>Capas que Transforman<\/h4>\n<p>Un aspecto fascinante de esta colecci\u00f3n es su enfoque en las capas. Las prendas pueden ser combinadas y reimaginadas, permitiendo jugar con la est\u00e9tica seg\u00fan la ocasi\u00f3n. Abrigos oversized se fusionan con chaquetas ajustadas, creando un di\u00e1logo perfecto entre comodidad y sofisticaci\u00f3n. Este enfoque modular no solo es pr\u00e1ctico, sino que tambi\u00e9n apela al deseo de personalizaci\u00f3n que tienen los consumidores modernos.<\/p>\n<h4>Inspiraci\u00f3n Cultural<\/h4>\n<p>La influencia cultural es palpable en cada dise\u00f1o. Elementos de diversas tradiciones se entrelazan y se reinterpretan, generando una sinergia que celebra la diversidad. Motivos de texturas y patrones rinden homenaje a distintos legados, elaborando un lenguaje visual que trasciende fronteras y culturas. La moda se convierte as\u00ed en un medio para contar historias, conectando pasados y futuros.<\/p>\n<h4>La Experiencia de Presentaci\u00f3n<\/h4>\n<p>La presentaci\u00f3n de esta colecci\u00f3n no fue solo un desfile, sino un evento que evoc\u00f3 la emoci\u00f3n y el arte de la moda. El escenario elegido sumergi\u00f3 a la audiencia en una experiencia sensorial, donde la m\u00fasica, la iluminaci\u00f3n y la puesta en escena convergieron para crear un ambiente inolvidable. Cada modelo desfilaba como si representara una narrativa, capturando la atenci\u00f3n y transportando a los espectadores a un mundo donde la moda se convierte en una forma de expresi\u00f3n.<\/p>\n<h3>Un Futuro Brillante<\/h3>\n<p>La colecci\u00f3n de oto\u00f1o de 2026 destaca no solo por sus prendas, sino por un enfoque hol\u00edstico que invita a la reflexi\u00f3n sobre el futuro de la moda. En una era donde cada decisi\u00f3n de estilo tiene el potencial de generar un gran impacto, esta propuesta se erige como un faro de creatividad y responsabilidad. Los amantes de la moda est\u00e1n llamados a explorar y abrazar estas tendencias, convirtiendo cada elecci\u00f3n de vestuario en un verdadero manifiesto de estilo y conciencia. <\/p>\n<p>Este es solo el comienzo de una era donde la moda no solo se viste, sino que tambi\u00e9n se vive. \u00a1La revoluci\u00f3n est\u00e1 aqu\u00ed, y es absolutamente maravillosa!<\/p>\n<p><em> &#8221; Fuentes www.vogue.com &#8221; <\/em><\/p>\n","protected":false},"excerpt":{"rendered":"<p>La Revoluci\u00f3n del Oto\u00f1o 2026: Estilo, Elegancia y Audacia El mundo de la moda siempre anticipa el futuro con fervor y creatividad, y la colecci\u00f3n de oto\u00f1o de 2026 ha marcado un hito que promete transformar el guardarropa contempor\u00e1neo. En un escenario donde la innovaci\u00f3n se encuentra con la tradici\u00f3n, esta l\u00ednea de pr\u00eat-\u00e0-porter destaca [&hellip;]<\/p>\n","protected":false},"author":14,"featured_media":1122258,"comment_status":"open","ping_status":"closed","sticky":false,"template":"","format":"standard","meta":{"om_disable_all_campaigns":false,"jnews-multi-image_gallery":[],"jnews_single_post":[],"jnews_primary_category":[],"jnews_social_meta":[],"footnotes":""},"categories":[144872],"tags":[40845,130092,89166,253544,263769,202046,127523,192704,160469,94447,200339,200418],"class_list":["post-1122257","post","type-post","status-publish","format-standard","has-post-thumbnail","hentry","category-fashion","tag-abra","tag-apparel","tag-designer","tag-fall-2026","tag-fall-2026-ready-to-wear","tag-fashion-collection","tag-fashion-industry","tag-haute-couture","tag-ready-to-wear","tag-runway","tag-runway_review","tag-style-trends"],"_links":{"self":[{"href":"https:\/\/dimensionturistica.com\/es\/wp-json\/wp\/v2\/posts\/1122257","targetHints":{"allow":["GET"]}}],"collection":[{"href":"https:\/\/dimensionturistica.com\/es\/wp-json\/wp\/v2\/posts"}],"about":[{"href":"https:\/\/dimensionturistica.com\/es\/wp-json\/wp\/v2\/types\/post"}],"author":[{"embeddable":true,"href":"https:\/\/dimensionturistica.com\/es\/wp-json\/wp\/v2\/users\/14"}],"replies":[{"embeddable":true,"href":"https:\/\/dimensionturistica.com\/es\/wp-json\/wp\/v2\/comments?post=1122257"}],"version-history":[{"count":1,"href":"https:\/\/dimensionturistica.com\/es\/wp-json\/wp\/v2\/posts\/1122257\/revisions"}],"predecessor-version":[{"id":1122259,"href":"https:\/\/dimensionturistica.com\/es\/wp-json\/wp\/v2\/posts\/1122257\/revisions\/1122259"}],"wp:featuredmedia":[{"embeddable":true,"href":"https:\/\/dimensionturistica.com\/es\/wp-json\/wp\/v2\/media\/1122258"}],"wp:attachment":[{"href":"https:\/\/dimensionturistica.com\/es\/wp-json\/wp\/v2\/media?parent=1122257"}],"wp:term":[{"taxonomy":"category","embeddable":true,"href":"https:\/\/dimensionturistica.com\/es\/wp-json\/wp\/v2\/categories?post=1122257"},{"taxonomy":"post_tag","embeddable":true,"href":"https:\/\/dimensionturistica.com\/es\/wp-json\/wp\/v2\/tags?post=1122257"}],"curies":[{"name":"wp","href":"https:\/\/api.w.org\/{rel}","templated":true}]}}