{"id":1122229,"date":"2026-03-09T14:03:52","date_gmt":"2026-03-09T14:03:52","guid":{"rendered":"https:\/\/dimensionturistica.com\/es\/?p=1122229"},"modified":"2026-03-09T14:03:52","modified_gmt":"2026-03-09T14:03:52","slug":"como-matthieu-blazy-evoca-el-legado-de-coco-chanel","status":"publish","type":"post","link":"https:\/\/dimensionturistica.com\/es\/como-matthieu-blazy-evoca-el-legado-de-coco-chanel\/","title":{"rendered":"C\u00f3mo Matthieu Blazy Evoca el Legado de Coco Chanel"},"content":{"rendered":"<h3>La Revoluci\u00f3n del Estilo: Un V\u00ednculo entre el Pasado y el Futuro<\/h3>\n<p>En un mundo donde la moda evoluciona a pasos agigantados, surge una figura que fusiona el legado de una de las dise\u00f1adoras m\u00e1s ic\u00f3nicas con un enfoque moderno y audaz. La marca Bottega Veneta, bajo la direcci\u00f3n creativa de Matthieu Blazy, se convierte en un escenario donde la esencia de Coco Chanel revive, pero con un giro contempor\u00e1neo que habla directamente a las nuevas generaciones.<\/p>\n<h4>El Renacer de la Elegancia<\/h4>\n<p>La audacia de Matthieu Blazy se manifiesta en cada colecci\u00f3n, reflejando un equilibrio entre la sofisticaci\u00f3n atemporal y la frescura del dise\u00f1o moderno. En su propuesta, los materiales de alta calidad son una constante, al igual que el intr\u00ednseco sentido de elegancia que Chanel personificaba. Esta dualidad no solo es un homenaje, sino tambi\u00e9n una reinterpretaci\u00f3n que busca resonar en un p\u00fablico diverso y globalizado.<\/p>\n<h4>Detalles que Hablan<\/h4>\n<p>Uno de los aspectos m\u00e1s destacados de la visi\u00f3n de Blazy es la atenci\u00f3n meticulosa a los detalles. Las siluetas, los cortes y los patrones no son meras decisiones est\u00e9ticas; son un di\u00e1logo entre \u00e9pocas, donde cada prenda cuenta una historia. Los colores neutros y las texturas envolventes se entrelazan para crear una narrativa poderosa que invita a la audiencia a reflexionar sobre el significado de la moda en el contexto social actual.<\/p>\n<h4>Innovaci\u00f3n en la Tradici\u00f3n<\/h4>\n<p>Lejos de limitarse a una simple relectura, Blazy busca innovar dentro de la tradici\u00f3n. Esto se traduce en la experimentaci\u00f3n con nuevas t\u00e9cnicas de confecci\u00f3n y en la incorporaci\u00f3n de elementos inesperados que rompen con lo convencional. Cada desfile es una experiencia que va m\u00e1s all\u00e1 de la simple exhibici\u00f3n; es un manifiesto que combina funcionalidad y arte, llevando la moda a nuevas alturas.<\/p>\n<h4>La Influencia de la Cultura Pop<\/h4>\n<p>El impacto de esta visi\u00f3n no se limita al \u00e1mbito de las pasarelas. Blazy ha sabido conectar con la cultura pop, haciendo que sus creaciones sean deseadas no solo por los amantes de la moda, sino tambi\u00e9n por influencers y celebridades que buscan formas de expresi\u00f3n \u00fanicas. Esta estrategia no solo ampl\u00eda el alcance de la marca, sino que tambi\u00e9n refuerza la idea de que la moda es un medio potente para la autoexpresi\u00f3n.<\/p>\n<h4>Un Futuro Prometedor<\/h4>\n<p>A medida que se siguen desvelando las colecciones de Matthieu Blazy, la expectativa crece. Con cada nueva temporada, promete no solo sorprender, sino tambi\u00e9n educar sobre la rica herencia de la moda, haciendo hincapi\u00e9 en la importancia de la sostenibilidad y la \u00e9tica en la industria. Este enfoque proactivo desaf\u00eda la narrativa tradicional y abre las puertas a un futuro donde la moda se adapta y evoluciona sin perder su esencia.<\/p>\n<p>La esencia de Coco Chanel se siente m\u00e1s viva que nunca en el trabajo de Matthieu Blazy, quien, a trav\u00e9s de su visi\u00f3n vanguardista, establece un puente entre lo cl\u00e1sico y lo moderno. Un llamado a la curiosidad y un testimonio de que la moda no es solo lo que llevamos, sino una declaraci\u00f3n constante de qui\u00e9nes somos y qu\u00e9 valoramos. Aunque se presentan riesgos, el potencial de esta nueva era es emocionante y, sin duda, merece ser celebrado.<\/p>\n<p><em> &#8221; Fuentes www.vogue.com &#8221; <\/em><\/p>\n","protected":false},"excerpt":{"rendered":"<p>La Revoluci\u00f3n del Estilo: Un V\u00ednculo entre el Pasado y el Futuro En un mundo donde la moda evoluciona a pasos agigantados, surge una figura que fusiona el legado de una de las dise\u00f1adoras m\u00e1s ic\u00f3nicas con un enfoque moderno y audaz. La marca Bottega Veneta, bajo la direcci\u00f3n creativa de Matthieu Blazy, se convierte [&hellip;]<\/p>\n","protected":false},"author":14,"featured_media":1122230,"comment_status":"open","ping_status":"closed","sticky":false,"template":"","format":"standard","meta":{"om_disable_all_campaigns":false,"jnews-multi-image_gallery":[],"jnews_single_post":[],"jnews_primary_category":[],"jnews_social_meta":[],"footnotes":""},"categories":[144872],"tags":[4664,202399,98945,29821,166,127523,201208,7536,30350,8774,221425,372],"class_list":["post-1122229","post","type-post","status-publish","format-standard","has-post-thumbnail","hentry","category-fashion","tag-chanel","tag-coco-chanel","tag-creativity","tag-design","tag-fashion","tag-fashion-industry","tag-from-the-archives","tag-heritage","tag-inspiration","tag-luxury","tag-matthieu-blazy","tag-style"],"_links":{"self":[{"href":"https:\/\/dimensionturistica.com\/es\/wp-json\/wp\/v2\/posts\/1122229","targetHints":{"allow":["GET"]}}],"collection":[{"href":"https:\/\/dimensionturistica.com\/es\/wp-json\/wp\/v2\/posts"}],"about":[{"href":"https:\/\/dimensionturistica.com\/es\/wp-json\/wp\/v2\/types\/post"}],"author":[{"embeddable":true,"href":"https:\/\/dimensionturistica.com\/es\/wp-json\/wp\/v2\/users\/14"}],"replies":[{"embeddable":true,"href":"https:\/\/dimensionturistica.com\/es\/wp-json\/wp\/v2\/comments?post=1122229"}],"version-history":[{"count":1,"href":"https:\/\/dimensionturistica.com\/es\/wp-json\/wp\/v2\/posts\/1122229\/revisions"}],"predecessor-version":[{"id":1122231,"href":"https:\/\/dimensionturistica.com\/es\/wp-json\/wp\/v2\/posts\/1122229\/revisions\/1122231"}],"wp:featuredmedia":[{"embeddable":true,"href":"https:\/\/dimensionturistica.com\/es\/wp-json\/wp\/v2\/media\/1122230"}],"wp:attachment":[{"href":"https:\/\/dimensionturistica.com\/es\/wp-json\/wp\/v2\/media?parent=1122229"}],"wp:term":[{"taxonomy":"category","embeddable":true,"href":"https:\/\/dimensionturistica.com\/es\/wp-json\/wp\/v2\/categories?post=1122229"},{"taxonomy":"post_tag","embeddable":true,"href":"https:\/\/dimensionturistica.com\/es\/wp-json\/wp\/v2\/tags?post=1122229"}],"curies":[{"name":"wp","href":"https:\/\/api.w.org\/{rel}","templated":true}]}}