{"id":1122209,"date":"2026-03-09T13:12:26","date_gmt":"2026-03-09T13:12:26","guid":{"rendered":"https:\/\/dimensionturistica.com\/es\/?p=1122209"},"modified":"2026-03-09T13:12:26","modified_gmt":"2026-03-09T13:12:26","slug":"anuncio-del-itinerario-oficial-de-la-visita-papal-al-principado-de-monaco","status":"publish","type":"post","link":"https:\/\/dimensionturistica.com\/es\/anuncio-del-itinerario-oficial-de-la-visita-papal-al-principado-de-monaco\/","title":{"rendered":"Anuncio del itinerario oficial de la visita papal al Principado de M\u00f3naco."},"content":{"rendered":"<h3>Un Viaje Hist\u00f3rico: El Papa en M\u00f3naco<\/h3>\n<p>El principado de M\u00f3naco, conocido por su lujo y belleza, se prepara para recibir a una figura de gran relevancia mundial: el Papa. Este evento, que marca un hito en la historia del peque\u00f1o pa\u00eds, tendr\u00e1 lugar el pr\u00f3ximo 25 de marzo, y promete ser una experiencia inolvidable tanto para los fieles como para los turistas que lleguen para ser parte de esta ocasi\u00f3n tan especial.<\/p>\n<p>La visita papal se enmarca en un evento significativo: la conmemoraci\u00f3n del d\u00e9cimo aniversario de la visita de San Juan Pablo II a M\u00f3naco. Esta ocasi\u00f3n no solo refuerza los lazos entre la Iglesia Cat\u00f3licay la comunidad local, sino que tambi\u00e9n destaca la importancia de la fe en un mundo cada vez m\u00e1s interconectado.<\/p>\n<h3>Un Itinerario Inspirador<\/h3>\n<p>El Papa tiene un programa bien estructurado que incluye una serie de actividades que atraer\u00e1n la atenci\u00f3n de visitantes y residentes por igual. Uno de los momentos m\u00e1s esperados ser\u00e1 la misa que se llevar\u00e1 a cabo en la espl\u00e9ndida Catedral de M\u00f3naco. Este lugar, que ya es un s\u00edmbolo de la fe para muchos, se transformar\u00e1 en un sagrado monumental donde los asistentes se unir\u00e1n en oraci\u00f3n y celebraci\u00f3n. <\/p>\n<p>Adem\u00e1s de la misa, el itinerario incluye encuentros con representantes de distintas organizaciones y asociaciones locales, destacando su compromiso con la paz, la solidaridad y la inclusi\u00f3n social. Esta interacci\u00f3n no solo resulta inspiradora, sino que tambi\u00e9n permitir\u00e1 un intercambio significativo entre el l\u00edder de la Iglesia y la comunidad monaguesca.<\/p>\n<h3>Un Atractivo Tur\u00edstico Adicional<\/h3>\n<p>La visita del Papa atrae a una afluencia considerable de turistas, quienes no solo buscan presenciar este evento, sino tambi\u00e9n disfrutar de las maravillas que M\u00f3naco tiene para ofrecer. Desde el glamuroso Casino de Montecarlo hasta los espl\u00e9ndidos paisajes del puerto y el famoso Palacio del Pr\u00edncipe, hay mucho que explorar en este microestado.<\/p>\n<p>M\u00f3naco, con su clima mediterr\u00e1neo y vistas espectaculares, es tambi\u00e9n un punto de partida ideal para excursiones a los alrededores. Los turistas pueden aventurarse a localidades como Niza y Cannes, sumergi\u00e9ndose en la rica cultura de la Riviera Francesa.<\/p>\n<h3>La Esperanza y el Compromiso<\/h3>\n<p>La visita del Papa a M\u00f3naco es, sin duda, un recordatorio de la importancia de la fe en tiempos inciertos. La esperanza que transmite no s\u00f3lo resonar\u00e1 en las paredes de la Catedral, sino que tambi\u00e9n se expandir\u00e1 a todos aquellos que viajan para ser parte de este evento hist\u00f3rico. <\/p>\n<p>Por lo tanto, si tienes la oportunidad de estar en M\u00f3naco el 25 de marzo, no s\u00f3lo ser\u00e1s testigo de una cita con la espiritualidad, sino que tambi\u00e9n disfrutar\u00e1s de un ambiente vibrante y acogedor que solamente este hermoso principado puede ofrecer.<\/p>\n<p>En conclusi\u00f3n, la visita del Papa a M\u00f3naco no es simplemente un evento religioso; es una celebraci\u00f3n de la vida, la paz y el sentido de comunidad. As\u00ed que, prepara tus maletas y \u00fanete a este viaje hist\u00f3rico que seguramente dejar\u00e1 una huella en el coraz\u00f3n de todos los que participen. \u00a1Nos vemos en M\u00f3naco!<\/p>\n<p><em> &#8221; Fuentes www.vaticannews.va &#8221; <\/em><\/p>\n","protected":false},"excerpt":{"rendered":"<p>Un Viaje Hist\u00f3rico: El Papa en M\u00f3naco El principado de M\u00f3naco, conocido por su lujo y belleza, se prepara para recibir a una figura de gran relevancia mundial: el Papa. Este evento, que marca un hito en la historia del peque\u00f1o pa\u00eds, tendr\u00e1 lugar el pr\u00f3ximo 25 de marzo, y promete ser una experiencia inolvidable [&hellip;]<\/p>\n","protected":false},"author":4,"featured_media":1122211,"comment_status":"open","ping_status":"closed","sticky":false,"template":"","format":"standard","meta":{"om_disable_all_campaigns":false,"jnews-multi-image_gallery":[],"jnews_single_post":[],"jnews_primary_category":[],"jnews_social_meta":[],"footnotes":""},"categories":[39],"tags":[270541,270542,1653,194476,17983,1331,107082,20207,222938,270540,269203,187242,20272,3422,38401,262358],"class_list":["post-1122209","post","type-post","status-publish","format-standard","has-post-thumbnail","hentry","category-viajes","tag-agenda-papal","tag-comunidad-catolica","tag-europa","tag-eventos-religiosos","tag-iglesia-catolica","tag-jovenes","tag-misa","tag-monaco","tag-papa-leon-xiv","tag-papal-visit","tag-principado-de-monaco","tag-programa-oficial","tag-turismo-religioso","tag-vaticano","tag-viaje-apostolico","tag-viaje-del-papa"],"_links":{"self":[{"href":"https:\/\/dimensionturistica.com\/es\/wp-json\/wp\/v2\/posts\/1122209","targetHints":{"allow":["GET"]}}],"collection":[{"href":"https:\/\/dimensionturistica.com\/es\/wp-json\/wp\/v2\/posts"}],"about":[{"href":"https:\/\/dimensionturistica.com\/es\/wp-json\/wp\/v2\/types\/post"}],"author":[{"embeddable":true,"href":"https:\/\/dimensionturistica.com\/es\/wp-json\/wp\/v2\/users\/4"}],"replies":[{"embeddable":true,"href":"https:\/\/dimensionturistica.com\/es\/wp-json\/wp\/v2\/comments?post=1122209"}],"version-history":[{"count":1,"href":"https:\/\/dimensionturistica.com\/es\/wp-json\/wp\/v2\/posts\/1122209\/revisions"}],"predecessor-version":[{"id":1122212,"href":"https:\/\/dimensionturistica.com\/es\/wp-json\/wp\/v2\/posts\/1122209\/revisions\/1122212"}],"wp:featuredmedia":[{"embeddable":true,"href":"https:\/\/dimensionturistica.com\/es\/wp-json\/wp\/v2\/media\/1122211"}],"wp:attachment":[{"href":"https:\/\/dimensionturistica.com\/es\/wp-json\/wp\/v2\/media?parent=1122209"}],"wp:term":[{"taxonomy":"category","embeddable":true,"href":"https:\/\/dimensionturistica.com\/es\/wp-json\/wp\/v2\/categories?post=1122209"},{"taxonomy":"post_tag","embeddable":true,"href":"https:\/\/dimensionturistica.com\/es\/wp-json\/wp\/v2\/tags?post=1122209"}],"curies":[{"name":"wp","href":"https:\/\/api.w.org\/{rel}","templated":true}]}}