{"id":1122122,"date":"2026-03-09T08:02:31","date_gmt":"2026-03-09T08:02:31","guid":{"rendered":"https:\/\/dimensionturistica.com\/es\/?p=1122122"},"modified":"2026-03-09T08:02:31","modified_gmt":"2026-03-09T08:02:31","slug":"diecisiete-anos-de-busqueda-la-historia-detras-del-documental-no-me-olviden-falto-yo","status":"publish","type":"post","link":"https:\/\/dimensionturistica.com\/es\/diecisiete-anos-de-busqueda-la-historia-detras-del-documental-no-me-olviden-falto-yo\/","title":{"rendered":"Diecisiete a\u00f1os de b\u00fasqueda: La historia detr\u00e1s del documental &#8220;No me olviden, falt\u00f3 yo&#8221;."},"content":{"rendered":"<h3>La Revoluci\u00f3n de la Memoria en la Moda: Un Viaje Audiovisual que No Puedes Perderte<\/h3>\n<p>En un mundo donde la moda evoluciona a una velocidad vertiginosa, un nuevo documental ha surgido para recordar a la audiencia la importancia de la historia detr\u00e1s de cada prenda. Este fascinante proyecto, que se sumerge en la vida y legado de un \u00edcono de la industria, invita a los espectadores a reflexionar sobre la conexi\u00f3n entre la creatividad y la memoria colectiva.<\/p>\n<p>La narrativa del documental va m\u00e1s all\u00e1 de la simple presentaci\u00f3n de moda; se convierte en una inmersi\u00f3n profunda en las emociones y experiencias que han dado forma al arte textil. A trav\u00e9s de entrevistas \u00edntimas y material de archivo, el documental brinda un vistazo a momentos cruciales que marcaron una \u00e9poca dorada de la moda, destacando el impacto trascendental de figuras que, aunque no siempre est\u00e1n en el centro de atenci\u00f3n, han dejado una huella imborrable.<\/p>\n<h3>Est\u00e9tica Visual que Captura<\/h3>\n<p>Desde el primer fotograma, la est\u00e9tica del documental deslumbra. Utilizando una paleta de colores que evoca la nostalgia y el glamour de \u00e9pocas pasadas, cada escena se convierte en una obra de arte. La atenci\u00f3n al detalle en la producci\u00f3n y el vestuario no solo destaca la belleza de las prendas, sino que tambi\u00e9n cuenta historias que trascienden generaciones.<\/p>\n<p>Los testimonios de expertos y colegas \u2014algunos de los cuales vivieron en primera persona los hitos del mundo de la moda\u2014 a\u00f1aden profundidad y contexto. Estas conmovedoras narrativas no solo iluminan el camino recorrido, sino que tambi\u00e9n desaf\u00edan a la nueva generaci\u00f3n de dise\u00f1adores a continuar la misi\u00f3n de crear mientras respetan y celebran la historia que les precede.<\/p>\n<h3>La Importancia de Recordar<\/h3>\n<p>A medida que avanza la trama, se hace evidente que recordarnos los logros pasados es esencial para construir el futuro. En un sector donde las tendencias cambian casi a diario, este documental plantea un cuestionamiento vital: \u00bfc\u00f3mo podemos seguir creando sin reconocer las ra\u00edces de nuestra inspiraci\u00f3n? La reflexi\u00f3n que suscita est\u00e1 dise\u00f1ada para motivar a las nuevas olas de creadores, a quienes se les recuerda que no deben olvidar a aquellos que allanaron el camino.<\/p>\n<p>La moda es, sin duda, una expresi\u00f3n cultural, y este documental se erige como un homenaje a sus diversas ra\u00edces. Con cada relato compartido, se refuerza la idea de que la moda no solo se trata de lo que se lleva puesto, sino de un lenguaje que comunica, recuerda y, a menudo, sana.<\/p>\n<h3>Una Oportunidad para Reflexionar y Conectar<\/h3>\n<p>El documental no solo es entretenimiento. Es un llamado a la acci\u00f3n, una invitaci\u00f3n a los espectadores a adentrarse en sus propias historias y reflexionar sobre c\u00f3mo la moda ha influenciado sus vidas. Facilita el entendimiento de que cada vestido, cada accesorio, cada dise\u00f1o tiene un antecedente, multiplicando as\u00ed el significado de lo que vestimos cada d\u00eda.<\/p>\n<p>El enfoque de este proyecto no se limita a la visualizaci\u00f3n; busca interacci\u00f3n. Las redes sociales est\u00e1n llenas de reacciones, comentarios y an\u00e1lisis en tiempo real, lo que genera un espacio de conversaci\u00f3n vibrante y enriquecedor. La audiencia se siente parte de un movimiento colectivo que aboga por la memoria y la apreciaci\u00f3n de la moda.<\/p>\n<h3>Conclusiones Abiertas y Futuro Prometedor<\/h3>\n<p>Este documental no solo es un tributo a figuras pasadas, sino un trampol\u00edn hacia el futuro. Presenta la moda como un campo en constante di\u00e1logo, donde las voces del pasado siguen resonando en las creaciones de hoy. A medida que la cultura de la moda contin\u00faa transform\u00e1ndose, este tipo de narrativas se vuelven esenciales para mantener viva la chispa de la creatividad y la innovaci\u00f3n.<\/p>\n<p>As\u00ed que, si a\u00fan no has tenido la oportunidad de sumergirte en esta historia cautivadora, no dudes en hacerlo. El legado de la moda depende de nosotros, y cada visualizaci\u00f3n es una afirmaci\u00f3n de que recordar es, en \u00faltima instancia, celebrar y construir sobre lo que ya existe.<\/p>\n<p><em> &#8221; Fuentes www.vogue.mx &#8221; <\/em><\/p>\n","protected":false},"excerpt":{"rendered":"<p>La Revoluci\u00f3n de la Memoria en la Moda: Un Viaje Audiovisual que No Puedes Perderte En un mundo donde la moda evoluciona a una velocidad vertiginosa, un nuevo documental ha surgido para recordar a la audiencia la importancia de la historia detr\u00e1s de cada prenda. Este fascinante proyecto, que se sumerge en la vida y [&hellip;]<\/p>\n","protected":false},"author":14,"featured_media":1122123,"comment_status":"open","ping_status":"closed","sticky":false,"template":"","format":"standard","meta":{"om_disable_all_campaigns":false,"jnews-multi-image_gallery":[],"jnews_single_post":[],"jnews_primary_category":[],"jnews_social_meta":[],"footnotes":""},"categories":[144872],"tags":[215573,6647,11549,30888,2588,18780,4693,79974,4285,9250,6643,270520,6174,196265,270521,142935],"class_list":["post-1122122","post","type-post","status-publish","format-standard","has-post-thumbnail","hentry","category-fashion","tag-17-anos","tag-amor","tag-angustia","tag-busqueda","tag-desaparicion","tag-dia-de-la-mujer","tag-documental","tag-emocion","tag-familia","tag-hija","tag-historia","tag-jose-luis-castillo","tag-memoria","tag-narracion","tag-no-me-olviden","tag-perseverancia"],"_links":{"self":[{"href":"https:\/\/dimensionturistica.com\/es\/wp-json\/wp\/v2\/posts\/1122122","targetHints":{"allow":["GET"]}}],"collection":[{"href":"https:\/\/dimensionturistica.com\/es\/wp-json\/wp\/v2\/posts"}],"about":[{"href":"https:\/\/dimensionturistica.com\/es\/wp-json\/wp\/v2\/types\/post"}],"author":[{"embeddable":true,"href":"https:\/\/dimensionturistica.com\/es\/wp-json\/wp\/v2\/users\/14"}],"replies":[{"embeddable":true,"href":"https:\/\/dimensionturistica.com\/es\/wp-json\/wp\/v2\/comments?post=1122122"}],"version-history":[{"count":1,"href":"https:\/\/dimensionturistica.com\/es\/wp-json\/wp\/v2\/posts\/1122122\/revisions"}],"predecessor-version":[{"id":1122124,"href":"https:\/\/dimensionturistica.com\/es\/wp-json\/wp\/v2\/posts\/1122122\/revisions\/1122124"}],"wp:featuredmedia":[{"embeddable":true,"href":"https:\/\/dimensionturistica.com\/es\/wp-json\/wp\/v2\/media\/1122123"}],"wp:attachment":[{"href":"https:\/\/dimensionturistica.com\/es\/wp-json\/wp\/v2\/media?parent=1122122"}],"wp:term":[{"taxonomy":"category","embeddable":true,"href":"https:\/\/dimensionturistica.com\/es\/wp-json\/wp\/v2\/categories?post=1122122"},{"taxonomy":"post_tag","embeddable":true,"href":"https:\/\/dimensionturistica.com\/es\/wp-json\/wp\/v2\/tags?post=1122122"}],"curies":[{"name":"wp","href":"https:\/\/api.w.org\/{rel}","templated":true}]}}