{"id":1122113,"date":"2026-03-09T07:09:23","date_gmt":"2026-03-09T07:09:23","guid":{"rendered":"https:\/\/dimensionturistica.com\/es\/?p=1122113"},"modified":"2026-03-09T07:09:23","modified_gmt":"2026-03-09T07:09:23","slug":"anticipando-la-moda-como-seran-los-mocasines-de-abuelo-para-la-temporada-otono-invierno-2026-y-las-mejores-formas-de-lucirlos","status":"publish","type":"post","link":"https:\/\/dimensionturistica.com\/es\/anticipando-la-moda-como-seran-los-mocasines-de-abuelo-para-la-temporada-otono-invierno-2026-y-las-mejores-formas-de-lucirlos\/","title":{"rendered":"Anticipando la moda: c\u00f3mo ser\u00e1n los mocasines de abuelo para la temporada Oto\u00f1o-Invierno 2026 y las mejores formas de lucirlos."},"content":{"rendered":"<h3>Mocasines de Abuelo: La Tendencia Clave para Oto\u00f1o-Invierno 2026<\/h3>\n<p>La temporada de oto\u00f1o-invierno 2026 ya est\u00e1 aqu\u00ed y con ella una de las tendencias m\u00e1s inesperadas y encantadoras: los mocasines de abuelo. Esta pieza ic\u00f3nica ha resurgido con fuerza, consolid\u00e1ndose como un must-have en el armario de los fashionistas. Pero, \u00bfc\u00f3mo se pueden incorporar de manera efectiva en tu estilo diario? Aqu\u00ed te damos las claves.<\/p>\n<h4>Versatilidad a tu Alcance<\/h4>\n<p>Los mocasines de abuelo son sin\u00f3nimo de comodidad sin sacrificar el estilo. Su dise\u00f1o cl\u00e1sico permite combinaciones infinitas, adapt\u00e1ndose tanto a looks casuales como a propuestas m\u00e1s elegantes. Optar por un par de mocasines en tonos tierra o pasteles asegura un toque de distinci\u00f3n a cualquier outfit. Imagina llevarlos con un pantal\u00f3n de lana y un abrigo de corte oversized, o incluso con un vestido midi, creando un contraste perfecto.<\/p>\n<h4>Elegancia desde el Pisot\u00f3n<\/h4>\n<p>Aprovechando su esencia atemporal, estos mocasines ofrecen la oportunidad de jugar con diversas texturas. Experimentar con materiales como el ante, el charol o incluso el cuero cl\u00e1sico puede transformar completamente el enfoque de tu atuendo. Un calzado en piel met\u00e1lica puede aportar un giro audaz, elevando un ensemble sencillo a uno de alta moda.<\/p>\n<h4>Accesorios que Complementan<\/h4>\n<p>No subestimes el poder de los accesorios. Unas calcetas gruesas, un sombrero de fieltro o un bolso de dise\u00f1o minimalista pueden ser la chispa que encienda tu look. La clave est\u00e1 en equilibrar la paleta de colores. Si los mocasines son la estrella, el resto del conjunto debe estar en sinton\u00eda para no desentonar.<\/p>\n<h4>Impacto en Eventos Especiales<\/h4>\n<p>La versatilidad de estos zapatos tambi\u00e9n se extiende a eventos formales. Un par de mocasines de abuelo con detalles llamativos puede ser la opci\u00f3n perfecta para una cena o un evento de networking. Comb\u00ednalos con un traje pantal\u00f3n bien entallado y observa c\u00f3mo atraen las miradas.<\/p>\n<h4>Conclusiones Pr\u00e1cticas<\/h4>\n<p>Incorporar mocasines de abuelo en tu guardarropa no solo garantiza un toque de sofisticaci\u00f3n, sino que tambi\u00e9n ofrece una soluci\u00f3n pr\u00e1ctica para enfrentar los d\u00edas m\u00e1s fr\u00edos. Elegir un dise\u00f1o con suela resistente y forro c\u00e1lido es fundamental para garantizar comodidad y estilo. <\/p>\n<h3>En Resumen<\/h3>\n<p>La temporada de oto\u00f1o-invierno 2026 apuesta por una combinaci\u00f3n de comodidad y elegancia con los mocasines de abuelo. Este calzado, vers\u00e1til y lleno de car\u00e1cter, promete ser un aliado perfecto para cualquier ocasi\u00f3n. Atr\u00e9vete a experimentar y deja que tus pies hablen por ti esta temporada. \u00a1El estilo nunca fue tan c\u00f3modo!<\/p>\n<p><em> &#8221; Fuentes www.vogue.mx &#8221; <\/em><\/p>\n","protected":false},"excerpt":{"rendered":"<p>Mocasines de Abuelo: La Tendencia Clave para Oto\u00f1o-Invierno 2026 La temporada de oto\u00f1o-invierno 2026 ya est\u00e1 aqu\u00ed y con ella una de las tendencias m\u00e1s inesperadas y encantadoras: los mocasines de abuelo. Esta pieza ic\u00f3nica ha resurgido con fuerza, consolid\u00e1ndose como un must-have en el armario de los fashionistas. Pero, \u00bfc\u00f3mo se pueden incorporar de [&hellip;]<\/p>\n","protected":false},"author":14,"featured_media":1122114,"comment_status":"open","ping_status":"closed","sticky":false,"template":"","format":"standard","meta":{"om_disable_all_campaigns":false,"jnews-multi-image_gallery":[],"jnews_single_post":[],"jnews_primary_category":[],"jnews_social_meta":[],"footnotes":""},"categories":[144872],"tags":[40458,44607,3743,7758,160411,202220,270519,659,214561,204909,1252,22873,16753],"class_list":["post-1122113","post","type-post","status-publish","format-standard","has-post-thumbnail","hentry","category-fashion","tag-calzado","tag-combinacion","tag-diseno","tag-estilo","tag-fashion-week","tag-hermes","tag-mocasines-de-abuelo","tag-moda","tag-otono-invierno-2026","tag-paris-fashion-week","tag-tendencia","tag-tendencias-de-moda","tag-zapatos"],"_links":{"self":[{"href":"https:\/\/dimensionturistica.com\/es\/wp-json\/wp\/v2\/posts\/1122113","targetHints":{"allow":["GET"]}}],"collection":[{"href":"https:\/\/dimensionturistica.com\/es\/wp-json\/wp\/v2\/posts"}],"about":[{"href":"https:\/\/dimensionturistica.com\/es\/wp-json\/wp\/v2\/types\/post"}],"author":[{"embeddable":true,"href":"https:\/\/dimensionturistica.com\/es\/wp-json\/wp\/v2\/users\/14"}],"replies":[{"embeddable":true,"href":"https:\/\/dimensionturistica.com\/es\/wp-json\/wp\/v2\/comments?post=1122113"}],"version-history":[{"count":1,"href":"https:\/\/dimensionturistica.com\/es\/wp-json\/wp\/v2\/posts\/1122113\/revisions"}],"predecessor-version":[{"id":1122115,"href":"https:\/\/dimensionturistica.com\/es\/wp-json\/wp\/v2\/posts\/1122113\/revisions\/1122115"}],"wp:featuredmedia":[{"embeddable":true,"href":"https:\/\/dimensionturistica.com\/es\/wp-json\/wp\/v2\/media\/1122114"}],"wp:attachment":[{"href":"https:\/\/dimensionturistica.com\/es\/wp-json\/wp\/v2\/media?parent=1122113"}],"wp:term":[{"taxonomy":"category","embeddable":true,"href":"https:\/\/dimensionturistica.com\/es\/wp-json\/wp\/v2\/categories?post=1122113"},{"taxonomy":"post_tag","embeddable":true,"href":"https:\/\/dimensionturistica.com\/es\/wp-json\/wp\/v2\/tags?post=1122113"}],"curies":[{"name":"wp","href":"https:\/\/api.w.org\/{rel}","templated":true}]}}