{"id":1122099,"date":"2026-03-09T06:16:52","date_gmt":"2026-03-09T06:16:52","guid":{"rendered":"https:\/\/dimensionturistica.com\/es\/?p=1122099"},"modified":"2026-03-09T06:16:52","modified_gmt":"2026-03-09T06:16:52","slug":"bajo-la-locura-de-chanel-en-paris","status":"publish","type":"post","link":"https:\/\/dimensionturistica.com\/es\/bajo-la-locura-de-chanel-en-paris\/","title":{"rendered":"Bajo la Locura de Chanel en Par\u00eds"},"content":{"rendered":"<h3>La Frenes\u00ed de Chanel en Par\u00eds: Un Espect\u00e1culo de Moda Sin Precedentes<\/h3>\n<p>Desde las calles empedradas de Par\u00eds hasta las pantallas de miles de seguidores en todo el mundo, el desfile de Chanel ha emergido como uno de los eventos m\u00e1s esperados de la temporada. La maison, reconocida por su legado de elegancia, ha logrado, una vez m\u00e1s, atraer la atenci\u00f3n de la industria y de los amantes de la moda, convirtiendo la presentaci\u00f3n de su colecci\u00f3n en un aut\u00e9ntico espect\u00e1culo visual.<\/p>\n<h4>El Escenario Perfecto<\/h4>\n<p>El desfile tuvo lugar en un entorno que evocaba la esencia misma de la marca: la ic\u00f3nica fachada de la tienda en la Rue Cambon. Este espacio no solo es un punto de referencia para los entusiastas de la moda, sino tambi\u00e9n un s\u00edmbolo de la historia de Chanel. Las luces, enmarcando el evento, se encendieron como preludio de la experiencia que estaba por unfoldarse.<\/p>\n<h4>Moda y Tecnolog\u00eda: Una Sinergia Innovadora<\/h4>\n<p>Por primera vez, Chanel ha integrado tecnolog\u00eda de punta para ofrecer una experiencia completamente inmersiva. Los asistentes no solo disfrutaron del desfile en tiempo real, sino que tambi\u00e9n pudieron participar de manera interactiva a trav\u00e9s de aplicaciones m\u00f3viles y plataformas digitales. Esta estrategia no solo ampl\u00eda el alcance del evento, sino que tambi\u00e9n involucra a una audiencia m\u00e1s amplia, que va m\u00e1s all\u00e1 de los asistentes presenciales.<\/p>\n<h4>La Colecci\u00f3n: Un Viaje Visual<\/h4>\n<p>Los looks presentados han sido una afirmaci\u00f3n del estilo atemporal que caracteriza a Chanel, combinado con toques contempor\u00e1neos. Los dise\u00f1os reflejan una cuidadosa atenci\u00f3n al detalle, incorporando elementos que rinden homenaje a la herencia de la marca, mientras se atreven a explorar nuevas narrativas visuales. Desde las siluetas cl\u00e1sicas que han definido d\u00e9cadas de moda hasta las texturas innovadoras, cada pieza narra una historia \u00fanica.<\/p>\n<h4>La Influencia de las Estrellas<\/h4>\n<p>El evento se convirti\u00f3 en un im\u00e1n para las celebridades y personalidades de la moda, quienes no solo asistieron, sino que se convirtieron en parte activa de la experiencia. Las redes sociales estallaron con im\u00e1genes de estos \u00edconos, llevando el frenes\u00ed mucho m\u00e1s all\u00e1 de lo f\u00edsico, convirtiendo el desfile en un t\u00f3pico de conversaci\u00f3n global.<\/p>\n<h4>Un Legado en Evoluci\u00f3n<\/h4>\n<p>La estrategia de Chanel para mantener su relevancia en un mundo donde la moda se reinterpreta constantemente es digna de an\u00e1lisis. La capacidad de la casa para escudri\u00f1ar en su rica historia y simult\u00e1neamente avanzar hacia el futuro demuestra una maestr\u00eda en el arte de la moda. La maison ha establecido un est\u00e1ndar que no solo desaf\u00eda las convenciones, sino que tambi\u00e9n invita a la reflexi\u00f3n sobre el futuro de la moda.<\/p>\n<h3>Cierre de \u00c9xito<\/h3>\n<p>Aunque el evento culmin\u00f3, los ecos del desfile contin\u00faan resonando en la comunidad de la moda. Chanel ha marcado un hito, reavivando la emoci\u00f3n en torno a su legado y brindando un vistazo de lo que est\u00e1 por venir. La interacci\u00f3n entre la moda y la tecnolog\u00eda, la presencia de celebridades, y la experiencia \u00fanica ofrecida han elevado el est\u00e1ndar de lo que se puede esperar de un desfile en esta era digital. Sin lugar a dudas, lo que ocurri\u00f3 en Par\u00eds es un testimonio del poder eterno de Chanel y su continua capacidad de innovar y sorprender.<\/p>\n<p><em> &#8221; Fuentes www.vogue.com &#8221; <\/em><\/p>\n","protected":false},"excerpt":{"rendered":"<p>La Frenes\u00ed de Chanel en Par\u00eds: Un Espect\u00e1culo de Moda Sin Precedentes Desde las calles empedradas de Par\u00eds hasta las pantallas de miles de seguidores en todo el mundo, el desfile de Chanel ha emergido como uno de los eventos m\u00e1s esperados de la temporada. La maison, reconocida por su legado de elegancia, ha logrado, [&hellip;]<\/p>\n","protected":false},"author":14,"featured_media":1122102,"comment_status":"open","ping_status":"closed","sticky":false,"template":"","format":"standard","meta":{"om_disable_all_campaigns":false,"jnews-multi-image_gallery":[],"jnews_single_post":[],"jnews_primary_category":[],"jnews_social_meta":[],"footnotes":""},"categories":[144872],"tags":[270518,4664,29821,50180,166,127523,192704,69354,309,171201,2289,6194],"class_list":["post-1122099","post","type-post","status-publish","format-standard","has-post-thumbnail","hentry","category-fashion","tag-brand-culture","tag-chanel","tag-design","tag-events","tag-fashion","tag-fashion-industry","tag-haute-couture","tag-latest","tag-lifestyle","tag-luxury-brands","tag-paris","tag-trends"],"_links":{"self":[{"href":"https:\/\/dimensionturistica.com\/es\/wp-json\/wp\/v2\/posts\/1122099","targetHints":{"allow":["GET"]}}],"collection":[{"href":"https:\/\/dimensionturistica.com\/es\/wp-json\/wp\/v2\/posts"}],"about":[{"href":"https:\/\/dimensionturistica.com\/es\/wp-json\/wp\/v2\/types\/post"}],"author":[{"embeddable":true,"href":"https:\/\/dimensionturistica.com\/es\/wp-json\/wp\/v2\/users\/14"}],"replies":[{"embeddable":true,"href":"https:\/\/dimensionturistica.com\/es\/wp-json\/wp\/v2\/comments?post=1122099"}],"version-history":[{"count":1,"href":"https:\/\/dimensionturistica.com\/es\/wp-json\/wp\/v2\/posts\/1122099\/revisions"}],"predecessor-version":[{"id":1122103,"href":"https:\/\/dimensionturistica.com\/es\/wp-json\/wp\/v2\/posts\/1122099\/revisions\/1122103"}],"wp:featuredmedia":[{"embeddable":true,"href":"https:\/\/dimensionturistica.com\/es\/wp-json\/wp\/v2\/media\/1122102"}],"wp:attachment":[{"href":"https:\/\/dimensionturistica.com\/es\/wp-json\/wp\/v2\/media?parent=1122099"}],"wp:term":[{"taxonomy":"category","embeddable":true,"href":"https:\/\/dimensionturistica.com\/es\/wp-json\/wp\/v2\/categories?post=1122099"},{"taxonomy":"post_tag","embeddable":true,"href":"https:\/\/dimensionturistica.com\/es\/wp-json\/wp\/v2\/tags?post=1122099"}],"curies":[{"name":"wp","href":"https:\/\/api.w.org\/{rel}","templated":true}]}}