{"id":1122065,"date":"2026-03-09T04:00:30","date_gmt":"2026-03-09T04:00:30","guid":{"rendered":"https:\/\/dimensionturistica.com\/es\/?p=1122065"},"modified":"2026-03-09T04:00:30","modified_gmt":"2026-03-09T04:00:30","slug":"inauguracion-del-programa-rutas-culturales-para-mayores-en-cantabria-por-parte-de-la-universidad-y-el-ejecutivo-regional","status":"publish","type":"post","link":"https:\/\/dimensionturistica.com\/es\/inauguracion-del-programa-rutas-culturales-para-mayores-en-cantabria-por-parte-de-la-universidad-y-el-ejecutivo-regional\/","title":{"rendered":"Inauguraci\u00f3n del programa \u2018Rutas culturales para mayores en Cantabria\u2019 por parte de la universidad y el Ejecutivo regional."},"content":{"rendered":"<h3>Descubriendo Cantabria: Un Viaje Cultural para la Tercera Edad<\/h3>\n<p>Cantabria se prepara para recibir a un segmento de la poblaci\u00f3n muchas veces pasado por alto: los amantes de la cultura en su etapa senior. Con el lanzamiento de un ambicioso programa de Rutas Culturales, la Universidad Nacional de Educaci\u00f3n a Distancia (UNAV) y el Gobierno de Cantabria se unen para ofrecer a los adultos mayores una oportunidad \u00fanica de redescubrir esta hermosa regi\u00f3n del norte de Espa\u00f1a.<\/p>\n<h4>Un Viaje a Trav\u00e9s del Tiempo<\/h4>\n<p>Las Rutas Culturales no son solo una serie de paseos, sino un viaje a trav\u00e9s de la historia, el arte y la tradici\u00f3n de Cantabria. Se han dise\u00f1ado itinerarios que recorren lugares emblem\u00e1ticos como cuevas prehist\u00f3ricas, arquitecturas medievales y paisajes naturales sorprendentes. Cada ruta ser\u00e1 guiada por expertos que compartir\u00e1n an\u00e9cdotas y datos curiosos, haciendo que cada paso se sienta como una lecci\u00f3n de vida.<\/p>\n<h4>Accesibilidad y Comodidad<\/h4>\n<p>Una de las principales preocupaciones de los organizadores ha sido garantizar que estas actividades sean accesibles para todos los participantes. Se han tenido en cuenta aspectos como la facilidad de desplazamiento y el ritmo de cada actividad, asegurando que la experiencia sea agradable y enriquecedora para todos.<\/p>\n<h4>Conexiones y Redes<\/h4>\n<p>M\u00e1s all\u00e1 de la riqueza cultural, estas rutas tambi\u00e9n pretenden ser un espacio para la socializaci\u00f3n. En un mundo cada vez m\u00e1s individualista, el programa ofrece la oportunidad de crear nuevas amistades y conexiones. Compartir la experiencia con otros de la misma edad proporciona un ambiente propicio para el intercambio de historias y vivencias.<\/p>\n<h4>Un Legado Cultural Rico<\/h4>\n<p>Cantabria no solo es famosa por su impresionante costa y monta\u00f1as, sino que tambi\u00e9n es un crisol de tradiciones que han perdurado a lo largo de los siglos. Desde la gastronom\u00eda local hasta las festividades tradicionales, los participantes tendr\u00e1n la oportunidad de sumergirse en el coraz\u00f3n de la cultura c\u00e1ntabra. <\/p>\n<h4>M\u00e1s que Turismo: Creaci\u00f3n de Memorias<\/h4>\n<p>Los organizadores han enfatizado que el programa va m\u00e1s all\u00e1 del simple turismo; se trata de crear recuerdos y momentos significativos. El enfoque en la tercera edad tambi\u00e9n subraya la importancia de reconocer y valorar la historia colectiva y personal de cada individuo.<\/p>\n<h4>Cierre y Reflexiones<\/h4>\n<p>El lanzamiento de las Rutas Culturales en Cantabria representa un paso significativo hacia un turismo inclusivo. Invita a la reflexi\u00f3n sobre c\u00f3mo las experiencias culturales pueden enriquecer nuestras vidas a cualquier edad. Ya sea que vivas en la regi\u00f3n o decidas viajar desde otras partes del pa\u00eds, no hay mejor momento que ahora para explorar las maravillas que Cantabria tiene para ofrecer.<\/p>\n<p>No pierdas la oportunidad de ser parte de esta iniciativa que transforma a los participantes en protagonistas de su propio viaje cultural. \u00a1Cantabria te espera con los brazos abiertos!<\/p>\n<p><em> &#8221; Sources gacetadelturismo.com &#8221; <\/em><\/p>\n","protected":false},"excerpt":{"rendered":"<p>Descubriendo Cantabria: Un Viaje Cultural para la Tercera Edad Cantabria se prepara para recibir a un segmento de la poblaci\u00f3n muchas veces pasado por alto: los amantes de la cultura en su etapa senior. Con el lanzamiento de un ambicioso programa de Rutas Culturales, la Universidad Nacional de Educaci\u00f3n a Distancia (UNAV) y el Gobierno [&hellip;]<\/p>\n","protected":false},"author":4,"featured_media":1122066,"comment_status":"open","ping_status":"closed","sticky":false,"template":"","format":"standard","meta":{"om_disable_all_campaigns":false,"jnews-multi-image_gallery":[],"jnews_single_post":[],"jnews_primary_category":[],"jnews_social_meta":[],"footnotes":""},"categories":[40],"tags":[5845,662,724,270494,7549,1819,147012,9332,544,4029],"class_list":["post-1122065","post","type-post","status-publish","format-standard","has-post-thumbnail","hentry","category-industria","tag-cantabria","tag-cultura","tag-eventos","tag-gobierno-de-cantabria","tag-iniciativas","tag-programa","tag-rutas-culturales","tag-senior","tag-turismo","tag-unav"],"_links":{"self":[{"href":"https:\/\/dimensionturistica.com\/es\/wp-json\/wp\/v2\/posts\/1122065","targetHints":{"allow":["GET"]}}],"collection":[{"href":"https:\/\/dimensionturistica.com\/es\/wp-json\/wp\/v2\/posts"}],"about":[{"href":"https:\/\/dimensionturistica.com\/es\/wp-json\/wp\/v2\/types\/post"}],"author":[{"embeddable":true,"href":"https:\/\/dimensionturistica.com\/es\/wp-json\/wp\/v2\/users\/4"}],"replies":[{"embeddable":true,"href":"https:\/\/dimensionturistica.com\/es\/wp-json\/wp\/v2\/comments?post=1122065"}],"version-history":[{"count":1,"href":"https:\/\/dimensionturistica.com\/es\/wp-json\/wp\/v2\/posts\/1122065\/revisions"}],"predecessor-version":[{"id":1122067,"href":"https:\/\/dimensionturistica.com\/es\/wp-json\/wp\/v2\/posts\/1122065\/revisions\/1122067"}],"wp:featuredmedia":[{"embeddable":true,"href":"https:\/\/dimensionturistica.com\/es\/wp-json\/wp\/v2\/media\/1122066"}],"wp:attachment":[{"href":"https:\/\/dimensionturistica.com\/es\/wp-json\/wp\/v2\/media?parent=1122065"}],"wp:term":[{"taxonomy":"category","embeddable":true,"href":"https:\/\/dimensionturistica.com\/es\/wp-json\/wp\/v2\/categories?post=1122065"},{"taxonomy":"post_tag","embeddable":true,"href":"https:\/\/dimensionturistica.com\/es\/wp-json\/wp\/v2\/tags?post=1122065"}],"curies":[{"name":"wp","href":"https:\/\/api.w.org\/{rel}","templated":true}]}}