{"id":1121982,"date":"2026-03-08T22:02:45","date_gmt":"2026-03-08T22:02:45","guid":{"rendered":"https:\/\/dimensionturistica.com\/es\/?p=1121982"},"modified":"2026-03-08T22:02:45","modified_gmt":"2026-03-08T22:02:45","slug":"el-74-de-los-cruceros-programados-para-2025-en-la-costa-brava-arribara-durante-la-temporada-baja","status":"publish","type":"post","link":"https:\/\/dimensionturistica.com\/es\/el-74-de-los-cruceros-programados-para-2025-en-la-costa-brava-arribara-durante-la-temporada-baja\/","title":{"rendered":"El 74% de los cruceros programados para 2025 en la Costa Brava arribar\u00e1 durante la temporada baja"},"content":{"rendered":"<h3>Costa Brava: Un Destino Estelar para Cruceros en Temporada Baja<\/h3>\n<p>La Costa Brava, conocida por su impresionante belleza natural y un patrimonio cultural rico, se prepara para recibir un afluente de cruceros que cambiar\u00e1 la percepci\u00f3n sobre su temporada baja. En 2025, se espera que un vasto n\u00famero de embarcaciones del sector de cruceros anclen en sus puertos, proporcionando no solo un impulso econ\u00f3mico significativo, sino tambi\u00e9n una oportunidad \u00fanica para explorar sus encantos en momentos menos concurridos.<\/p>\n<h4>Un Aumento Sorprendente en el Turismo de Cruceros<\/h4>\n<p>La cifra revela que un asombroso 74% de los cruceros programados para la temporada de 2025 llegar\u00e1n a la Costa Brava en meses que tradicionalmente no est\u00e1n ocupados por turistas. Este fen\u00f3meno abre un abanico de posibilidades tanto para los visitantes como para la comunidad local. Con la afluencia de pasajeros durante la temporada baja, la regi\u00f3n ganar\u00e1 un nuevo dinamismo, y los viajes en crucero se convertir\u00e1n en una forma popular de descubrir la riqueza cultural y natural de esta joya catalana.<\/p>\n<h4>Explorando la Costa Brava<\/h4>\n<p>La Costa Brava, que se extiende a lo largo de la costa noreste de Espa\u00f1a, no solo es famosa por sus calas escondidas y su aguas cristalinas, sino tambi\u00e9n por sus pintorescos pueblos como Cadaqu\u00e9s, con su arquitectura blanca y sus callejuelas empedradas. Cada puerto que recibe a los cruceros ofrece una experiencia singular. Los visitantes podr\u00e1n disfrutar de la deliciosa gastronom\u00eda local, que incluye platillos frescos del mar, as\u00ed como una variedad de vinos de renombre.<\/p>\n<p>Los recorridos culturales est\u00e1n dise\u00f1ados para resaltar la historia rica de la regi\u00f3n, desde las ruinas romanas de Emp\u00faries hasta el legado del artista Salvador Dal\u00ed. Adem\u00e1s, el ecoturismo se presenta como una opci\u00f3n atractiva, permitiendo a los viajeros explorar la belleza del Parque Natural de Cap de Creus o el Parque Natural de Aiguamolls de l\u2019Empord\u00e0.<\/p>\n<h4>Beneficios para la Comunidad<\/h4>\n<p>La llegada de cruceros en temporada baja tambi\u00e9n representa una oportunidad vital para las comunidades locales. Los peque\u00f1os comerciantes y artesanos podr\u00e1n exhibir sus productos a una base de clientes ampliada. Los restaurantes, tiendas y gu\u00edas tur\u00edsticos encontrar\u00e1n en esta nueva din\u00e1mica un respiro necesario que puede traducirse en la creaci\u00f3n de empleo y el fortalecimiento de la econom\u00eda local.<\/p>\n<p>Adem\u00e1s, esta iniciativa contribuye a diversificar la oferta tur\u00edstica, alej\u00e1ndose de la masificaci\u00f3n que suele caracterizar a los meses de verano y permitiendo que los visitantes tengan una experiencia m\u00e1s aut\u00e9ntica y personalizada.<\/p>\n<h4>Un Futuro Prometedor<\/h4>\n<p>La integraci\u00f3n de los cruceros a la oferta tur\u00edstica de la Costa Brava durante la temporada baja puede marcar un antes y un despu\u00e9s en la promoci\u00f3n del turismo responsable. Al igual que muchos destinos en el mundo, la regi\u00f3n ha tenido que adaptarse a los cambios y desaf\u00edos del sector, y esta nueva estrategia es un claro ejemplo de innovaci\u00f3n y resiliencia.<\/p>\n<p>As\u00ed, la Costa Brava no solo se posiciona como un destino ideal durante el verano, sino que se transforma en un lugar vibrante y acogedor durante todo el a\u00f1o. La mirada hacia el futuro resulta prometedora, y la pr\u00f3xima temporada de cruceros podr\u00eda ser el catalizador para un renacer tur\u00edstico que beneficie a todos. <\/p>\n<p>Invitamos a los viajeros a marcar sus calendarios y a prepararse para una experiencia inolvidable en este rinc\u00f3n de Espa\u00f1a que tiene mucho m\u00e1s que ofrecer de lo que uno podr\u00eda imaginar. Prep\u00e1rense para navegar hacia la Costa Brava y dejarse sorprender por sus tesoros escondidos.<\/p>\n<p><em> &#8221; Fuentes portalcruceros.cl &#8221; <\/em><\/p>\n","protected":false},"excerpt":{"rendered":"<p>Costa Brava: Un Destino Estelar para Cruceros en Temporada Baja La Costa Brava, conocida por su impresionante belleza natural y un patrimonio cultural rico, se prepara para recibir un afluente de cruceros que cambiar\u00e1 la percepci\u00f3n sobre su temporada baja. En 2025, se espera que un vasto n\u00famero de embarcaciones del sector de cruceros anclen [&hellip;]<\/p>\n","protected":false},"author":4,"featured_media":1121983,"comment_status":"open","ping_status":"closed","sticky":false,"template":"","format":"standard","meta":{"om_disable_all_campaigns":false,"jnews-multi-image_gallery":[],"jnews_single_post":[],"jnews_primary_category":[],"jnews_social_meta":[],"footnotes":""},"categories":[41],"tags":[27305,11518,543,715,770,110676,170666,30076,2182,544,545],"class_list":["post-1121982","post","type-post","status-publish","format-standard","has-post-thumbnail","hentry","category-cruceros","tag-27305","tag-costa-brava","tag-cruceros","tag-economia","tag-espana","tag-ig","tag-industria-maritima","tag-temporada-baja","tag-tendencias","tag-turismo","tag-viajes"],"_links":{"self":[{"href":"https:\/\/dimensionturistica.com\/es\/wp-json\/wp\/v2\/posts\/1121982","targetHints":{"allow":["GET"]}}],"collection":[{"href":"https:\/\/dimensionturistica.com\/es\/wp-json\/wp\/v2\/posts"}],"about":[{"href":"https:\/\/dimensionturistica.com\/es\/wp-json\/wp\/v2\/types\/post"}],"author":[{"embeddable":true,"href":"https:\/\/dimensionturistica.com\/es\/wp-json\/wp\/v2\/users\/4"}],"replies":[{"embeddable":true,"href":"https:\/\/dimensionturistica.com\/es\/wp-json\/wp\/v2\/comments?post=1121982"}],"version-history":[{"count":1,"href":"https:\/\/dimensionturistica.com\/es\/wp-json\/wp\/v2\/posts\/1121982\/revisions"}],"predecessor-version":[{"id":1121984,"href":"https:\/\/dimensionturistica.com\/es\/wp-json\/wp\/v2\/posts\/1121982\/revisions\/1121984"}],"wp:featuredmedia":[{"embeddable":true,"href":"https:\/\/dimensionturistica.com\/es\/wp-json\/wp\/v2\/media\/1121983"}],"wp:attachment":[{"href":"https:\/\/dimensionturistica.com\/es\/wp-json\/wp\/v2\/media?parent=1121982"}],"wp:term":[{"taxonomy":"category","embeddable":true,"href":"https:\/\/dimensionturistica.com\/es\/wp-json\/wp\/v2\/categories?post=1121982"},{"taxonomy":"post_tag","embeddable":true,"href":"https:\/\/dimensionturistica.com\/es\/wp-json\/wp\/v2\/tags?post=1121982"}],"curies":[{"name":"wp","href":"https:\/\/api.w.org\/{rel}","templated":true}]}}