{"id":1121931,"date":"2026-03-08T18:35:00","date_gmt":"2026-03-08T18:35:00","guid":{"rendered":"https:\/\/dimensionturistica.com\/es\/?p=1121931"},"modified":"2026-03-08T18:35:00","modified_gmt":"2026-03-08T18:35:00","slug":"las-mujeres-que-lideran-la-transformacion-tecnologica-del-transporte-en-mexico","status":"publish","type":"post","link":"https:\/\/dimensionturistica.com\/es\/las-mujeres-que-lideran-la-transformacion-tecnologica-del-transporte-en-mexico\/","title":{"rendered":"Las Mujeres que lideran la transformaci\u00f3n tecnol\u00f3gica del transporte en M\u00e9xico"},"content":{"rendered":"\n<p>El autotransporte de carga en M\u00e9xico vive uno de sus momentos m\u00e1s din\u00e1micos en a\u00f1os recientes. En 2024, el personal ocupado en el sector de transportes, correos y almacenamiento creci\u00f3 6.4 %, de acuerdo con la Encuesta Anual de Transportes (EAT) del INEGI. En particular, el autotransporte de carga especializado no solo increment\u00f3 su plantilla en 19.4 %, sino que registr\u00f3 el mayor crecimiento en ingresos del sector, con un alza de 38.8 %<\/p>\n\n\n\n<figure class=\"wp-block-gallery has-nested-images columns-default is-cropped wp-block-gallery-1 is-layout-flex wp-block-gallery-is-layout-flex\">\n<figure class=\"wp-block-image size-large\"><img decoding=\"async\" width=\"500\" height=\"558\" data-id=\"1121932\" src=\"https:\/\/dimensionturistica.com\/es\/wp-content\/uploads\/2026\/03\/7MUJER.jpg\" alt=\"\" class=\"wp-image-1121932\" srcset=\"https:\/\/dimensionturistica.com\/es\/wp-content\/uploads\/2026\/03\/7MUJER.jpg 500w, https:\/\/dimensionturistica.com\/es\/wp-content\/uploads\/2026\/03\/7MUJER-269x300.jpg 269w\" sizes=\"(max-width: 500px) 100vw, 500px\" \/><\/figure>\n<\/figure>\n\n\n\n<p>Las cifras hablan de expansi\u00f3n. Pero tambi\u00e9n de un desaf\u00edo pendiente.<\/p>\n\n\n\n<p>En las 14 ramas analizadas por el INEGI predomina la participaci\u00f3n masculina. En el coraz\u00f3n del transporte terrestre, el autotransporte de carga general y especializado, la presencia femenina alcanza apenas 13.8 % y 15.1 %, respectivamente. En contraste, la mayor participaci\u00f3n de mujeres se observa en transporte a\u00e9reo regular (42.3 %) y en servicios de intermediaci\u00f3n para el transporte de carga (37.0 %).<\/p>\n\n\n\n<p>Incluso en remuneraciones, donde los hombres concentran la mayor proporci\u00f3n en todos los dominios, las mujeres tienen una participaci\u00f3n m\u00e1s relevante en transporte a\u00e9reo regular (42.5 %) y en servicios de intermediaci\u00f3n log\u00edstica (37.3 %).<\/p>\n\n\n\n<figure class=\"wp-block-gallery has-nested-images columns-default is-cropped wp-block-gallery-2 is-layout-flex wp-block-gallery-is-layout-flex\">\n<figure class=\"wp-block-image size-large\"><img decoding=\"async\" width=\"500\" height=\"333\" data-id=\"1121933\" src=\"https:\/\/dimensionturistica.com\/es\/wp-content\/uploads\/2026\/03\/1MUJER-2.jpg\" alt=\"\" class=\"wp-image-1121933\" srcset=\"https:\/\/dimensionturistica.com\/es\/wp-content\/uploads\/2026\/03\/1MUJER-2.jpg 500w, https:\/\/dimensionturistica.com\/es\/wp-content\/uploads\/2026\/03\/1MUJER-2-300x200.jpg 300w\" sizes=\"(max-width: 500px) 100vw, 500px\" \/><\/figure>\n<\/figure>\n\n\n\n<p>El dato es revelador: donde hay mayor presencia femenina, tambi\u00e9n hay mayor especializaci\u00f3n t\u00e9cnica y profesionalizaci\u00f3n. En nueve de las 14 ramas, la mayor\u00eda del personal cuenta con estudios de nivel medio superior o superior, una tendencia particularmente visible en transporte a\u00e9reo.<\/p>\n\n\n\n<p>El transporte de mercanc\u00edas ya no depende exclusivamente de la operaci\u00f3n en carretera. Hoy exige monitoreo en tiempo real, an\u00e1lisis de datos, protocolos de prevenci\u00f3n y plataformas tecnol\u00f3gicas que permitan reducir riesgos y elevar la eficiencia operativa.<\/p>\n\n\n\n<p>En ese punto de inflexi\u00f3n emerge un liderazgo que combina visi\u00f3n comercial con enfoque tecnol\u00f3gico. En marzo, mes que tradicionalmente visibiliza el papel de las mujeres en distintas industrias, destaca el trabajo de Mar\u00eda de los \u00c1ngeles Useche Serrano, directora comercial de Total Protect, empresa mexicana especializada en soluciones tecnol\u00f3gicas de seguridad para flotillas.<\/p>\n\n\n\n<figure class=\"wp-block-gallery has-nested-images columns-default is-cropped wp-block-gallery-3 is-layout-flex wp-block-gallery-is-layout-flex\">\n<figure class=\"wp-block-image size-large\"><img decoding=\"async\" width=\"500\" height=\"375\" data-id=\"1121934\" src=\"https:\/\/dimensionturistica.com\/es\/wp-content\/uploads\/2026\/03\/2MUJER-1.jpg\" alt=\"\" class=\"wp-image-1121934\" srcset=\"https:\/\/dimensionturistica.com\/es\/wp-content\/uploads\/2026\/03\/2MUJER-1.jpg 500w, https:\/\/dimensionturistica.com\/es\/wp-content\/uploads\/2026\/03\/2MUJER-1-300x225.jpg 300w\" sizes=\"(max-width: 500px) 100vw, 500px\" \/><\/figure>\n<\/figure>\n\n\n\n<p>Desde su posici\u00f3n, ha impulsado la adopci\u00f3n de herramientas que integran geolocalizaci\u00f3n satelital, monitoreo 24\/7, telemetr\u00eda y sistemas anti-asalto, bajo un enfoque que prioriza la prevenci\u00f3n y la eficiencia operativa. En un entorno donde el autotransporte de carga especializado es el segmento de mayor crecimiento econ\u00f3mico, la incorporaci\u00f3n de tecnolog\u00eda deja de ser opcional y se convierte en una condici\u00f3n de competitividad.<\/p>\n\n\n\n<p>Total Protect reporta una tasa de recuperaci\u00f3n vehicular del 99 % y la gesti\u00f3n de m\u00e1s de 34 mil traslados anuales, indicadores que muestran c\u00f3mo la digitalizaci\u00f3n impacta directamente en la reducci\u00f3n de riesgos y en la continuidad operativa. En una industria marcada hist\u00f3ricamente por brechas de g\u00e9nero, el liderazgo femenino en posiciones estrat\u00e9gicas de tecnolog\u00eda y comercializaci\u00f3n aporta una se\u00f1al clara: la modernizaci\u00f3n tambi\u00e9n se construye desde la diversidad.<\/p>\n\n\n\n<figure class=\"wp-block-gallery has-nested-images columns-default is-cropped wp-block-gallery-4 is-layout-flex wp-block-gallery-is-layout-flex\">\n<figure class=\"wp-block-image size-large\"><img decoding=\"async\" width=\"500\" height=\"749\" data-id=\"1121935\" src=\"https:\/\/dimensionturistica.com\/es\/wp-content\/uploads\/2026\/03\/5MUJER-2.jpg\" alt=\"\" class=\"wp-image-1121935\" srcset=\"https:\/\/dimensionturistica.com\/es\/wp-content\/uploads\/2026\/03\/5MUJER-2.jpg 500w, https:\/\/dimensionturistica.com\/es\/wp-content\/uploads\/2026\/03\/5MUJER-2-200x300.jpg 200w\" sizes=\"(max-width: 500px) 100vw, 500px\" \/><\/figure>\n<\/figure>\n\n\n\n<p>El crecimiento del transporte en M\u00e9xico es medible. La expansi\u00f3n de sus ingresos es evidente. La transformaci\u00f3n tecnol\u00f3gica est\u00e1 en marcha. Y en esa transici\u00f3n, cada vez m\u00e1s mujeres participan en la toma de decisiones que definen el rumbo de una de las industrias clave para la econom\u00eda nacional.<\/p>\n","protected":false},"excerpt":{"rendered":"<p>El autotransporte de carga en M\u00e9xico vive uno de sus momentos m\u00e1s din\u00e1micos en a\u00f1os recientes. En 2024, el personal ocupado en el sector de transportes, correos y almacenamiento creci\u00f3 6.4 %, de acuerdo con la Encuesta Anual de Transportes (EAT) del INEGI. En particular, el autotransporte de carga especializado no solo increment\u00f3 su plantilla [&hellip;]<\/p>\n","protected":false},"author":1,"featured_media":1121936,"comment_status":"open","ping_status":"closed","sticky":false,"template":"","format":"standard","meta":{"om_disable_all_campaigns":false,"jnews-multi-image_gallery":[],"jnews_single_post":[],"jnews_primary_category":[],"jnews_social_meta":[],"footnotes":""},"categories":[144872],"tags":[],"class_list":["post-1121931","post","type-post","status-publish","format-standard","has-post-thumbnail","hentry","category-fashion"],"_links":{"self":[{"href":"https:\/\/dimensionturistica.com\/es\/wp-json\/wp\/v2\/posts\/1121931","targetHints":{"allow":["GET"]}}],"collection":[{"href":"https:\/\/dimensionturistica.com\/es\/wp-json\/wp\/v2\/posts"}],"about":[{"href":"https:\/\/dimensionturistica.com\/es\/wp-json\/wp\/v2\/types\/post"}],"author":[{"embeddable":true,"href":"https:\/\/dimensionturistica.com\/es\/wp-json\/wp\/v2\/users\/1"}],"replies":[{"embeddable":true,"href":"https:\/\/dimensionturistica.com\/es\/wp-json\/wp\/v2\/comments?post=1121931"}],"version-history":[{"count":1,"href":"https:\/\/dimensionturistica.com\/es\/wp-json\/wp\/v2\/posts\/1121931\/revisions"}],"predecessor-version":[{"id":1121937,"href":"https:\/\/dimensionturistica.com\/es\/wp-json\/wp\/v2\/posts\/1121931\/revisions\/1121937"}],"wp:featuredmedia":[{"embeddable":true,"href":"https:\/\/dimensionturistica.com\/es\/wp-json\/wp\/v2\/media\/1121936"}],"wp:attachment":[{"href":"https:\/\/dimensionturistica.com\/es\/wp-json\/wp\/v2\/media?parent=1121931"}],"wp:term":[{"taxonomy":"category","embeddable":true,"href":"https:\/\/dimensionturistica.com\/es\/wp-json\/wp\/v2\/categories?post=1121931"},{"taxonomy":"post_tag","embeddable":true,"href":"https:\/\/dimensionturistica.com\/es\/wp-json\/wp\/v2\/tags?post=1121931"}],"curies":[{"name":"wp","href":"https:\/\/api.w.org\/{rel}","templated":true}]}}