{"id":1121915,"date":"2026-03-08T17:57:41","date_gmt":"2026-03-08T17:57:41","guid":{"rendered":"https:\/\/dimensionturistica.com\/es\/?p=1121915"},"modified":"2026-03-08T17:57:41","modified_gmt":"2026-03-08T17:57:41","slug":"la-riviera-nayarit-acelera-su-posicionamiento-global-con-nueva-campana-y-record-en-inversion-turistica","status":"publish","type":"post","link":"https:\/\/dimensionturistica.com\/es\/la-riviera-nayarit-acelera-su-posicionamiento-global-con-nueva-campana-y-record-en-inversion-turistica\/","title":{"rendered":"La Riviera Nayarit acelera su posicionamiento global con nueva campa\u00f1a y r\u00e9cord en inversi\u00f3n tur\u00edstica"},"content":{"rendered":"\n<p>Desde la Ciudad de M\u00e9xico, autoridades estatales y federales presentaron el nuevo panorama tur\u00edstico de Nayarit y el lanzamiento de su estrategia internacional de promoci\u00f3n, consolidando a Riviera Nayarit como uno de los destinos con mayor crecimiento, inversi\u00f3n y proyecci\u00f3n global del pa\u00eds.<\/p>\n\n\n\n<p>Bajo el concepto \u201cRiviera Nayarit, el destino de las grandes inversiones\u201d, el estado se posiciona como l\u00edder en inversi\u00f3n tur\u00edstica, referente nacional en lujo sostenible y modelo de crecimiento con visi\u00f3n internacional. Actualmente, como resultado del trabajo con el Gobernador del estado, Dr. Miguel \u00c1ngel Navarro, el destino registra m\u00e1s de 5 mil 500 millones de d\u00f3lares en inversiones proyectadas para 2025 y una expansi\u00f3n hotelera que contempla m\u00e1s de 3 mil 600 nuevas habitaciones en 2026, con una inversi\u00f3n superior a los mil millones de d\u00f3lares.<\/p>\n\n\n\n<figure class=\"wp-block-gallery has-nested-images columns-default is-cropped wp-block-gallery-1 is-layout-flex wp-block-gallery-is-layout-flex\">\n<figure class=\"wp-block-image size-large\"><img decoding=\"async\" width=\"500\" height=\"375\" data-id=\"1121919\" src=\"https:\/\/dimensionturistica.com\/es\/wp-content\/uploads\/2026\/03\/12NAYA.jpg\" alt=\"\" class=\"wp-image-1121919\" srcset=\"https:\/\/dimensionturistica.com\/es\/wp-content\/uploads\/2026\/03\/12NAYA.jpg 500w, https:\/\/dimensionturistica.com\/es\/wp-content\/uploads\/2026\/03\/12NAYA-300x225.jpg 300w\" sizes=\"(max-width: 500px) 100vw, 500px\" \/><\/figure>\n<\/figure>\n\n\n\n<p>Durante la conferencia se present\u00f3 la nueva campa\u00f1a tur\u00edstica \u201cParadise keeps going\u201d, acompa\u00f1ada de la narrativa complementaria \u201cThe journey keeps going\u201d, con el objetivo de fortalecer la conversi\u00f3n digital y mantener la omnipresencia de la marca en mercados estrat\u00e9gicos.<\/p>\n\n\n\n<p>La estrategia contempla campa\u00f1as de digital con OTAs como Expedia y Booking, segmentaci\u00f3n basada en data real a trav\u00e9s de Sojern, pauta anual \u201cAlways On\u201d en Meta y Google Ads, as\u00ed como presencia en plataformas de streaming como Netflix, Prime Video y Spotify. Tambi\u00e9n incluye publicidad exterior en aeropuertos de Estados Unidos y zonas premium de M\u00e9xico, adem\u00e1s de integraci\u00f3n en Waze para el mercado \u201cdrive-to\u201d.<\/p>\n\n\n\n<p>Durante la conferencia el Secretario de Turismo de Nayarit Juan Enrique Su\u00e1rez del Real Tostado, dio a conocer la importancia de mantener una difusi\u00f3n constante adem\u00e1s de brindar un an\u00e1lisis de las cifras que respaldan el momento que vive la entidad.<\/p>\n\n\n\n<figure class=\"wp-block-gallery has-nested-images columns-default is-cropped wp-block-gallery-2 is-layout-flex wp-block-gallery-is-layout-flex\">\n<figure class=\"wp-block-image size-large\"><img decoding=\"async\" width=\"500\" height=\"333\" data-id=\"1121920\" src=\"https:\/\/dimensionturistica.com\/es\/wp-content\/uploads\/2026\/03\/5NAYA-1.jpg\" alt=\"\" class=\"wp-image-1121920\" srcset=\"https:\/\/dimensionturistica.com\/es\/wp-content\/uploads\/2026\/03\/5NAYA-1.jpg 500w, https:\/\/dimensionturistica.com\/es\/wp-content\/uploads\/2026\/03\/5NAYA-1-300x200.jpg 300w\" sizes=\"(max-width: 500px) 100vw, 500px\" \/><\/figure>\n<\/figure>\n\n\n\n<p>\u201cNayarit es un destino m\u00e1s fuerte que nunca. Cuando hablo de fortaleza me refiero a lo que hoy est\u00e1 ocurriendo. Lo que presentamos es una campa\u00f1a que arranca el d\u00eda de hoy para dar proyecci\u00f3n al destino que est\u00e1 teniendo m\u00e1s crecimiento en M\u00e9xico y el Pac\u00edfico mexicano, pero sobre todo que est\u00e1 captando un turismo internacional muy importante\u201d<\/p>\n\n\n\n<p>\u201cCreer en un destino no es solo generar desarrollo, es generar estabilidad, es generar una situaci\u00f3n que de una oportunidad a los visitantes e inversionistas de saber que tienen un gobierno que ejecuta r\u00e1pidamente y que brinda las condiciones de seguridad y un entorno adecuado para sus habitantes\u201d.<\/p>\n\n\n\n<p>\u201cNayarit recibe m\u00e1s de 10 millones de visitantes anuales y cerr\u00f3 2025 con una ocupaci\u00f3n hotelera promedio del 82%, frente al 45% registrado en 2021.En temporada alta, la ocupaci\u00f3n alcanza hasta el 94%, generando una derrama econ\u00f3mica superior a los 6 mil millones de pesos\u201d se\u00f1al\u00f3 el mandatario.<\/p>\n\n\n\n<figure class=\"wp-block-gallery has-nested-images columns-default is-cropped wp-block-gallery-3 is-layout-flex wp-block-gallery-is-layout-flex\">\n<figure class=\"wp-block-image size-large\"><img decoding=\"async\" width=\"500\" height=\"333\" data-id=\"1121921\" src=\"https:\/\/dimensionturistica.com\/es\/wp-content\/uploads\/2026\/03\/2NAYA-1.jpg\" alt=\"\" class=\"wp-image-1121921\" srcset=\"https:\/\/dimensionturistica.com\/es\/wp-content\/uploads\/2026\/03\/2NAYA-1.jpg 500w, https:\/\/dimensionturistica.com\/es\/wp-content\/uploads\/2026\/03\/2NAYA-1-300x200.jpg 300w\" sizes=\"(max-width: 500px) 100vw, 500px\" \/><\/figure>\n<\/figure>\n\n\n\n<p>\u201cHoy el turismo representa m\u00e1s del 18% del PIB estatal, m\u00e1s del 30% de la actividad econ\u00f3mica total y m\u00e1s del 40% de los empleos directos e indirectos en la entidad\u201d.<\/p>\n\n\n\n<p>As\u00ed mismo se indic\u00f3 que en Nayarit el 83% del turismo que recibe el estado es internacional, dividido en un 54% proviene de Estados Unidos, 26% de Canad\u00e1 y 17% es turismo nacional.<\/p>\n\n\n\n<p>En materia de conectividad terrestre, se han invertido m\u00e1s de 12 mil 400 millones de pesos en autopistas estrat\u00e9gicas como Tepic\u2013Compostela y Compostela\u2013Las Varas, adem\u00e1s de nuevas v\u00edas hacia Platanitos y San Blas. Adem\u00e1s, la Red de Altas Especificaciones creci\u00f3 m\u00e1s de 60%, pasando de 380 kil\u00f3metros en 2021 a 615 kil\u00f3metros actualmente, con proyecci\u00f3n de superar los 665 kil\u00f3metros en 2027.<\/p>\n\n\n\n<p>En el \u00e1mbito a\u00e9reo, la movilizaci\u00f3n pas\u00f3 de 172 mil pasajeros en 2021 a m\u00e1s de 240 mil en 2025, un incremento del 40%, con expansi\u00f3n de rutas superior al 200% y proyecci\u00f3n de crecimiento del 66% en 2026. As\u00ed mismo con la nueva terminal a\u00e9rea de 18 mil metros cuadrados permitir\u00e1 recibir aeronaves de mayor capacidad y fortalecer la proyecci\u00f3n internacional, con una expectativa de superar los 15 millones de pasajeros.<\/p>\n\n\n\n<p>El mandatario enfatiz\u00f3 que los mercados emisores clave incluyen California, Texas, Arizona, Colorado, Columbia Brit\u00e1nica y Alberta, as\u00ed como la zona metropolitana de la Ciudad de M\u00e9xico, Jalisco, Nuevo Le\u00f3n, Baja California y El Baj\u00edo.<\/p>\n\n\n\n<p>El Secretario de turismo estatal destac\u00f3 \u201cTambi\u00e9n es importante comentar que Nayarit es un modelo de desarrollo nacional porque el Gobernador del estado, cuida diversos ejes primordiales: seguridad social, ambiental y p\u00fablica; los cuales son muy importantes para promocionar un destino a nivel internacional\u201d.<\/p>\n\n\n\n<figure class=\"wp-block-gallery has-nested-images columns-default is-cropped wp-block-gallery-4 is-layout-flex wp-block-gallery-is-layout-flex\">\n<figure class=\"wp-block-image size-large\"><img decoding=\"async\" width=\"500\" height=\"331\" data-id=\"1121922\" src=\"https:\/\/dimensionturistica.com\/es\/wp-content\/uploads\/2026\/03\/1NAYA-1.jpg\" alt=\"\" class=\"wp-image-1121922\" srcset=\"https:\/\/dimensionturistica.com\/es\/wp-content\/uploads\/2026\/03\/1NAYA-1.jpg 500w, https:\/\/dimensionturistica.com\/es\/wp-content\/uploads\/2026\/03\/1NAYA-1-300x199.jpg 300w\" sizes=\"(max-width: 500px) 100vw, 500px\" \/><\/figure>\n<\/figure>\n\n\n\n<figure class=\"wp-block-gallery has-nested-images columns-default is-cropped wp-block-gallery-5 is-layout-flex wp-block-gallery-is-layout-flex\"><\/figure>\n\n\n\n<p>El crecimiento del segmento high-end ha sido respaldado por reconocimientos internacionales como el otorgado por Cond\u00e9 Nast Traveler, que destac\u00f3 a Riviera Nayarit como el \u00fanico destino de playa mexicano en su listado, y por Travel + Leisure, que lo calific\u00f3 como \u201cThe Best-Kept Secret in Mexico\u201d para 2026.<\/p>\n\n\n\n<p>De esta forma anunci\u00f3 que \u201cse prev\u00e9 la apertura de m\u00e1s de 15 nuevos desarrollos entre 2026 y 2027, con un crecimiento superior al 15% en el segmento workation y estancias de lujo\u201d en palabras del Secretario.<\/p>\n\n\n\n<p>En promoci\u00f3n deportiva, Nayarit se consolid\u00f3 como destino tur\u00edstico oficial de equipos internacionales como Los Angeles Lakers, Vancouver Canucks y Dallas Cowboys, y mantiene negociaciones con Los Angeles Dodgers, lo que representa un alcance potencial superior a 70 millones de aficionados a nivel mundial en redes sociales.<\/p>\n\n\n\n<p>La estrategia estatal del Dr. Miguel \u00c1ngel Navarro, Gobernador del Estado de Nayarit, tambi\u00e9n prioriza la sostenibilidad y la gobernanza tur\u00edstica. Nayarit se ubica entre los cinco estados m\u00e1s seguros de M\u00e9xico en 2025 y cuenta con certificaciones como Blue Flag y Playas Platino, con la meta de sumar cinco nuevos distintivos en 2026. Adem\u00e1s, Sectur Nayarit es miembro del Consejo Mundial de Viajes y Turismo y de la Junta Directiva de miembros afiliados a ONU Turismo.<\/p>\n\n\n\n<p>Dentro de los anuncios se dio a conocer una reforma a la Ley de Fomento al Turismo para fortalecer mecanismos de supervisi\u00f3n, certificaci\u00f3n y ordenamiento territorial, junto con una academia virtual que ofrecer\u00e1 m\u00e1s de 160 capacitaciones expr\u00e9s y 80 cursos gratuitos para prestadores de servicios.<\/p>\n\n\n\n<p>En la rueda de prensa participaron Mariana del Carmen D\u00edaz, Directora General de Profesionalizaci\u00f3n y Competitividad Tur\u00edstica de la Secretar\u00eda de Turismo Federal; Juan Enrique Su\u00e1rez del Real Tostado, Secretario de Turismo de Nayarit; as\u00ed como aliados estrat\u00e9gicos Carl Emberson, Representante del Sector Golf en Riviera Nayarit, Jaime Fasja, Representante de los Desarrolladores Inmobiliarios de Riviera Nayarit; Lorenzo Ochoa, Director de Administraci\u00f3n de Aeropuertos Mexicanos; y Ernesto Rivas, Presidente CEO de Sabino Producciones, representando al sector del turismo deportivo en Nayarit.<\/p>\n\n\n\n<p>Finalmente, Mariana D\u00edaz, representante de Sectur Federal expus\u00f3 \u201cHoy la Riviera Nayarit se consolida y fortalece en un momento hist\u00f3rico. A nivel internacional los turistas crecieron 4.1% en 2025, mientras que M\u00e9xico creci\u00f3 6.1% en turismo internacional con casi 48 millones de visitantes durante 2025 en comparaci\u00f3n con 2024. Reforzamos el apoyo de Sectur federal a este gran destino de Riviera Nayarit. El turismo es algo que nos debe de llevar a la prosperidad compartida y de la mano del gobierno, la sociedad civil y la iniciativa privada, seguramente lo lograremos. M\u00e9xico est\u00e1 de moda y Riviera Nayarit Paradise Keeps&nbsp; going\u201d.<\/p>\n\n\n\n<p>Con una narrativa propia, infraestructura estrat\u00e9gica y una visi\u00f3n de expansi\u00f3n sostenible, Riviera Nayarit avanza como una plataforma integral donde convergen lujo, naturaleza, inversi\u00f3n, gastronom\u00eda, conectividad y desarrollo inmobiliario, consolid\u00e1ndose como uno de los destinos m\u00e1s s\u00f3lidos y competitivos del Pac\u00edfico mexicano.<\/p>\n\n\n\n<p>Para m\u00e1s informaci\u00f3n, visita:<\/p>\n\n\n\n<figure class=\"wp-block-embed is-type-wp-embed is-provider-visit-nayarit wp-block-embed-visit-nayarit\"><div class=\"wp-block-embed__wrapper\">\n<blockquote class=\"wp-embedded-content\" data-secret=\"phauSiCTcq\"><a href=\"https:\/\/visitnayarit.travel\/\">Inicio Visit Nayarit 2025<\/a><\/blockquote><iframe loading=\"lazy\" class=\"wp-embedded-content\" sandbox=\"allow-scripts\" security=\"restricted\" style=\"position: absolute; visibility: hidden;\" title=\"&#8220;Inicio Visit Nayarit 2025&#8221; &#8212; Visit Nayarit\" src=\"https:\/\/visitnayarit.travel\/embed\/#?secret=ebjcfHMDpN#?secret=phauSiCTcq\" data-secret=\"phauSiCTcq\" width=\"500\" height=\"282\" frameborder=\"0\" marginwidth=\"0\" marginheight=\"0\" scrolling=\"no\"><\/iframe>\n<\/div><\/figure>\n","protected":false},"excerpt":{"rendered":"<p>Desde la Ciudad de M\u00e9xico, autoridades estatales y federales presentaron el nuevo panorama tur\u00edstico de Nayarit y el lanzamiento de su estrategia internacional de promoci\u00f3n, consolidando a Riviera Nayarit como uno de los destinos con mayor crecimiento, inversi\u00f3n y proyecci\u00f3n global del pa\u00eds. Bajo el concepto \u201cRiviera Nayarit, el destino de las grandes inversiones\u201d, el [&hellip;]<\/p>\n","protected":false},"author":1,"featured_media":1121923,"comment_status":"open","ping_status":"closed","sticky":false,"template":"","format":"standard","meta":{"om_disable_all_campaigns":false,"jnews-multi-image_gallery":[],"jnews_single_post":{"format":"standard"},"jnews_primary_category":[],"jnews_social_meta":[],"footnotes":""},"categories":[39],"tags":[],"class_list":["post-1121915","post","type-post","status-publish","format-standard","has-post-thumbnail","hentry","category-viajes"],"_links":{"self":[{"href":"https:\/\/dimensionturistica.com\/es\/wp-json\/wp\/v2\/posts\/1121915","targetHints":{"allow":["GET"]}}],"collection":[{"href":"https:\/\/dimensionturistica.com\/es\/wp-json\/wp\/v2\/posts"}],"about":[{"href":"https:\/\/dimensionturistica.com\/es\/wp-json\/wp\/v2\/types\/post"}],"author":[{"embeddable":true,"href":"https:\/\/dimensionturistica.com\/es\/wp-json\/wp\/v2\/users\/1"}],"replies":[{"embeddable":true,"href":"https:\/\/dimensionturistica.com\/es\/wp-json\/wp\/v2\/comments?post=1121915"}],"version-history":[{"count":1,"href":"https:\/\/dimensionturistica.com\/es\/wp-json\/wp\/v2\/posts\/1121915\/revisions"}],"predecessor-version":[{"id":1121924,"href":"https:\/\/dimensionturistica.com\/es\/wp-json\/wp\/v2\/posts\/1121915\/revisions\/1121924"}],"wp:featuredmedia":[{"embeddable":true,"href":"https:\/\/dimensionturistica.com\/es\/wp-json\/wp\/v2\/media\/1121923"}],"wp:attachment":[{"href":"https:\/\/dimensionturistica.com\/es\/wp-json\/wp\/v2\/media?parent=1121915"}],"wp:term":[{"taxonomy":"category","embeddable":true,"href":"https:\/\/dimensionturistica.com\/es\/wp-json\/wp\/v2\/categories?post=1121915"},{"taxonomy":"post_tag","embeddable":true,"href":"https:\/\/dimensionturistica.com\/es\/wp-json\/wp\/v2\/tags?post=1121915"}],"curies":[{"name":"wp","href":"https:\/\/api.w.org\/{rel}","templated":true}]}}