{"id":1121886,"date":"2026-03-08T16:25:20","date_gmt":"2026-03-08T16:25:20","guid":{"rendered":"https:\/\/dimensionturistica.com\/es\/?p=1121886"},"modified":"2026-03-08T16:25:20","modified_gmt":"2026-03-08T16:25:20","slug":"proteccion-solar-inteligente-el-paso-clave-para-una-piel-sana-esta-temporada","status":"publish","type":"post","link":"https:\/\/dimensionturistica.com\/es\/proteccion-solar-inteligente-el-paso-clave-para-una-piel-sana-esta-temporada\/","title":{"rendered":"Protecci\u00f3n solar inteligente: el paso clave para una piel sana esta temporada"},"content":{"rendered":"\n<p>Con el inicio de la temporada de mayor exposici\u00f3n solar, la marca mexicana de cuidado de la piel StatusVerde te da tips para fortalecer los h\u00e1bitos de protecci\u00f3n de la piel e incorporar el uso diario de bloqueador solar como parte esencial de la rutina de skincare.<\/p>\n\n\n\n<figure class=\"wp-block-gallery has-nested-images columns-default is-cropped wp-block-gallery-1 is-layout-flex wp-block-gallery-is-layout-flex\">\n<figure class=\"wp-block-image size-large\"><img decoding=\"async\" width=\"500\" height=\"572\" data-id=\"1121887\" src=\"https:\/\/dimensionturistica.com\/es\/wp-content\/uploads\/2026\/03\/2LAURA.jpg\" alt=\"\" class=\"wp-image-1121887\" srcset=\"https:\/\/dimensionturistica.com\/es\/wp-content\/uploads\/2026\/03\/2LAURA.jpg 500w, https:\/\/dimensionturistica.com\/es\/wp-content\/uploads\/2026\/03\/2LAURA-262x300.jpg 262w\" sizes=\"(max-width: 500px) 100vw, 500px\" \/><\/figure>\n<\/figure>\n\n\n\n<p>Durante los meses de primavera y verano, los niveles de radiaci\u00f3n ultravioleta tienden a incrementarse, lo que puede provocar da\u00f1os en la piel como manchas, deshidrataci\u00f3n, irritaci\u00f3n y envejecimiento prematuro. Frente a este panorama, especialistas en cuidado de la piel coinciden en que el uso constante de protector solar es una de las medidas m\u00e1s efectivas para prevenir el da\u00f1o cut\u00e1neo.<\/p>\n\n\n\n<figure class=\"wp-block-gallery has-nested-images columns-default is-cropped wp-block-gallery-2 is-layout-flex wp-block-gallery-is-layout-flex\">\n<figure class=\"wp-block-image size-large\"><img decoding=\"async\" width=\"500\" height=\"557\" data-id=\"1121888\" src=\"https:\/\/dimensionturistica.com\/es\/wp-content\/uploads\/2026\/03\/4LAURA.jpg\" alt=\"\" class=\"wp-image-1121888\" srcset=\"https:\/\/dimensionturistica.com\/es\/wp-content\/uploads\/2026\/03\/4LAURA.jpg 500w, https:\/\/dimensionturistica.com\/es\/wp-content\/uploads\/2026\/03\/4LAURA-269x300.jpg 269w\" sizes=\"(max-width: 500px) 100vw, 500px\" \/><\/figure>\n<\/figure>\n\n\n\n<p>StatusVerde, una marca mexicana enfocada en el desarrollo de productos de skincare con formulaciones especializadas, destaca la importancia de la protecci\u00f3n solar no solo durante actividades al aire libre, sino tambi\u00e9n en la vida cotidiana, ya que la exposici\u00f3n a la radiaci\u00f3n UV ocurre incluso en d\u00edas nublados o durante trayectos cortos.<\/p>\n\n\n\n<p>StatusVerde impulsa una cultura de prevenci\u00f3n en el cuidado de la piel mediante productos que buscan proteger, hidratar y mantener el equilibrio cut\u00e1neo frente a factores ambientales como el sol, la contaminaci\u00f3n y el estr\u00e9s oxidativo.<\/p>\n\n\n\n<figure class=\"wp-block-gallery has-nested-images columns-default is-cropped wp-block-gallery-3 is-layout-flex wp-block-gallery-is-layout-flex\">\n<figure class=\"wp-block-image size-large\"><img decoding=\"async\" width=\"500\" height=\"527\" data-id=\"1121889\" src=\"https:\/\/dimensionturistica.com\/es\/wp-content\/uploads\/2026\/03\/6LAURA.jpg\" alt=\"\" class=\"wp-image-1121889\" srcset=\"https:\/\/dimensionturistica.com\/es\/wp-content\/uploads\/2026\/03\/6LAURA.jpg 500w, https:\/\/dimensionturistica.com\/es\/wp-content\/uploads\/2026\/03\/6LAURA-285x300.jpg 285w\" sizes=\"(max-width: 500px) 100vw, 500px\" \/><\/figure>\n<\/figure>\n\n\n\n<p>En el marco del inicio de la temporada de bloqueadores, StatusVerde anunci\u00f3 que actualmente sus productos cuentan con descuentos de hasta 30% en tiendas Sears, con el objetivo de facilitar el acceso a productos de protecci\u00f3n solar y cuidado de la piel durante los meses de mayor radiaci\u00f3n.<\/p>\n\n\n\n<p>Los productos de la marca tambi\u00e9n pueden encontrarse en diversos puntos de venta especializados en bienestar y cuidado personal, entre ellos Super Naturista, Farmacia Par\u00eds,<\/p>\n\n\n\n<figure class=\"wp-block-gallery has-nested-images columns-default is-cropped wp-block-gallery-4 is-layout-flex wp-block-gallery-is-layout-flex\">\n<figure class=\"wp-block-image size-large\"><img decoding=\"async\" width=\"500\" height=\"364\" data-id=\"1121890\" src=\"https:\/\/dimensionturistica.com\/es\/wp-content\/uploads\/2026\/03\/8LAURA.jpg\" alt=\"\" class=\"wp-image-1121890\" srcset=\"https:\/\/dimensionturistica.com\/es\/wp-content\/uploads\/2026\/03\/8LAURA.jpg 500w, https:\/\/dimensionturistica.com\/es\/wp-content\/uploads\/2026\/03\/8LAURA-300x218.jpg 300w, https:\/\/dimensionturistica.com\/es\/wp-content\/uploads\/2026\/03\/8LAURA-120x86.jpg 120w\" sizes=\"(max-width: 500px) 100vw, 500px\" \/><\/figure>\n<\/figure>\n\n\n\n<p>Mr. Tofu, Super Soya, Healthy Boutique y Tienda UNAM, adem\u00e1s de otros canales de distribuci\u00f3n enfocados en consumidores interesados en el cuidado consciente de la piel.<\/p>\n\n\n\n<figure class=\"wp-block-gallery has-nested-images columns-default is-cropped wp-block-gallery-5 is-layout-flex wp-block-gallery-is-layout-flex\">\n<figure class=\"wp-block-image size-large\"><img decoding=\"async\" width=\"500\" height=\"397\" data-id=\"1121891\" src=\"https:\/\/dimensionturistica.com\/es\/wp-content\/uploads\/2026\/03\/7LAURA.jpg\" alt=\"\" class=\"wp-image-1121891\" srcset=\"https:\/\/dimensionturistica.com\/es\/wp-content\/uploads\/2026\/03\/7LAURA.jpg 500w, https:\/\/dimensionturistica.com\/es\/wp-content\/uploads\/2026\/03\/7LAURA-300x238.jpg 300w\" sizes=\"(max-width: 500px) 100vw, 500px\" \/><\/figure>\n<\/figure>\n\n\n\n<p>StatusVerde reafirma su compromiso de acercar al p\u00fablico productos de cuidado d\u00e9rmico desarrollados con criterios de innovaci\u00f3n cosm\u00e9tica, calidad en ingredientes y una visi\u00f3n responsable del bienestar cut\u00e1neo.<\/p>\n","protected":false},"excerpt":{"rendered":"<p>Con el inicio de la temporada de mayor exposici\u00f3n solar, la marca mexicana de cuidado de la piel StatusVerde te da tips para fortalecer los h\u00e1bitos de protecci\u00f3n de la piel e incorporar el uso diario de bloqueador solar como parte esencial de la rutina de skincare. Durante los meses de primavera y verano, los [&hellip;]<\/p>\n","protected":false},"author":1,"featured_media":1121892,"comment_status":"open","ping_status":"closed","sticky":false,"template":"","format":"standard","meta":{"om_disable_all_campaigns":false,"jnews-multi-image_gallery":[],"jnews_single_post":{"format":"standard"},"jnews_primary_category":[],"jnews_social_meta":[],"footnotes":""},"categories":[144872],"tags":[],"class_list":["post-1121886","post","type-post","status-publish","format-standard","has-post-thumbnail","hentry","category-fashion"],"_links":{"self":[{"href":"https:\/\/dimensionturistica.com\/es\/wp-json\/wp\/v2\/posts\/1121886","targetHints":{"allow":["GET"]}}],"collection":[{"href":"https:\/\/dimensionturistica.com\/es\/wp-json\/wp\/v2\/posts"}],"about":[{"href":"https:\/\/dimensionturistica.com\/es\/wp-json\/wp\/v2\/types\/post"}],"author":[{"embeddable":true,"href":"https:\/\/dimensionturistica.com\/es\/wp-json\/wp\/v2\/users\/1"}],"replies":[{"embeddable":true,"href":"https:\/\/dimensionturistica.com\/es\/wp-json\/wp\/v2\/comments?post=1121886"}],"version-history":[{"count":1,"href":"https:\/\/dimensionturistica.com\/es\/wp-json\/wp\/v2\/posts\/1121886\/revisions"}],"predecessor-version":[{"id":1121893,"href":"https:\/\/dimensionturistica.com\/es\/wp-json\/wp\/v2\/posts\/1121886\/revisions\/1121893"}],"wp:featuredmedia":[{"embeddable":true,"href":"https:\/\/dimensionturistica.com\/es\/wp-json\/wp\/v2\/media\/1121892"}],"wp:attachment":[{"href":"https:\/\/dimensionturistica.com\/es\/wp-json\/wp\/v2\/media?parent=1121886"}],"wp:term":[{"taxonomy":"category","embeddable":true,"href":"https:\/\/dimensionturistica.com\/es\/wp-json\/wp\/v2\/categories?post=1121886"},{"taxonomy":"post_tag","embeddable":true,"href":"https:\/\/dimensionturistica.com\/es\/wp-json\/wp\/v2\/tags?post=1121886"}],"curies":[{"name":"wp","href":"https:\/\/api.w.org\/{rel}","templated":true}]}}