{"id":1121847,"date":"2026-03-08T15:05:53","date_gmt":"2026-03-08T15:05:53","guid":{"rendered":"https:\/\/dimensionturistica.com\/es\/?p=1121847"},"modified":"2026-03-08T15:05:53","modified_gmt":"2026-03-08T15:05:53","slug":"el-sector-empresarial-turistico-anuncia-agenda-conjunta-e-instalan-mesas-de-trabajo-para-impulsar-y-fortalecer-la-competitividad-la-promocion-turistica-y-el-desarrollo-sostenible-del-turismo","status":"publish","type":"post","link":"https:\/\/dimensionturistica.com\/es\/el-sector-empresarial-turistico-anuncia-agenda-conjunta-e-instalan-mesas-de-trabajo-para-impulsar-y-fortalecer-la-competitividad-la-promocion-turistica-y-el-desarrollo-sostenible-del-turismo\/","title":{"rendered":"El Sector empresarial tur\u00edstico anuncia agenda conjunta e instalan mesas de trabajo para impulsar y fortalecer la competitividad, la promoci\u00f3n tur\u00edstica y el desarrollo sostenible del turismo"},"content":{"rendered":"\n<p>Organismos empresariales del sector tur\u00edstico anunciaron este viernes la instalaci\u00f3n de una agenda conjunta de trabajo para fortalecer la competitividad, la promoci\u00f3n internacional y el desarrollo sostenible del turismo de M\u00e9xico, como parte del seguimiento al Convenio Marco de Colaboraci\u00f3n entre organismos empresariales del sector tur\u00edstico, firmado previamente en el marco de FITUR, y mediante el cual se establecen mesas de trabajo para impulsar acciones coordinadas en favor del turismo nacional e internacional.<\/p>\n\n\n\n<figure class=\"wp-block-gallery has-nested-images columns-default is-cropped wp-block-gallery-1 is-layout-flex wp-block-gallery-is-layout-flex\">\n<figure class=\"wp-block-image size-large\"><img decoding=\"async\" width=\"500\" height=\"482\" data-id=\"1121848\" src=\"https:\/\/dimensionturistica.com\/es\/wp-content\/uploads\/2026\/03\/3CANI.jpg\" alt=\"\" class=\"wp-image-1121848\" srcset=\"https:\/\/dimensionturistica.com\/es\/wp-content\/uploads\/2026\/03\/3CANI.jpg 500w, https:\/\/dimensionturistica.com\/es\/wp-content\/uploads\/2026\/03\/3CANI-300x289.jpg 300w\" sizes=\"(max-width: 500px) 100vw, 500px\" \/><\/figure>\n<\/figure>\n\n\n\n<p>Durante la rueda de prensa participaron los Presidentes Nacionales del Consejo Coordinador Empresarial (CCE), Jos\u00e9 Media Mora Icaza; del Consejo Nacional Empresarial Tur\u00edstico (CNET), Antonio Cos\u00edo Pando; de la Confederaci\u00f3n Patronal de la Rep\u00fablica Mexicana (COPARMEX), Juan Jos\u00e9 Sierra \u00c1lvarez; de la C\u00e1mara Nacional de la Industria de Restaurantes y Alimentos Condimentados (CANIRAC), Ignacio Alarc\u00f3n Rodr\u00edguez Pacheco; del Club Sk\u00e5l M\u00e9xico International, Rodrigo \u00c1lvarez y Jim\u00e9nez; el Vicepresidente de la Asociaci\u00f3n Mexicana de Agencias de Viajes (AMAV), Juan Felipe Lozano; y el Presidente de Tesoros de M\u00e9xico, Arturo Contreras Monta\u00f1o; quienes destacaron la importancia de impulsar una estrategia coordinada del sector privado, para consolidar el posicionamiento de M\u00e9xico como uno de los destinos tur\u00edsticos m\u00e1s relevantes a nivel global.<\/p>\n\n\n\n<p>El turismo es actualmente uno de los pilares econ\u00f3micos del pa\u00eds, al aportar cerca del 9% del Producto Interno Bruto nacional y generar m\u00e1s de 4.9 millones de empleos directos, adem\u00e1s de detonar actividad en diversas cadenas productivas como transporte, hospedaje, comercio, entretenimiento y gastronom\u00eda.<\/p>\n\n\n\n<figure class=\"wp-block-gallery has-nested-images columns-default is-cropped wp-block-gallery-2 is-layout-flex wp-block-gallery-is-layout-flex\">\n<figure class=\"wp-block-image size-large\"><img decoding=\"async\" width=\"500\" height=\"333\" data-id=\"1121849\" src=\"https:\/\/dimensionturistica.com\/es\/wp-content\/uploads\/2026\/03\/4CANI.jpg\" alt=\"\" class=\"wp-image-1121849\" srcset=\"https:\/\/dimensionturistica.com\/es\/wp-content\/uploads\/2026\/03\/4CANI.jpg 500w, https:\/\/dimensionturistica.com\/es\/wp-content\/uploads\/2026\/03\/4CANI-300x200.jpg 300w\" sizes=\"(max-width: 500px) 100vw, 500px\" \/><\/figure>\n<\/figure>\n\n\n\n<p>M\u00e9xico se mantiene adem\u00e1s entre los pa\u00edses m\u00e1s visitados del mundo, con m\u00e1s de 47 millones de turistas internacionales en 2025, lo que confirma el enorme potencial del pa\u00eds para seguir consolid\u00e1ndose como un destino competitivo en el escenario tur\u00edstico internacional.<\/p>\n\n\n\n<p>En este contexto, los representantes del sector empresarial coincidieron en que la coordinaci\u00f3n entre los diferentes actores de la industria ser\u00e1 clave para fortalecer la promoci\u00f3n tur\u00edstica, elevar la calidad del servicio, impulsar la profesionalizaci\u00f3n del sector y generar mejores condiciones para el desarrollo de las comunidades receptoras del turismo internacional y nacional.<\/p>\n\n\n\n<p>El Convenio incorpora diversos compromisos agrupados en Ejes Estrat\u00e9gicos, como:<\/p>\n\n\n\n<p>\u2022 Unidad del sector empresarial tur\u00edstico.<\/p>\n\n\n\n<figure class=\"wp-block-gallery has-nested-images columns-default is-cropped wp-block-gallery-3 is-layout-flex wp-block-gallery-is-layout-flex\">\n<figure class=\"wp-block-image size-large\"><img decoding=\"async\" width=\"500\" height=\"375\" data-id=\"1121853\" src=\"https:\/\/dimensionturistica.com\/es\/wp-content\/uploads\/2026\/03\/11CANI.jpg\" alt=\"\" class=\"wp-image-1121853\" srcset=\"https:\/\/dimensionturistica.com\/es\/wp-content\/uploads\/2026\/03\/11CANI.jpg 500w, https:\/\/dimensionturistica.com\/es\/wp-content\/uploads\/2026\/03\/11CANI-300x225.jpg 300w\" sizes=\"(max-width: 500px) 100vw, 500px\" \/><\/figure>\n<\/figure>\n\n\n\n<p>\u2022 El Fortalecimiento de la competitividad y profesionalizaci\u00f3n del servicio de hospitalidad.<\/p>\n\n\n\n<p>\u2022 La Coordinaci\u00f3n para el redise\u00f1o de la promoci\u00f3n tur\u00edstica del pa\u00eds.<\/p>\n\n\n\n<p>\u2022 La Prevenci\u00f3n, manejo y gesti\u00f3n de crisis.<\/p>\n\n\n\n<p>\u2022 Estrategias para un desarrollo tur\u00edstico sustentable, entre otros.<\/p>\n\n\n\n<figure class=\"wp-block-gallery has-nested-images columns-default is-cropped wp-block-gallery-4 is-layout-flex wp-block-gallery-is-layout-flex\">\n<figure class=\"wp-block-image size-large\"><img decoding=\"async\" width=\"500\" height=\"281\" data-id=\"1121854\" src=\"https:\/\/dimensionturistica.com\/es\/wp-content\/uploads\/2026\/03\/1CANI.jpg\" alt=\"\" class=\"wp-image-1121854\" srcset=\"https:\/\/dimensionturistica.com\/es\/wp-content\/uploads\/2026\/03\/1CANI.jpg 500w, https:\/\/dimensionturistica.com\/es\/wp-content\/uploads\/2026\/03\/1CANI-300x169.jpg 300w\" sizes=\"(max-width: 500px) 100vw, 500px\" \/><\/figure>\n<\/figure>\n\n\n\n<p>\u201cDesde el Consejo Coordinador Empresarial, hemos reiterado que dialogar para avanzar no es una consigna, es una convicci\u00f3n. Y el turismo es, precisamente, uno de los sectores donde esa convicci\u00f3n cobra mayor sentido. Porque el turismo es diplomacia por excelencia, es imagen de nuestro pa\u00eds, es la primera impresi\u00f3n que millones de visitantes se llevan de M\u00e9xico\u201d, afirm\u00f3 Jos\u00e9 Medina Mora, Presidente Nacional del CCE.<\/p>\n\n\n\n<p>Los organismos participantes coincidieron en que este esfuerzo conjunto permitir\u00e1 construir una agenda estrat\u00e9gica del sector privado para fortalecer el turismo como motor de desarrollo econ\u00f3mico, generaci\u00f3n de empleo y promoci\u00f3n internacional de M\u00e9xico.<\/p>\n\n\n\n<p>La instalaci\u00f3n de las mesas de trabajo derivadas de este convenio marca el inicio de una nueva etapa de colaboraci\u00f3n entre los principales organismos empresariales vinculados al turismo, con el objetivo de impulsar acciones que fortalezcan la competitividad del pa\u00eds, promuevan experiencias tur\u00edsticas de mayor valor y consoliden a M\u00e9xico como uno de los destinos m\u00e1s atractivos del mundo.<\/p>\n","protected":false},"excerpt":{"rendered":"<p>Organismos empresariales del sector tur\u00edstico anunciaron este viernes la instalaci\u00f3n de una agenda conjunta de trabajo para fortalecer la competitividad, la promoci\u00f3n internacional y el desarrollo sostenible del turismo de M\u00e9xico, como parte del seguimiento al Convenio Marco de Colaboraci\u00f3n entre organismos empresariales del sector tur\u00edstico, firmado previamente en el marco de FITUR, y mediante [&hellip;]<\/p>\n","protected":false},"author":1,"featured_media":1121855,"comment_status":"open","ping_status":"closed","sticky":false,"template":"","format":"standard","meta":{"om_disable_all_campaigns":false,"jnews-multi-image_gallery":[],"jnews_single_post":{"format":"standard"},"jnews_primary_category":[],"jnews_social_meta":[],"footnotes":""},"categories":[39],"tags":[],"class_list":["post-1121847","post","type-post","status-publish","format-standard","has-post-thumbnail","hentry","category-viajes"],"_links":{"self":[{"href":"https:\/\/dimensionturistica.com\/es\/wp-json\/wp\/v2\/posts\/1121847","targetHints":{"allow":["GET"]}}],"collection":[{"href":"https:\/\/dimensionturistica.com\/es\/wp-json\/wp\/v2\/posts"}],"about":[{"href":"https:\/\/dimensionturistica.com\/es\/wp-json\/wp\/v2\/types\/post"}],"author":[{"embeddable":true,"href":"https:\/\/dimensionturistica.com\/es\/wp-json\/wp\/v2\/users\/1"}],"replies":[{"embeddable":true,"href":"https:\/\/dimensionturistica.com\/es\/wp-json\/wp\/v2\/comments?post=1121847"}],"version-history":[{"count":1,"href":"https:\/\/dimensionturistica.com\/es\/wp-json\/wp\/v2\/posts\/1121847\/revisions"}],"predecessor-version":[{"id":1121856,"href":"https:\/\/dimensionturistica.com\/es\/wp-json\/wp\/v2\/posts\/1121847\/revisions\/1121856"}],"wp:featuredmedia":[{"embeddable":true,"href":"https:\/\/dimensionturistica.com\/es\/wp-json\/wp\/v2\/media\/1121855"}],"wp:attachment":[{"href":"https:\/\/dimensionturistica.com\/es\/wp-json\/wp\/v2\/media?parent=1121847"}],"wp:term":[{"taxonomy":"category","embeddable":true,"href":"https:\/\/dimensionturistica.com\/es\/wp-json\/wp\/v2\/categories?post=1121847"},{"taxonomy":"post_tag","embeddable":true,"href":"https:\/\/dimensionturistica.com\/es\/wp-json\/wp\/v2\/tags?post=1121847"}],"curies":[{"name":"wp","href":"https:\/\/api.w.org\/{rel}","templated":true}]}}