{"id":1121834,"date":"2026-03-08T14:38:24","date_gmt":"2026-03-08T14:38:24","guid":{"rendered":"https:\/\/dimensionturistica.com\/es\/?p=1121834"},"modified":"2026-03-08T14:38:24","modified_gmt":"2026-03-08T14:38:24","slug":"asetur-confirma-compromiso-para-lograr-posicion-de-mexico-como-quinto-pais-mas-visitado-resaltan-el-potencial-turistico","status":"publish","type":"post","link":"https:\/\/dimensionturistica.com\/es\/asetur-confirma-compromiso-para-lograr-posicion-de-mexico-como-quinto-pais-mas-visitado-resaltan-el-potencial-turistico\/","title":{"rendered":"Asetur confirma compromiso para lograr posici\u00f3n de M\u00e9xico como quinto pa\u00eds m\u00e1s visitado; resaltan el potencial tur\u00edstico"},"content":{"rendered":"\n<p>La secretaria de Turismo del Gobierno de M\u00e9xico, Josefina Rodr\u00edguez Zamora, particip\u00f3 en la 67\u00aa Asamblea de la Asociaci\u00f3n de Secretarias y Secretarios de Turismo de M\u00e9xico (Asetur), celebrada en Puebla, encuentro en el que tambi\u00e9n particip\u00f3 el Consejo Nacional Empresarial Tur\u00edstico (CNET) y donde se reafirm\u00f3 la coordinaci\u00f3n entre los 32 estados del pa\u00eds y el sector empresarial para fortalecer la promoci\u00f3n tur\u00edstica y consolidar a M\u00e9xico entre los destinos m\u00e1s visitados del mundo.<\/p>\n\n\n\n<figure class=\"wp-block-gallery has-nested-images columns-default is-cropped wp-block-gallery-1 is-layout-flex wp-block-gallery-is-layout-flex\">\n<figure class=\"wp-block-image size-large\"><img decoding=\"async\" width=\"500\" height=\"749\" data-id=\"1121836\" src=\"https:\/\/dimensionturistica.com\/es\/wp-content\/uploads\/2026\/03\/1ASTUR.jpg\" alt=\"\" class=\"wp-image-1121836\" srcset=\"https:\/\/dimensionturistica.com\/es\/wp-content\/uploads\/2026\/03\/1ASTUR.jpg 500w, https:\/\/dimensionturistica.com\/es\/wp-content\/uploads\/2026\/03\/1ASTUR-200x300.jpg 200w\" sizes=\"(max-width: 500px) 100vw, 500px\" \/><\/figure>\n<\/figure>\n\n\n\n<p>Durante la sesi\u00f3n, la titular de la Secretar\u00eda de Turismo (Sectur) destac\u00f3 la participaci\u00f3n de las secretarias, secretarios y representantes de las 32 dependencias estatales de turismo, lo cual, enfatiz\u00f3, refleja la unidad y el trabajo conjunto para seguir posicionando a M\u00e9xico como una potencia tur\u00edstica a nivel global.<\/p>\n\n\n\n<p>\u201cLa Presidenta Claudia Sheimbaum Pardo est\u00e1 profundamente involucrada en el impulso del turismo y reconoce su importancia para el desarrollo del pa\u00eds. Por ello, estamos trabajando de manera coordinada con los estados para definir las acciones de promoci\u00f3n y los mercados estrat\u00e9gicos que fortalecer\u00e1n la presencia de M\u00e9xico en el mundo\u201d, se\u00f1al\u00f3.<\/p>\n\n\n\n<p>En el encuentro tambi\u00e9n particip\u00f3 el gobernador de Puebla, Alejandro Armenta Mier, quien destac\u00f3 el trabajo que realizan las secretar\u00edas de turismo estatales para mostrar al mundo la diversidad cultural, gastron\u00f3mica y natural del pa\u00eds.<\/p>\n\n\n\n<p>\u201cHe tenido la oportunidad, a lo largo de mi vida, de recorrer los 32 estados de la Rep\u00fablica y todos est\u00e1n llenos de magia: desde M\u00e9rida hasta Tecate y desde Veracruz hasta Colima. En cualquier punto es inmensa la riqueza cultural, gastron\u00f3mica y arquitect\u00f3nica; M\u00e9xico es magia a trav\u00e9s de su gente y del trabajo que ustedes realizan para mostrarlo al mundo\u201d, declar\u00f3.<\/p>\n\n\n\n<p>Asimismo, el presidente de Asetur, Bernardo Cueto Riestra, reiter\u00f3 el respaldo de las entidades federativas al trabajo que encabeza la Secretar\u00eda de Turismo federal.<\/p>\n\n\n\n<p>Rodr\u00edguez Zamora reconoci\u00f3 el esfuerzo de las y los titulares de turismo estatales, quienes, pese a la intensa agenda internacional de promoci\u00f3n del pa\u00eds en ferias y encuentros del sector, se dieron cita en esta reuni\u00f3n estrat\u00e9gica para definir acciones conjuntas.<\/p>\n\n\n\n<figure class=\"wp-block-gallery has-nested-images columns-default is-cropped wp-block-gallery-2 is-layout-flex wp-block-gallery-is-layout-flex\">\n<figure class=\"wp-block-image size-large\"><img decoding=\"async\" width=\"500\" height=\"333\" data-id=\"1121837\" src=\"https:\/\/dimensionturistica.com\/es\/wp-content\/uploads\/2026\/03\/2ASETUR.jpg\" alt=\"\" class=\"wp-image-1121837\" srcset=\"https:\/\/dimensionturistica.com\/es\/wp-content\/uploads\/2026\/03\/2ASETUR.jpg 500w, https:\/\/dimensionturistica.com\/es\/wp-content\/uploads\/2026\/03\/2ASETUR-300x200.jpg 300w\" sizes=\"(max-width: 500px) 100vw, 500px\" \/><\/figure>\n<\/figure>\n\n\n\n<p>Subray\u00f3 que el turismo mexicano atraviesa un momento de gran dinamismo, con una intensa agenda de promoci\u00f3n internacional y con la mirada puesta en los pr\u00f3ximos eventos globales que fortalecer\u00e1n la llegada de visitantes al pa\u00eds.<\/p>\n\n\n\n<p>\u201cSiempre lo he dicho: el turismo es generador de buenas noticias. Los n\u00fameros que presentamos no son de una sola instituci\u00f3n, sino resultado del trabajo de los 32 estados; el turismo lo hacemos juntos\u201d, afirm\u00f3.<\/p>\n\n\n\n<p>La secretaria agreg\u00f3 que 2026 ser\u00e1 un a\u00f1o hist\u00f3rico para el turismo en M\u00e9xico, por lo que llam\u00f3 a redoblar esfuerzos para incrementar la llegada de turistas y seguir consolidando al pa\u00eds como uno de los destinos preferidos a nivel internacional.<\/p>\n\n\n\n<figure class=\"wp-block-gallery has-nested-images columns-default is-cropped wp-block-gallery-3 is-layout-flex wp-block-gallery-is-layout-flex\">\n<figure class=\"wp-block-image size-large\"><img decoding=\"async\" width=\"500\" height=\"333\" data-id=\"1121838\" src=\"https:\/\/dimensionturistica.com\/es\/wp-content\/uploads\/2026\/03\/3ASETUR.jpg\" alt=\"\" class=\"wp-image-1121838\" srcset=\"https:\/\/dimensionturistica.com\/es\/wp-content\/uploads\/2026\/03\/3ASETUR.jpg 500w, https:\/\/dimensionturistica.com\/es\/wp-content\/uploads\/2026\/03\/3ASETUR-300x200.jpg 300w\" sizes=\"(max-width: 500px) 100vw, 500px\" \/><\/figure>\n<\/figure>\n\n\n\n<p>Asimismo, se destac\u00f3 el fortalecimiento de la coordinaci\u00f3n con el sector empresarial tur\u00edstico, particularmente a partir del reciente convenio de colaboraci\u00f3n entre Asetur y el Consejo Nacional Empresarial Tur\u00edstico (CNET), orientado a impulsar esquemas de cooperaci\u00f3n p\u00fablico-privada que fortalezcan la promoci\u00f3n tur\u00edstica, atraigan inversi\u00f3n y consoliden la competitividad de los destinos mexicanos.<\/p>\n\n\n\n<figure class=\"wp-block-gallery has-nested-images columns-default is-cropped wp-block-gallery-4 is-layout-flex wp-block-gallery-is-layout-flex\">\n<figure class=\"wp-block-image size-large\"><img decoding=\"async\" width=\"500\" height=\"333\" data-id=\"1121839\" src=\"https:\/\/dimensionturistica.com\/es\/wp-content\/uploads\/2026\/03\/4ASETUR.jpg\" alt=\"\" class=\"wp-image-1121839\" srcset=\"https:\/\/dimensionturistica.com\/es\/wp-content\/uploads\/2026\/03\/4ASETUR.jpg 500w, https:\/\/dimensionturistica.com\/es\/wp-content\/uploads\/2026\/03\/4ASETUR-300x200.jpg 300w\" sizes=\"(max-width: 500px) 100vw, 500px\" \/><\/figure>\n<\/figure>\n\n\n\n<p>Esta articulaci\u00f3n con el sector productivo, que integra a hoteles, aerol\u00edneas, aeropuertos, l\u00edneas de cruceros, touroperadores y prestadores de servicios, contribuye a reforzar la confianza del mercado y a consolidar un modelo de gobernanza tur\u00edstica basado en la colaboraci\u00f3n entre la Federaci\u00f3n, los estados y la iniciativa privada.<\/p>\n","protected":false},"excerpt":{"rendered":"<p>La secretaria de Turismo del Gobierno de M\u00e9xico, Josefina Rodr\u00edguez Zamora, particip\u00f3 en la 67\u00aa Asamblea de la Asociaci\u00f3n de Secretarias y Secretarios de Turismo de M\u00e9xico (Asetur), celebrada en Puebla, encuentro en el que tambi\u00e9n particip\u00f3 el Consejo Nacional Empresarial Tur\u00edstico (CNET) y donde se reafirm\u00f3 la coordinaci\u00f3n entre los 32 estados del pa\u00eds [&hellip;]<\/p>\n","protected":false},"author":1,"featured_media":1121835,"comment_status":"open","ping_status":"closed","sticky":false,"template":"","format":"standard","meta":{"om_disable_all_campaigns":false,"jnews-multi-image_gallery":[],"jnews_single_post":{"format":"standard"},"jnews_primary_category":[],"jnews_social_meta":[],"footnotes":""},"categories":[39],"tags":[],"class_list":["post-1121834","post","type-post","status-publish","format-standard","has-post-thumbnail","hentry","category-viajes"],"_links":{"self":[{"href":"https:\/\/dimensionturistica.com\/es\/wp-json\/wp\/v2\/posts\/1121834","targetHints":{"allow":["GET"]}}],"collection":[{"href":"https:\/\/dimensionturistica.com\/es\/wp-json\/wp\/v2\/posts"}],"about":[{"href":"https:\/\/dimensionturistica.com\/es\/wp-json\/wp\/v2\/types\/post"}],"author":[{"embeddable":true,"href":"https:\/\/dimensionturistica.com\/es\/wp-json\/wp\/v2\/users\/1"}],"replies":[{"embeddable":true,"href":"https:\/\/dimensionturistica.com\/es\/wp-json\/wp\/v2\/comments?post=1121834"}],"version-history":[{"count":1,"href":"https:\/\/dimensionturistica.com\/es\/wp-json\/wp\/v2\/posts\/1121834\/revisions"}],"predecessor-version":[{"id":1121840,"href":"https:\/\/dimensionturistica.com\/es\/wp-json\/wp\/v2\/posts\/1121834\/revisions\/1121840"}],"wp:featuredmedia":[{"embeddable":true,"href":"https:\/\/dimensionturistica.com\/es\/wp-json\/wp\/v2\/media\/1121835"}],"wp:attachment":[{"href":"https:\/\/dimensionturistica.com\/es\/wp-json\/wp\/v2\/media?parent=1121834"}],"wp:term":[{"taxonomy":"category","embeddable":true,"href":"https:\/\/dimensionturistica.com\/es\/wp-json\/wp\/v2\/categories?post=1121834"},{"taxonomy":"post_tag","embeddable":true,"href":"https:\/\/dimensionturistica.com\/es\/wp-json\/wp\/v2\/tags?post=1121834"}],"curies":[{"name":"wp","href":"https:\/\/api.w.org\/{rel}","templated":true}]}}