{"id":1121795,"date":"2026-03-08T12:10:31","date_gmt":"2026-03-08T12:10:31","guid":{"rendered":"https:\/\/dimensionturistica.com\/es\/?p=1121795"},"modified":"2026-03-08T12:10:31","modified_gmt":"2026-03-08T12:10:31","slug":"el-monarca-fortalecera-la-agenda-iberoamericana-la-proxima-semana-con-visitas-a-portugal-chile-y-bolivia","status":"publish","type":"post","link":"https:\/\/dimensionturistica.com\/es\/el-monarca-fortalecera-la-agenda-iberoamericana-la-proxima-semana-con-visitas-a-portugal-chile-y-bolivia\/","title":{"rendered":"El monarca fortalecer\u00e1 la agenda iberoamericana la pr\u00f3xima semana con visitas a Portugal, Chile y Bolivia."},"content":{"rendered":"<h3>Un Viaje Cultural por Iberoam\u00e9rica: Conexiones que Trascienden Fronteras<\/h3>\n<p>La Iberoam\u00e9rica contempor\u00e1nea es un vivero de oportunidades, donde las ra\u00edces culturales, la historia compartida y los lazos ling\u00fc\u00edsticos se entrelazan para crear un espacio de colaboraci\u00f3n y desarrollo. En este contexto, la reciente cumbre celebrada entre Espa\u00f1a y varios pa\u00edses iberoamericanos ha puesto de relieve el potencial de la regi\u00f3n como un destino tur\u00edstico sin igual, lleno de matices y experiencias \u00fanicas.<\/p>\n<h4>Un V\u00ednculo Cultural Aumentado<\/h4>\n<p>Durante la cumbre, Presidencia de Gobierno y figuras clave de Iberoam\u00e9rica discutieron c\u00f3mo fortalecer la cooperaci\u00f3n entre los pa\u00edses involucrados. Esta uni\u00f3n no solo se traduce en acuerdos econ\u00f3micos, sino que tambi\u00e9n abre las puertas a un enriquecimiento cultural, ideal para los viajeros que buscan explorar m\u00e1s all\u00e1 del turismo tradicional. Visitantes tienen la oportunidad de sumergirse en festividades, gastronom\u00eda y tradiciones que hacen de cada pa\u00eds un lugar singular. Por ejemplo, presenciar el Carnaval en Bolivia o degustar el pisco chileno en sus vi\u00f1as es una experiencia que va m\u00e1s all\u00e1 de lo superficial.<\/p>\n<h4>Rutas Tur\u00edsticas Sostenibles<\/h4>\n<p>La alianza entre pa\u00edses tambi\u00e9n hace hincapi\u00e9 en la sostenibilidad, un valor fundamental en la actualidad. La creaci\u00f3n de rutas tur\u00edsticas que respeten el medio ambiente y promuevan la conservaci\u00f3n de recursos naturales se presenta como una de las metas prioritarias. Proyectos de ecoturismo en Portugal y Chile no solo ofrecen paisajes deslumbrantes, sino que tambi\u00e9n incluyen pr\u00e1cticas que benefician tanto al viajero como a las comunidades locales.<\/p>\n<h4>Entre Historia y Modernidad<\/h4>\n<p>Cada uno de los pa\u00edses iberoamericanos tiene un crisol de historia y modernidad que invita a la exploraci\u00f3n. Desde las herencias ind\u00edgenas y coloniales en Bolivia hasta el vibrante arte urbano de Lisboa, la diversidad cultural se manifiesta en cada rinc\u00f3n. Las ciudades no solo son puntos en el mapa, sino relatos vivos que cuentan historias de lucha, resistencia y evoluci\u00f3n. Visitar los monumentos hist\u00f3ricos de Espa\u00f1a complementa la mirada hacia el pasado, haciendo eco de los lazos que se han forjado a lo largo de los siglos.<\/p>\n<h4>La Gastronom\u00eda como Cuentacuentos<\/h4>\n<p>Un viaje a Iberoam\u00e9rica estar\u00eda incompleto sin una odisea gastron\u00f3mica. Las mesas iberoamericanas ofrecen un fest\u00edn de sabores que reflejan la identidad de cada regi\u00f3n. Desde las tapas espa\u00f1olas hasta los anticuchos peruanos, cada plato es una historia por descubrir. La apuesta por la cumbre incluye el deseo de potenciar el inter\u00e9s por la cocina local, brindando a los visitantes la oportunidad de volver a casa no solo con recuerdos visuales, sino tambi\u00e9n con el paladar satisfecho y nuevas recetas en su repertorio.<\/p>\n<h4>Futuro de Conexiones Tur\u00edsticas<\/h4>\n<p>En esta era de globalizaci\u00f3n, la importancia de conectarse y entenderse se hace a\u00fan m\u00e1s vital. La iniciativa de fortalecer la agenda iberoamericana para impulsar el turismo busca promover un di\u00e1logo donde sean las culturas las que hablen, fomentando un turismo m\u00e1s humano y emp\u00e1tico. Con cada viaje, los turistas se convierten en embajadores de la cultura, llevando consigo un pedazo de Iberoam\u00e9rica.<\/p>\n<h3>Conclusi\u00f3n<\/h3>\n<p>El futuro del turismo en Iberoam\u00e9rica est\u00e1 lleno de posibilidades emocionantes. Con su rica historia, diversidad cultural y compromiso con la sostenibilidad, la regi\u00f3n se posiciona como un destino atractivo para quienes buscan experiencias aut\u00e9nticas. Mientras se construyen puentes entre pa\u00edses, los viajeros est\u00e1n invitados a explorar y celebrar la conexi\u00f3n inquebrantable que une a toda Iberoam\u00e9rica. Sin lugar a dudas, un viaje por estos pa\u00edses es un viaje hacia el coraz\u00f3n de una cultura vibrante y diversa.<\/p>\n<p><em> &#8221; Fuentes www.diariocordoba.com &#8221; <\/em><\/p>\n","protected":false},"excerpt":{"rendered":"<p>Un Viaje Cultural por Iberoam\u00e9rica: Conexiones que Trascienden Fronteras La Iberoam\u00e9rica contempor\u00e1nea es un vivero de oportunidades, donde las ra\u00edces culturales, la historia compartida y los lazos ling\u00fc\u00edsticos se entrelazan para crear un espacio de colaboraci\u00f3n y desarrollo. En este contexto, la reciente cumbre celebrada entre Espa\u00f1a y varios pa\u00edses iberoamericanos ha puesto de relieve [&hellip;]<\/p>\n","protected":false},"author":4,"featured_media":1121796,"comment_status":"open","ping_status":"closed","sticky":false,"template":"","format":"standard","meta":{"om_disable_all_campaigns":false,"jnews-multi-image_gallery":[],"jnews_single_post":[],"jnews_primary_category":[],"jnews_social_meta":[],"footnotes":""},"categories":[39],"tags":[871,787,766,26494,1607,44799,11930,42708,270438,4576,546,1511,44620,9021,545],"class_list":["post-1121795","post","type-post","status-publish","format-standard","has-post-thumbnail","hentry","category-viajes","tag-agenda","tag-bolivia","tag-chile","tag-cooperacion","tag-desarrollo","tag-diplomacia","tag-felipe-vi","tag-iberoamerica","tag-iberoamericana","tag-impulso","tag-politica","tag-portugal","tag-relaciones-internacionales","tag-rey","tag-viajes"],"_links":{"self":[{"href":"https:\/\/dimensionturistica.com\/es\/wp-json\/wp\/v2\/posts\/1121795","targetHints":{"allow":["GET"]}}],"collection":[{"href":"https:\/\/dimensionturistica.com\/es\/wp-json\/wp\/v2\/posts"}],"about":[{"href":"https:\/\/dimensionturistica.com\/es\/wp-json\/wp\/v2\/types\/post"}],"author":[{"embeddable":true,"href":"https:\/\/dimensionturistica.com\/es\/wp-json\/wp\/v2\/users\/4"}],"replies":[{"embeddable":true,"href":"https:\/\/dimensionturistica.com\/es\/wp-json\/wp\/v2\/comments?post=1121795"}],"version-history":[{"count":1,"href":"https:\/\/dimensionturistica.com\/es\/wp-json\/wp\/v2\/posts\/1121795\/revisions"}],"predecessor-version":[{"id":1121797,"href":"https:\/\/dimensionturistica.com\/es\/wp-json\/wp\/v2\/posts\/1121795\/revisions\/1121797"}],"wp:featuredmedia":[{"embeddable":true,"href":"https:\/\/dimensionturistica.com\/es\/wp-json\/wp\/v2\/media\/1121796"}],"wp:attachment":[{"href":"https:\/\/dimensionturistica.com\/es\/wp-json\/wp\/v2\/media?parent=1121795"}],"wp:term":[{"taxonomy":"category","embeddable":true,"href":"https:\/\/dimensionturistica.com\/es\/wp-json\/wp\/v2\/categories?post=1121795"},{"taxonomy":"post_tag","embeddable":true,"href":"https:\/\/dimensionturistica.com\/es\/wp-json\/wp\/v2\/tags?post=1121795"}],"curies":[{"name":"wp","href":"https:\/\/api.w.org\/{rel}","templated":true}]}}