{"id":1121786,"date":"2026-03-08T11:24:13","date_gmt":"2026-03-08T11:24:13","guid":{"rendered":"https:\/\/dimensionturistica.com\/es\/?p=1121786"},"modified":"2026-03-08T11:24:13","modified_gmt":"2026-03-08T11:24:13","slug":"de-los-archivos-sus-demonios-en-paz-elizabeth-taylor-regresa-en-su-mejor-momento","status":"publish","type":"post","link":"https:\/\/dimensionturistica.com\/es\/de-los-archivos-sus-demonios-en-paz-elizabeth-taylor-regresa-en-su-mejor-momento\/","title":{"rendered":"De los Archivos: Sus Demonios en Paz, Elizabeth Taylor Regresa en Su Mejor Momento"},"content":{"rendered":"<h3>Elizabeth Taylor: Un \u00cdcono Renovado que Vuelve a Brillar<\/h3>\n<p>En un giro sorprendente y emocionante, Elizabeth Taylor, la ic\u00f3nica actriz que ha dejado huella en la historia del cine, regresa al centro de atenci\u00f3n con una colecci\u00f3n que refleja no solo su esencia, sino tambi\u00e9n su inigualable estilo. Con una carrera repleta de logros y una vida llena de pasiones, Taylor se reinventa, mostrando que el glamour nunca pasa de moda.<\/p>\n<h4>Un Vestido de \u00c9poca<\/h4>\n<p>La nueva colecci\u00f3n evoca las \u00e9pocas doradas de Hollywood, donde cada prenda cuenta una historia. Con cortes que evocan la elegancia de la vieja guarda y colores vibrantes que capturan la energ\u00eda de su persona, Taylor demuestra que la moda trasciende el tiempo. Las siluetas cl\u00e1sicas se entrelazan con toques modernos, ofreciendo a las nuevas generaciones una forma de conectar con el legado de una de las actrices m\u00e1s queridas del cine.<\/p>\n<h4>Inspiraci\u00f3n en la Vida Real<\/h4>\n<p>Cada pieza no solo es un tributo a su trayectoria cinematogr\u00e1fica, sino tambi\u00e9n a su vida personal. Lejos de ser meras piezas de vestuario, los dise\u00f1os est\u00e1n impregnados de la esencia de la diva: fuerza, sensualidad y un toque de vulnerabilidad. La moda, en este contexto, se convierte en una extensi\u00f3n de la personalidad de Taylor, revelando sus luchas y triunfos en un mundo que a menudo puede ser implacable.<\/p>\n<h4>La Colaboraci\u00f3n Perfecta<\/h4>\n<p>Es digno de menci\u00f3n el equipo que ha trabajado junto a Taylor para dar vida a esta l\u00ednea. Un grupo de dise\u00f1adores que mezcla la tradici\u00f3n con la vanguardia han sabido captar la esencia de la actriz y transformarla en piezas que hablan por s\u00ed mismas. Cada costura, cada detalle, resuena con el eco de su voz y su sabidur\u00eda, creando un puente entre generaciones.<\/p>\n<h4>Un Impacto en las Nuevas Tendencias<\/h4>\n<p>El regreso de Elizabeth Taylor no solo impacta en el \u00e1mbito de la moda, sino que tambi\u00e9n invita a reflexionar sobre la evoluci\u00f3n del estilo y la identidad. En un mundo donde las tendencias cambian con rapidez, su enfoque nost\u00e1lgico y a la vez fresco ofrece un recordatorio de que la autenticidad siempre ser\u00e1 atemporal. Las nuevas generaciones est\u00e1n listas para reinterpretar su legado, y esta colecci\u00f3n ofrece las herramientas necesarias para hacerlo.<\/p>\n<h4>La Moda como Veh\u00edculo de Empoderamiento<\/h4>\n<p>M\u00e1s all\u00e1 de ser una simple expresi\u00f3n est\u00e9tica, la moda de Elizabeth Taylor se convierte en un s\u00edmbolo de empoderamiento. Invita a las personas a abrazar sus verdaderas identidades, a celebrar su individualidad y a vestirse no solo para impresionar, sino para honrarse a s\u00ed mismo. El mensaje es claro: cada prenda tiene el poder de contar una historia; la cuesti\u00f3n es \u00bfqu\u00e9 historia eliges contar?<\/p>\n<h4>La Expectativa Crece<\/h4>\n<p>A medida que la colecci\u00f3n se prepara para su lanzamiento, la anticipaci\u00f3n es palpable en el aire. Fans de la actriz, amantes de la moda y curiosos por igual se encuentran en un estado de emoci\u00f3n colectiva, ansiosos por ver c\u00f3mo la leyenda de Elizabeth Taylor se despliega de nuevo. \u00bfQu\u00e9 sorpresas traer\u00e1 consigo? \u00bfC\u00f3mo resonar\u00e1 su legado en el \u00e1mbito actual de la moda?<\/p>\n<h3>La Resurrecci\u00f3n de un \u00cdcono<\/h3>\n<p>Elizabeth Taylor no solo retorna con una l\u00ednea de moda; regresa como un \u00edcono que sigue inspirando. Con una mezcla inigualable de elegancia y autenticidad, invita a todos a redescubrir la belleza en la historia y a encontrar su propio estilo en el legado que ha dejado. En un mundo siempre cambiante, su mensaje perdura: ser uno mismo es la verdadera tendencia que nunca pasar\u00e1 de moda. <\/p>\n<p>El mundo de la moda est\u00e1 listo para ser testigo de c\u00f3mo los demonios del pasado dan paso a nuevas historias llenas de luz y glamour. El regreso de Taylor es un recordatorio de que algunas leyendas jam\u00e1s se desvanecen; simplemente se reinventan.<\/p>\n<p><em> &#8221; Fuentes www.vogue.com &#8221; <\/em><\/p>\n","protected":false},"excerpt":{"rendered":"<p>Elizabeth Taylor: Un \u00cdcono Renovado que Vuelve a Brillar En un giro sorprendente y emocionante, Elizabeth Taylor, la ic\u00f3nica actriz que ha dejado huella en la historia del cine, regresa al centro de atenci\u00f3n con una colecci\u00f3n que refleja no solo su esencia, sino tambi\u00e9n su inigualable estilo. Con una carrera repleta de logros y [&hellip;]<\/p>\n","protected":false},"author":14,"featured_media":1121787,"comment_status":"open","ping_status":"closed","sticky":false,"template":"","format":"standard","meta":{"om_disable_all_campaigns":false,"jnews-multi-image_gallery":[],"jnews_single_post":[],"jnews_primary_category":[],"jnews_social_meta":[],"footnotes":""},"categories":[144872],"tags":[211241,270433,134545,115897,201208,270431,207785,70560,270432],"class_list":["post-1121786","post","type-post","status-publish","format-standard","has-post-thumbnail","hentry","category-fashion","tag-archive","tag-author-spotlight","tag-book-review","tag-elizabeth-taylor","tag-from-the-archives","tag-her-demons","tag-literary-criticism","tag-literature","tag-top-form"],"_links":{"self":[{"href":"https:\/\/dimensionturistica.com\/es\/wp-json\/wp\/v2\/posts\/1121786","targetHints":{"allow":["GET"]}}],"collection":[{"href":"https:\/\/dimensionturistica.com\/es\/wp-json\/wp\/v2\/posts"}],"about":[{"href":"https:\/\/dimensionturistica.com\/es\/wp-json\/wp\/v2\/types\/post"}],"author":[{"embeddable":true,"href":"https:\/\/dimensionturistica.com\/es\/wp-json\/wp\/v2\/users\/14"}],"replies":[{"embeddable":true,"href":"https:\/\/dimensionturistica.com\/es\/wp-json\/wp\/v2\/comments?post=1121786"}],"version-history":[{"count":1,"href":"https:\/\/dimensionturistica.com\/es\/wp-json\/wp\/v2\/posts\/1121786\/revisions"}],"predecessor-version":[{"id":1121788,"href":"https:\/\/dimensionturistica.com\/es\/wp-json\/wp\/v2\/posts\/1121786\/revisions\/1121788"}],"wp:featuredmedia":[{"embeddable":true,"href":"https:\/\/dimensionturistica.com\/es\/wp-json\/wp\/v2\/media\/1121787"}],"wp:attachment":[{"href":"https:\/\/dimensionturistica.com\/es\/wp-json\/wp\/v2\/media?parent=1121786"}],"wp:term":[{"taxonomy":"category","embeddable":true,"href":"https:\/\/dimensionturistica.com\/es\/wp-json\/wp\/v2\/categories?post=1121786"},{"taxonomy":"post_tag","embeddable":true,"href":"https:\/\/dimensionturistica.com\/es\/wp-json\/wp\/v2\/tags?post=1121786"}],"curies":[{"name":"wp","href":"https:\/\/api.w.org\/{rel}","templated":true}]}}