{"id":1121710,"date":"2026-03-08T05:20:43","date_gmt":"2026-03-08T05:20:43","guid":{"rendered":"https:\/\/dimensionturistica.com\/es\/?p=1121710"},"modified":"2026-03-08T05:20:43","modified_gmt":"2026-03-08T05:20:43","slug":"zapatos-marrones-ideales-para-combinar-con-pantalones-y-faldas-esta-primavera-2026","status":"publish","type":"post","link":"https:\/\/dimensionturistica.com\/es\/zapatos-marrones-ideales-para-combinar-con-pantalones-y-faldas-esta-primavera-2026\/","title":{"rendered":"Zapatos marrones ideales para combinar con pantalones y faldas esta primavera 2026"},"content":{"rendered":"<h3>Tendencias en Calzado: Los Zapatos Color Caf\u00e9 de Stradivarius esta Primavera<\/h3>\n<p>La primavera de 2026 se presenta como una temporada vibrante en el mundo de la moda, y un elemento clave para lograr un look fresco y contempor\u00e1neo son, sin duda, los zapatos color caf\u00e9 de Stradivarius. Este tono, vers\u00e1til y elegante, se ha convertido en el must-have del momento, capaz de complementar tanto pantalones como faldas de manera excepcional.<\/p>\n<h4>La Paleta Terre\u00e1rea: Elegancia y Comodidad<\/h4>\n<p>Los zapatos en tonalidades marrones ofrecen una conexi\u00f3n directa con la naturaleza, recordando la calidez que trae la temporada. Este color, adem\u00e1s de su atractivo est\u00e9tico, proporciona una base s\u00f3lida para construir un outfit primaveral. El caf\u00e9, utilizado en diversas texturas y acabados, permite crear estilos que oscilan entre lo casual y lo sofisticado.<\/p>\n<h4>Combina Con Pantalones: Estilo Sin Esfuerzo<\/h4>\n<p>La versatilidad del calzado color caf\u00e9 brilla especialmente en combinaci\u00f3n con pantalones. Ya sea con jeans ajustados, chinos o pantalones de tela, estos zapatos aportan un toque de distinci\u00f3n. La clave est\u00e1 en buscar un equilibrio: un pantal\u00f3n de corte recto o una silueta amplia combina a la perfecci\u00f3n con un zapato con un dise\u00f1o m\u00e1s estructurado. La armon\u00eda visual que se logra es ideal para cualquier ocasi\u00f3n, desde una reuni\u00f3n de trabajo hasta una salida con amigos.<\/p>\n<h4>Faldas: Un Giro Chic<\/h4>\n<p>No se puede hablar de la moda primaveral sin mencionar las faldas. Los zapatos color caf\u00e9 son el complemento perfecto para estas prendas, independientemente de su largo o dise\u00f1o. Faldas midi o mini, de tejidos fluidos o m\u00e1s r\u00edgidos, se benefician de este calzado que realza la feminidad y la elegancia. Optar por una falda floral con un par de mocasines color caf\u00e9 puede ser la elecci\u00f3n ganadora para un look primaveral pleno de frescura.<\/p>\n<h4>Texturas y Dise\u00f1os que Marcan la Diferencia<\/h4>\n<p>Stradivarius ha logrado captar la esencia de la temporada a trav\u00e9s de una cuidadosa selecci\u00f3n de materiales y estilos. Desde modelos de cuero con acabados mate hasta opciones en nobuk m\u00e1s suave, la variedad se ajusta a los gustos y necesidades de cada persona. Adem\u00e1s, los detalles como hebillas, textura en relieve o suelas deportivas a\u00f1aden un giro contempor\u00e1neo que eleva cada pieza.<\/p>\n<h4>Accesorios que Elevan el Look<\/h4>\n<p>Para complementar el impacto visual de los zapatos color caf\u00e9, una selecci\u00f3n de accesorios bien elegidos puede hacer maravillas. Bolsos en tonos neutros, pa\u00f1uelos de seda o joyer\u00eda minimalista potencian el conjunto sin sobrecargarlo. La clave est\u00e1 en mantener un balance para que el calzado siga siendo el protagonista indiscutible del look.<\/p>\n<h3>En Resumen<\/h3>\n<p>La llegada de la primavera 2026 marca un momento clave para explorar y experimentar con el elegante calzado color caf\u00e9 de Stradivarius. Con la combinaci\u00f3n adecuada de prendas y un enfoque en los detalles, estos zapatos no solo prometen versatilidad, sino que tambi\u00e9n aseguran protagonismo en cualquier guardarropa. Adaptarse a esta tendencia no solo significa seguir la moda; se trata de expresar un estilo aut\u00e9ntico y personal que resuene con la esencia de la temporada. <\/p>\n<p>Atr\u00e9vete a dar el paso y deja que tus zapatos hablen por ti esta primavera.<\/p>\n<p><em> &#8221; Fuentes www.vogue.mx &#8221; <\/em><\/p>\n","protected":false},"excerpt":{"rendered":"<p>Tendencias en Calzado: Los Zapatos Color Caf\u00e9 de Stradivarius esta Primavera La primavera de 2026 se presenta como una temporada vibrante en el mundo de la moda, y un elemento clave para lograr un look fresco y contempor\u00e1neo son, sin duda, los zapatos color caf\u00e9 de Stradivarius. Este tono, vers\u00e1til y elegante, se ha convertido [&hellip;]<\/p>\n","protected":false},"author":14,"featured_media":1121711,"comment_status":"open","ping_status":"closed","sticky":false,"template":"","format":"standard","meta":{"om_disable_all_campaigns":false,"jnews-multi-image_gallery":[],"jnews_single_post":[],"jnews_primary_category":[],"jnews_social_meta":[],"footnotes":""},"categories":[144872],"tags":[211225,200523,251624,200499,8301,230504,156810,16753],"class_list":["post-1121710","post","type-post","status-publish","format-standard","has-post-thumbnail","hentry","category-fashion","tag-color-cafe","tag-faldas","tag-moda-2026","tag-pantalones","tag-primavera","tag-primavera-verano-2026","tag-stradivarius","tag-zapatos"],"_links":{"self":[{"href":"https:\/\/dimensionturistica.com\/es\/wp-json\/wp\/v2\/posts\/1121710","targetHints":{"allow":["GET"]}}],"collection":[{"href":"https:\/\/dimensionturistica.com\/es\/wp-json\/wp\/v2\/posts"}],"about":[{"href":"https:\/\/dimensionturistica.com\/es\/wp-json\/wp\/v2\/types\/post"}],"author":[{"embeddable":true,"href":"https:\/\/dimensionturistica.com\/es\/wp-json\/wp\/v2\/users\/14"}],"replies":[{"embeddable":true,"href":"https:\/\/dimensionturistica.com\/es\/wp-json\/wp\/v2\/comments?post=1121710"}],"version-history":[{"count":1,"href":"https:\/\/dimensionturistica.com\/es\/wp-json\/wp\/v2\/posts\/1121710\/revisions"}],"predecessor-version":[{"id":1121712,"href":"https:\/\/dimensionturistica.com\/es\/wp-json\/wp\/v2\/posts\/1121710\/revisions\/1121712"}],"wp:featuredmedia":[{"embeddable":true,"href":"https:\/\/dimensionturistica.com\/es\/wp-json\/wp\/v2\/media\/1121711"}],"wp:attachment":[{"href":"https:\/\/dimensionturistica.com\/es\/wp-json\/wp\/v2\/media?parent=1121710"}],"wp:term":[{"taxonomy":"category","embeddable":true,"href":"https:\/\/dimensionturistica.com\/es\/wp-json\/wp\/v2\/categories?post=1121710"},{"taxonomy":"post_tag","embeddable":true,"href":"https:\/\/dimensionturistica.com\/es\/wp-json\/wp\/v2\/tags?post=1121710"}],"curies":[{"name":"wp","href":"https:\/\/api.w.org\/{rel}","templated":true}]}}