{"id":1121587,"date":"2026-03-07T20:41:48","date_gmt":"2026-03-07T20:41:48","guid":{"rendered":"https:\/\/dimensionturistica.com\/es\/?p=1121587"},"modified":"2026-03-07T20:41:48","modified_gmt":"2026-03-07T20:41:48","slug":"victoria-beckham-brilla-con-estilo-en-un-conjunto-sastre-y-camiseta-blanca-junto-a-su-familia","status":"publish","type":"post","link":"https:\/\/dimensionturistica.com\/es\/victoria-beckham-brilla-con-estilo-en-un-conjunto-sastre-y-camiseta-blanca-junto-a-su-familia\/","title":{"rendered":"Victoria Beckham brilla con estilo en un conjunto sastre y camiseta blanca junto a su familia."},"content":{"rendered":"<h3>La Elegancia del Sastre: Victoria Beckham y Su Famil\u00eda Deslumbran en Par\u00eds<\/h3>\n<p>Durante la aclamada Semana de la Moda de Par\u00eds, Victoria Beckham no solo regres\u00f3 a la ciudad del amor como dise\u00f1adora, sino tambi\u00e9n como \u00edcono de estilo. La ex miembro de las Spice Girls y actual figura destacada en el mundo de la moda ha dado una lecci\u00f3n de elegancia y sofisticaci\u00f3n, llevando un traje sastre que ha captado la atenci\u00f3n de los amantes de la moda en todo el mundo.<\/p>\n<p>El look de Beckham, una apuesta segura por la atemporalidad, consisti\u00f3 en un traje sastre bien ajustado que combinaba a la perfecci\u00f3n la modernidad con un toque cl\u00e1sico. Opt\u00f3 por un color neutro que resalt\u00f3 su figura, demostrando que menos es m\u00e1s cuando se trata de moda. Cada detalle del atuendo estaba meticulosamente pensado, desde la elecci\u00f3n de la tela hasta los corte, lo que evidencia su dominio de la sastrer\u00eda contempor\u00e1nea.<\/p>\n<p>El entorno de Par\u00eds, un tel\u00f3n de fondo de ic\u00f3nicas calles y monumentos, a\u00f1adi\u00f3 una dimensi\u00f3n m\u00e1gica al conjunto. La presencia de su familia, quienes la acompa\u00f1aron durante este evento, no hizo m\u00e1s que reforzar la conexi\u00f3n entre el mundo de la moda y los lazos familiares. Este aspecto, a menudo pasado por alto, subraya la importancia de la familia en momentos de gran significado.<\/p>\n<p>En medio de la ajetreada agenda de la Semana de la Moda, Victoria Beckham logr\u00f3 un equilibrio entre su faceta como dise\u00f1adora y su rol como madre. Esta dualidad se convierte en un referente para muchas mujeres que navegan entre sus propias ambiciones y deberes familiares. La presencia de sus hijos, todos vestidos con un estilo impecable, refleja una visi\u00f3n de la moda que trasciende lo superficial: la importancia de la cohesi\u00f3n familiar.<\/p>\n<p>Las redes sociales explotaron con im\u00e1genes y comentarios sobre su look, generando un debate sobre el resurgimiento del traje sastre como un must-have en el guardarropa contempor\u00e1neo. En un mundo donde las tendencias suelen cambiar en un abrir y cerrar de ojos, Beckham ha reafirmado la relevancia del sastre, convirti\u00e9ndolo en s\u00edmbolo de empoderamiento y confianza.<\/p>\n<p>Para aquellos interesados en seguir los pasos de estilos ic\u00f3nicos como el de Beckham, el secreto radica en la personalizaci\u00f3n. Adopta un traje que hable de tu estilo personal, juega con los colores y texturas, y no olvides que la clave est\u00e1 en los accesorios. Un buen par de zapatos y una joyer\u00eda simple pueden elevar cualquier conjunto, transformando una elecci\u00f3n de vestuario en una declaraci\u00f3n de intenciones.<\/p>\n<p>La Semana de la Moda de Par\u00eds contin\u00faa siendo el epicentro del estilo, y Victoria Beckham, con su elecci\u00f3n de atuendo y su c\u00e1lido enfoque familiar, reafirma su estatus como una influencia significativa en el panorama contempor\u00e1neo de la moda. Seguir su trayectoria se convierte en un ejercicio inspirador para todos aquellos que valoran la elegancia, la familia y la proyecci\u00f3n de una imagen fuerte y decidida.<\/p>\n<p><em> &#8221; Fuentes www.vogue.mx &#8221; <\/em><\/p>\n","protected":false},"excerpt":{"rendered":"<p>La Elegancia del Sastre: Victoria Beckham y Su Famil\u00eda Deslumbran en Par\u00eds Durante la aclamada Semana de la Moda de Par\u00eds, Victoria Beckham no solo regres\u00f3 a la ciudad del amor como dise\u00f1adora, sino tambi\u00e9n como \u00edcono de estilo. La ex miembro de las Spice Girls y actual figura destacada en el mundo de la [&hellip;]<\/p>\n","protected":false},"author":14,"featured_media":1121588,"comment_status":"open","ping_status":"closed","sticky":false,"template":"","format":"standard","meta":{"om_disable_all_campaigns":false,"jnews-multi-image_gallery":[],"jnews_single_post":[],"jnews_primary_category":[],"jnews_social_meta":[],"footnotes":""},"categories":[144872],"tags":[220434,6446,7758,4285,166,270378,270377,659,205814,29834],"class_list":["post-1121587","post","type-post","status-publish","format-standard","has-post-thumbnail","hentry","category-fashion","tag-camiseta-blanca","tag-celebridades","tag-estilo","tag-familia","tag-fashion","tag-look-familiar","tag-mama-elegante","tag-moda","tag-traje-sastre","tag-victoria-beckham"],"_links":{"self":[{"href":"https:\/\/dimensionturistica.com\/es\/wp-json\/wp\/v2\/posts\/1121587","targetHints":{"allow":["GET"]}}],"collection":[{"href":"https:\/\/dimensionturistica.com\/es\/wp-json\/wp\/v2\/posts"}],"about":[{"href":"https:\/\/dimensionturistica.com\/es\/wp-json\/wp\/v2\/types\/post"}],"author":[{"embeddable":true,"href":"https:\/\/dimensionturistica.com\/es\/wp-json\/wp\/v2\/users\/14"}],"replies":[{"embeddable":true,"href":"https:\/\/dimensionturistica.com\/es\/wp-json\/wp\/v2\/comments?post=1121587"}],"version-history":[{"count":1,"href":"https:\/\/dimensionturistica.com\/es\/wp-json\/wp\/v2\/posts\/1121587\/revisions"}],"predecessor-version":[{"id":1121589,"href":"https:\/\/dimensionturistica.com\/es\/wp-json\/wp\/v2\/posts\/1121587\/revisions\/1121589"}],"wp:featuredmedia":[{"embeddable":true,"href":"https:\/\/dimensionturistica.com\/es\/wp-json\/wp\/v2\/media\/1121588"}],"wp:attachment":[{"href":"https:\/\/dimensionturistica.com\/es\/wp-json\/wp\/v2\/media?parent=1121587"}],"wp:term":[{"taxonomy":"category","embeddable":true,"href":"https:\/\/dimensionturistica.com\/es\/wp-json\/wp\/v2\/categories?post=1121587"},{"taxonomy":"post_tag","embeddable":true,"href":"https:\/\/dimensionturistica.com\/es\/wp-json\/wp\/v2\/tags?post=1121587"}],"curies":[{"name":"wp","href":"https:\/\/api.w.org\/{rel}","templated":true}]}}