{"id":1121575,"date":"2026-03-07T19:44:49","date_gmt":"2026-03-07T19:44:49","guid":{"rendered":"https:\/\/dimensionturistica.com\/es\/?p=1121575"},"modified":"2026-03-07T19:44:49","modified_gmt":"2026-03-07T19:44:49","slug":"encuentro-de-turismo-congrega-a-30-agencias-de-viajes-y-ofrece-promociones-de-escapadas-vacacionales","status":"publish","type":"post","link":"https:\/\/dimensionturistica.com\/es\/encuentro-de-turismo-congrega-a-30-agencias-de-viajes-y-ofrece-promociones-de-escapadas-vacacionales\/","title":{"rendered":"Encuentro de Turismo congrega a 30 agencias de viajes y ofrece promociones de escapadas vacacionales."},"content":{"rendered":"<h3>La Feria del Turismo: Un Viaje de Oportunidades y Descubrimientos<\/h3>\n<p>El mundo del turismo se encuentra en constante evoluci\u00f3n, y uno de los mejores ejemplos de esta din\u00e1mica se puede observar en la reciente Feria de Turismo, un evento que reuni\u00f3 a 30 agencias de viaje para presentar su variada oferta de paquetes vacacionales. Este encuentro no solo habilit\u00f3 un espacio para la promoci\u00f3n de destinos, sino que tambi\u00e9n se convirti\u00f3 en un punto de encuentro para los entusiastas de los viajes, quienes buscan experiencias \u00fanicas.<\/p>\n<h4>Un escaparate de destinos<\/h4>\n<p>Durante la feria, los asistentes pudieron explorar una amplia gama de opciones tur\u00edsticas, desde escapadas de fin de semana hasta viajes internacionales. Las agencias de viaje exhibieron destinos tanto populares como menos convencionales, lo que permiti\u00f3 a los visitantes planificar sus pr\u00f3ximas aventuras de manera informada. Cada stand no solo ofrec\u00eda informaci\u00f3n, tambi\u00e9n invitaba a dejar volar la imaginaci\u00f3n a trav\u00e9s de im\u00e1genes cautivadoras y relatos de experiencias vividas.<\/p>\n<h4>Oportunidades para todos los gustos<\/h4>\n<p>El evento se dise\u00f1\u00f3 para atraer a un p\u00fablico diverso: familias, parejas, viajeros solitarios y aquellos en busca de aventuras extremas. Los visitantes tambi\u00e9n tuvieron la oportunidad de acceder a importantes descuentos y promociones exclusivas, algo que sin duda atrajo a aquellos que buscan maximizar su presupuesto. Desde excursiones a playas paradis\u00edacas hasta expediciones culturales en ciudades hist\u00f3ricas, la feria prometi\u00f3 algo para todos.<\/p>\n<h4>Innovaci\u00f3n en la experiencia de viaje<\/h4>\n<p>Adem\u00e1s de paquetes vacacionales, la feria enfatiz\u00f3 la importancia de la sostenibilidad y el turismo responsable. Las agencias presentaron iniciativas que buscan disminuir el impacto ambiental de la actividad tur\u00edstica, as\u00ed como opciones que incluyen pr\u00e1cticas respetuosas con las comunidades locales. Esta tendencia es cada vez m\u00e1s relevante en el mundo actual, y los viajeros est\u00e1n buscando formas de disfrutar de sus vacaciones sin comprometer el bienestar del planeta.<\/p>\n<h4>Conexiones y colaboraciones<\/h4>\n<p>La Feria de Turismo tambi\u00e9n sirvi\u00f3 como un punto de encuentro para profesionales del sector, fomentando conexiones valiosas entre agencias, proveedores de servicios y autoridades locales. Estas interacciones son cruciales para crear un ecosistema de turismo m\u00e1s robusto y colaborativo, que no solo beneficie a los negocios involucrados, sino que tambi\u00e9n enriquezca la experiencia del viajero.<\/p>\n<h4>Mirando hacia el futuro<\/h4>\n<p>Con la recuperaci\u00f3n del sector tur\u00edstico en marcha, eventos como la Feria de Turismo ofrecen una plataforma indispensable para volver a conectar a los viajeros con su pasi\u00f3n por explorar el mundo. A medida que m\u00e1s personas muestran inter\u00e9s en aventurarse, estas ferias se perfilan como el lugar ideal para descubrir nuevas oportunidades, establecer contactos valiosos y, sobre todo, so\u00f1ar con el pr\u00f3ximo destino que les llevar\u00e1 a un nuevo cap\u00edtulo de su historia personal.<\/p>\n<p>La pr\u00f3xima vez que consideres unas vacaciones, recuerda que la clave para una experiencia memorable puede encontrarse en las ferias de turismo. Aqu\u00ed, no solo encontrar\u00e1s paquetes, sino tambi\u00e9n la inspiraci\u00f3n necesaria para convertir tus sue\u00f1os de viaje en realidad. \u00a1Prep\u00e1rate para un mundo de aventuras que te espera!<\/p>\n<p><em> &#8221; Sources oem.com.mx &#8221; <\/em><\/p>\n","protected":false},"excerpt":{"rendered":"<p>La Feria del Turismo: Un Viaje de Oportunidades y Descubrimientos El mundo del turismo se encuentra en constante evoluci\u00f3n, y uno de los mejores ejemplos de esta din\u00e1mica se puede observar en la reciente Feria de Turismo, un evento que reuni\u00f3 a 30 agencias de viaje para presentar su variada oferta de paquetes vacacionales. Este [&hellip;]<\/p>\n","protected":false},"author":4,"featured_media":1121576,"comment_status":"open","ping_status":"closed","sticky":false,"template":"","format":"standard","meta":{"om_disable_all_campaigns":false,"jnews-multi-image_gallery":[],"jnews_single_post":[],"jnews_primary_category":[],"jnews_social_meta":[],"footnotes":""},"categories":[40],"tags":[783,80051,19410,8655,544],"class_list":["post-1121575","post","type-post","status-publish","format-standard","has-post-thumbnail","hentry","category-industria","tag-agencias-de-viaje","tag-el-heraldo-de-juarez","tag-feria-de-turismo","tag-paquetes-vacacionales","tag-turismo"],"_links":{"self":[{"href":"https:\/\/dimensionturistica.com\/es\/wp-json\/wp\/v2\/posts\/1121575","targetHints":{"allow":["GET"]}}],"collection":[{"href":"https:\/\/dimensionturistica.com\/es\/wp-json\/wp\/v2\/posts"}],"about":[{"href":"https:\/\/dimensionturistica.com\/es\/wp-json\/wp\/v2\/types\/post"}],"author":[{"embeddable":true,"href":"https:\/\/dimensionturistica.com\/es\/wp-json\/wp\/v2\/users\/4"}],"replies":[{"embeddable":true,"href":"https:\/\/dimensionturistica.com\/es\/wp-json\/wp\/v2\/comments?post=1121575"}],"version-history":[{"count":1,"href":"https:\/\/dimensionturistica.com\/es\/wp-json\/wp\/v2\/posts\/1121575\/revisions"}],"predecessor-version":[{"id":1121577,"href":"https:\/\/dimensionturistica.com\/es\/wp-json\/wp\/v2\/posts\/1121575\/revisions\/1121577"}],"wp:featuredmedia":[{"embeddable":true,"href":"https:\/\/dimensionturistica.com\/es\/wp-json\/wp\/v2\/media\/1121576"}],"wp:attachment":[{"href":"https:\/\/dimensionturistica.com\/es\/wp-json\/wp\/v2\/media?parent=1121575"}],"wp:term":[{"taxonomy":"category","embeddable":true,"href":"https:\/\/dimensionturistica.com\/es\/wp-json\/wp\/v2\/categories?post=1121575"},{"taxonomy":"post_tag","embeddable":true,"href":"https:\/\/dimensionturistica.com\/es\/wp-json\/wp\/v2\/tags?post=1121575"}],"curies":[{"name":"wp","href":"https:\/\/api.w.org\/{rel}","templated":true}]}}