{"id":1121549,"date":"2026-03-07T18:32:38","date_gmt":"2026-03-07T18:32:38","guid":{"rendered":"https:\/\/dimensionturistica.com\/es\/?p=1121549"},"modified":"2026-03-07T18:32:38","modified_gmt":"2026-03-07T18:32:38","slug":"pola-weiss-la-mirada-feminista-que-desafio-la-pantalla-llega-a-las-salas-de-cine","status":"publish","type":"post","link":"https:\/\/dimensionturistica.com\/es\/pola-weiss-la-mirada-feminista-que-desafio-la-pantalla-llega-a-las-salas-de-cine\/","title":{"rendered":"Pola Weiss: La mirada feminista que desafi\u00f3 la pantalla llega a las salas de cine"},"content":{"rendered":"\n<p>En el marco de la celebraci\u00f3n del D\u00eda Internacional de la Mujer, el legado de la &#8220;madre del videoarte en M\u00e9xico&#8221; cobra una relevancia urgente. El documental dirigido por Alejandra Arrieta sobre la vida y obra de Pola Weiss (1947-1990) se estrena este 5 de marzo, ofreciendo una mirada profunda a una artista que convirti\u00f3 la tecnolog\u00eda en una herramienta feminista.<\/p>\n\n\n\n<p>M\u00e1s que una imagen: El cuerpo como territorio pol\u00edtico<\/p>\n\n\n\n<p>La historia de Pola Weiss abre la puerta a una discusi\u00f3n necesaria sobre el cuerpo femenino politizado. Mientras los medios de comunicaci\u00f3n de los a\u00f1os 70 y 80 impon\u00edan estereotipos de belleza r\u00edgidos, Pola utiliz\u00f3 el videoarte y la danza para mostrar un cuerpo real y libre, desafiando las nociones culturales que vinculan hist\u00f3ricamente a la mujer con la locura.<\/p>\n\n\n\n<figure class=\"wp-block-gallery has-nested-images columns-default is-cropped wp-block-gallery-1 is-layout-flex wp-block-gallery-is-layout-flex\">\n<figure class=\"wp-block-image size-large\"><img decoding=\"async\" width=\"500\" height=\"282\" data-id=\"1121550\" src=\"https:\/\/dimensionturistica.com\/es\/wp-content\/uploads\/2026\/03\/3POLA.jpg\" alt=\"\" class=\"wp-image-1121550\" srcset=\"https:\/\/dimensionturistica.com\/es\/wp-content\/uploads\/2026\/03\/3POLA.jpg 500w, https:\/\/dimensionturistica.com\/es\/wp-content\/uploads\/2026\/03\/3POLA-300x169.jpg 300w\" sizes=\"(max-width: 500px) 100vw, 500px\" \/><\/figure>\n<\/figure>\n\n\n\n<p>Para ella, la c\u00e1mara no era solo un aparato; era un espejo. A trav\u00e9s de su obra, desafi\u00f3 la idea de que una mujer deb\u00eda ser &#8220;pasiva&#8221; y demostr\u00f3 que el arte pod\u00eda ser una herramienta para reclamar el espacio propio, transformando la mirada del espectador en una experiencia de autoconocimiento.<\/p>\n\n\n\n<p>Pola Weiss: Una voz cr\u00edtica y honesta<\/p>\n\n\n\n<p>El documental rescata textos personales de Pola, escritos en 1975, que revelan a una mujer que prefer\u00eda la honestidad a las etiquetas. Pola no buscaba encajar en conceptos de moda, sino que invitaba a una reflexi\u00f3n m\u00e1s profunda, m\u00e1s que seguir un movimiento con un nombre espec\u00edfico, ella invitaba a las mujeres a mantener una actitud honesta ante s\u00ed mismas, priorizando la autenticidad sobre los neologismos del momento.<\/p>\n\n\n\n<p>Pola lanzaba una pregunta que sigue vigente y que invita a una introspecci\u00f3n profunda: \u201c\u00bfCu\u00e1ntas hay que luchan por Ser Mujeres?\u201d. Con esto, Weiss propon\u00eda que ser mujer no deb\u00eda reducirse a un discurso pol\u00edtico o a una definici\u00f3n externa, sino que deb\u00eda asumirse como una vivencia diaria y una aceptaci\u00f3n plena del potencial propio y de la naturaleza humana.<\/p>\n\n\n\n<p>Inspiraci\u00f3n para una nueva generaci\u00f3n<\/p>\n\n\n\n<figure class=\"wp-block-gallery has-nested-images columns-default is-cropped wp-block-gallery-2 is-layout-flex wp-block-gallery-is-layout-flex\">\n<figure class=\"wp-block-image size-large\"><img decoding=\"async\" width=\"474\" height=\"134\" data-id=\"1121551\" src=\"https:\/\/dimensionturistica.com\/es\/wp-content\/uploads\/2026\/03\/OIP-1.jpeg\" alt=\"\" class=\"wp-image-1121551\" srcset=\"https:\/\/dimensionturistica.com\/es\/wp-content\/uploads\/2026\/03\/OIP-1.jpeg 474w, https:\/\/dimensionturistica.com\/es\/wp-content\/uploads\/2026\/03\/OIP-1-300x85.jpeg 300w\" sizes=\"(max-width: 474px) 100vw, 474px\" \/><\/figure>\n<\/figure>\n\n\n\n<p>Aunque su obra naci\u00f3 hace d\u00e9cadas, el mensaje de Pola resuena hoy con las generaciones m\u00e1s j\u00f3venes. En un momento donde la sororidad y el apoyo entre mujeres son fundamentales, Pola Weiss se presenta como una figura cercana e inspiradora: una mujer que se atrevi\u00f3 a ser ella misma a pesar de las cr\u00edticas.<\/p>\n\n\n\n<p>&#8220;Esperamos que, a trav\u00e9s de este documental, nuevas audiencias encuentren en la vida de Pola una chispa para defender sus propias convicciones y su propia voz&#8221;, coment\u00e1 Alejandra Arrieta, directora del documental.<\/p>\n\n\n\n<p>\u00bfD\u00f3nde verla?<\/p>\n\n\n\n<p>El documental inicia su viaje este 5 de marzo en:<\/p>\n\n\n\n<p>Cines culturales: Salas independientes de la CDMX.<\/p>\n\n\n\n<p>Salas comerciales: Estreno este mes en Cinemex.<\/p>\n","protected":false},"excerpt":{"rendered":"<p>En el marco de la celebraci\u00f3n del D\u00eda Internacional de la Mujer, el legado de la &#8220;madre del videoarte en M\u00e9xico&#8221; cobra una relevancia urgente. El documental dirigido por Alejandra Arrieta sobre la vida y obra de Pola Weiss (1947-1990) se estrena este 5 de marzo, ofreciendo una mirada profunda a una artista que convirti\u00f3 [&hellip;]<\/p>\n","protected":false},"author":1,"featured_media":1121552,"comment_status":"open","ping_status":"closed","sticky":false,"template":"","format":"standard","meta":{"om_disable_all_campaigns":false,"jnews-multi-image_gallery":[],"jnews_single_post":[],"jnews_primary_category":[],"jnews_social_meta":[],"footnotes":""},"categories":[40],"tags":[],"class_list":["post-1121549","post","type-post","status-publish","format-standard","has-post-thumbnail","hentry","category-industria"],"_links":{"self":[{"href":"https:\/\/dimensionturistica.com\/es\/wp-json\/wp\/v2\/posts\/1121549","targetHints":{"allow":["GET"]}}],"collection":[{"href":"https:\/\/dimensionturistica.com\/es\/wp-json\/wp\/v2\/posts"}],"about":[{"href":"https:\/\/dimensionturistica.com\/es\/wp-json\/wp\/v2\/types\/post"}],"author":[{"embeddable":true,"href":"https:\/\/dimensionturistica.com\/es\/wp-json\/wp\/v2\/users\/1"}],"replies":[{"embeddable":true,"href":"https:\/\/dimensionturistica.com\/es\/wp-json\/wp\/v2\/comments?post=1121549"}],"version-history":[{"count":1,"href":"https:\/\/dimensionturistica.com\/es\/wp-json\/wp\/v2\/posts\/1121549\/revisions"}],"predecessor-version":[{"id":1121553,"href":"https:\/\/dimensionturistica.com\/es\/wp-json\/wp\/v2\/posts\/1121549\/revisions\/1121553"}],"wp:featuredmedia":[{"embeddable":true,"href":"https:\/\/dimensionturistica.com\/es\/wp-json\/wp\/v2\/media\/1121552"}],"wp:attachment":[{"href":"https:\/\/dimensionturistica.com\/es\/wp-json\/wp\/v2\/media?parent=1121549"}],"wp:term":[{"taxonomy":"category","embeddable":true,"href":"https:\/\/dimensionturistica.com\/es\/wp-json\/wp\/v2\/categories?post=1121549"},{"taxonomy":"post_tag","embeddable":true,"href":"https:\/\/dimensionturistica.com\/es\/wp-json\/wp\/v2\/tags?post=1121549"}],"curies":[{"name":"wp","href":"https:\/\/api.w.org\/{rel}","templated":true}]}}