{"id":1121521,"date":"2026-03-07T17:46:09","date_gmt":"2026-03-07T17:46:09","guid":{"rendered":"https:\/\/dimensionturistica.com\/es\/?p=1121521"},"modified":"2026-03-07T17:46:09","modified_gmt":"2026-03-07T17:46:09","slug":"8m-cecrige-presenta-avances-de-investigacion-sobre-la-carga-mental-del-cuidado-no-remunerado-en-mexico","status":"publish","type":"post","link":"https:\/\/dimensionturistica.com\/es\/8m-cecrige-presenta-avances-de-investigacion-sobre-la-carga-mental-del-cuidado-no-remunerado-en-mexico\/","title":{"rendered":"#8M CECRIGE presenta avances de investigaci\u00f3n sobre la carga mental del cuidado no remunerado en M\u00e9xico"},"content":{"rendered":"\n<p>En el marco del 8 de marzo, D\u00eda Internacional de las Mujeres, el Centro de Estudios Cr\u00edticos de G\u00e9nero y Feminismos (CECRIGE) de la Universidad Iberoamericana Ciudad de M\u00e9xico presentar\u00e1 los avances de la investigaci\u00f3n Carga mental en el trabajo de cuidados no remunerados en M\u00e9xico, un estudio que busca visibilizar una dimensi\u00f3n poco reconocida del cuidado: la responsabilidad constante de planificar, anticipar, organizar y supervisar las necesidades de otras personas.<\/p>\n\n\n\n<figure class=\"wp-block-gallery has-nested-images columns-default is-cropped wp-block-gallery-1 is-layout-flex wp-block-gallery-is-layout-flex\">\n<figure class=\"wp-block-image size-large\"><img decoding=\"async\" width=\"500\" height=\"888\" data-id=\"1121522\" src=\"https:\/\/dimensionturistica.com\/es\/wp-content\/uploads\/2026\/03\/5ibero.jpg\" alt=\"\" class=\"wp-image-1121522\" srcset=\"https:\/\/dimensionturistica.com\/es\/wp-content\/uploads\/2026\/03\/5ibero.jpg 500w, https:\/\/dimensionturistica.com\/es\/wp-content\/uploads\/2026\/03\/5ibero-169x300.jpg 169w\" sizes=\"(max-width: 500px) 100vw, 500px\" \/><\/figure>\n<\/figure>\n\n\n\n<p>La presentaci\u00f3n se realizar\u00e1 el pr\u00f3ximo 10 de marzo, de 13:00 a 15:00 horas, en el Aula Mart\u00edn Buber (Edificio E, Nivel 2), con invitaci\u00f3n abierta a medios de comunicaci\u00f3n y p\u00fablico interesado.<\/p>\n\n\n\n<p>El proyecto, desarrollado de manera conjunta por el CECRIGE, el Instituto de Investigaciones para el Desarrollo con Equidad (EQUIDE), la Direcci\u00f3n de Innovaci\u00f3n Educativa (DIE) y la Direcci\u00f3n de Investigaci\u00f3n y Posgrado (DINVP) de la IBERO, analiza c\u00f3mo esta carga invisible impacta el bienestar emocional, el tiempo personal y las condiciones de vida de quienes cuidan, desde una perspectiva de g\u00e9nero.<\/p>\n\n\n\n<p>Como parte del estudio, se aplic\u00f3 una Encuesta sobre la Carga Mental del Cuidado y del Trabajo No Remunerado a personas cuidadoras en todo el pa\u00eds. Los resultados preliminares permiten identificar tendencias sobre la distribuci\u00f3n social del cuidado y sus efectos en la vida cotidiana.<\/p>\n\n\n\n<figure class=\"wp-block-gallery has-nested-images columns-default is-cropped wp-block-gallery-2 is-layout-flex wp-block-gallery-is-layout-flex\">\n<figure class=\"wp-block-image size-large\"><img decoding=\"async\" width=\"500\" height=\"329\" data-id=\"1121523\" src=\"https:\/\/dimensionturistica.com\/es\/wp-content\/uploads\/2026\/03\/2ibero.jpg\" alt=\"\" class=\"wp-image-1121523\" srcset=\"https:\/\/dimensionturistica.com\/es\/wp-content\/uploads\/2026\/03\/2ibero.jpg 500w, https:\/\/dimensionturistica.com\/es\/wp-content\/uploads\/2026\/03\/2ibero-300x197.jpg 300w\" sizes=\"(max-width: 500px) 100vw, 500px\" \/><\/figure>\n<\/figure>\n\n\n\n<p>Cada a\u00f1o, el CECRIGE selecciona un tema prioritario para desarrollar investigaci\u00f3n aplicada que contribuya al fortalecimiento de la agenda p\u00fablica en materia de igualdad de g\u00e9nero. En 2025, el Centro present\u00f3 el informe Hacia la corresponsabilidad social: el rol estrat\u00e9gico de las universidades en la organizaci\u00f3n del cuidado en M\u00e9xico, que abord\u00f3 el papel de las instituciones de educaci\u00f3n superior en la construcci\u00f3n de un sistema social de cuidados m\u00e1s justo y corresponsable.<\/p>\n\n\n\n<p>Con esta nueva investigaci\u00f3n, el CECRIGE busca ampliar la discusi\u00f3n p\u00fablica sobre el cuidado, no solo como trabajo f\u00edsico, sino tambi\u00e9n como una responsabilidad mental permanente que permanece, en gran medida, invisibilizada.<\/p>\n","protected":false},"excerpt":{"rendered":"<p>En el marco del 8 de marzo, D\u00eda Internacional de las Mujeres, el Centro de Estudios Cr\u00edticos de G\u00e9nero y Feminismos (CECRIGE) de la Universidad Iberoamericana Ciudad de M\u00e9xico presentar\u00e1 los avances de la investigaci\u00f3n Carga mental en el trabajo de cuidados no remunerados en M\u00e9xico, un estudio que busca visibilizar una dimensi\u00f3n poco reconocida [&hellip;]<\/p>\n","protected":false},"author":1,"featured_media":1121524,"comment_status":"open","ping_status":"closed","sticky":false,"template":"","format":"standard","meta":{"om_disable_all_campaigns":false,"jnews-multi-image_gallery":[],"jnews_single_post":{"format":"standard"},"jnews_primary_category":[],"jnews_social_meta":[],"footnotes":""},"categories":[144872],"tags":[],"class_list":["post-1121521","post","type-post","status-publish","format-standard","has-post-thumbnail","hentry","category-fashion"],"_links":{"self":[{"href":"https:\/\/dimensionturistica.com\/es\/wp-json\/wp\/v2\/posts\/1121521","targetHints":{"allow":["GET"]}}],"collection":[{"href":"https:\/\/dimensionturistica.com\/es\/wp-json\/wp\/v2\/posts"}],"about":[{"href":"https:\/\/dimensionturistica.com\/es\/wp-json\/wp\/v2\/types\/post"}],"author":[{"embeddable":true,"href":"https:\/\/dimensionturistica.com\/es\/wp-json\/wp\/v2\/users\/1"}],"replies":[{"embeddable":true,"href":"https:\/\/dimensionturistica.com\/es\/wp-json\/wp\/v2\/comments?post=1121521"}],"version-history":[{"count":1,"href":"https:\/\/dimensionturistica.com\/es\/wp-json\/wp\/v2\/posts\/1121521\/revisions"}],"predecessor-version":[{"id":1121525,"href":"https:\/\/dimensionturistica.com\/es\/wp-json\/wp\/v2\/posts\/1121521\/revisions\/1121525"}],"wp:featuredmedia":[{"embeddable":true,"href":"https:\/\/dimensionturistica.com\/es\/wp-json\/wp\/v2\/media\/1121524"}],"wp:attachment":[{"href":"https:\/\/dimensionturistica.com\/es\/wp-json\/wp\/v2\/media?parent=1121521"}],"wp:term":[{"taxonomy":"category","embeddable":true,"href":"https:\/\/dimensionturistica.com\/es\/wp-json\/wp\/v2\/categories?post=1121521"},{"taxonomy":"post_tag","embeddable":true,"href":"https:\/\/dimensionturistica.com\/es\/wp-json\/wp\/v2\/tags?post=1121521"}],"curies":[{"name":"wp","href":"https:\/\/api.w.org\/{rel}","templated":true}]}}