{"id":1121508,"date":"2026-03-07T17:31:36","date_gmt":"2026-03-07T17:31:36","guid":{"rendered":"https:\/\/dimensionturistica.com\/es\/?p=1121508"},"modified":"2026-03-07T17:31:36","modified_gmt":"2026-03-07T17:31:36","slug":"en-el-marco-del-dia-internacional-de-la-mujer-aparece-en-la-agenda-publica-es-la-que-involucra-a-las-mujeres-mayores-de-60-anos-y-su-relacion-con-el-bienestar-y-la-actividad-fisica","status":"publish","type":"post","link":"https:\/\/dimensionturistica.com\/es\/en-el-marco-del-dia-internacional-de-la-mujer-aparece-en-la-agenda-publica-es-la-que-involucra-a-las-mujeres-mayores-de-60-anos-y-su-relacion-con-el-bienestar-y-la-actividad-fisica\/","title":{"rendered":"En el marco del D\u00eda Internacional de la Mujer, aparece en la agenda p\u00fablica es la que involucra a las mujeres mayores de 60 a\u00f1os y su relaci\u00f3n con el bienestar y la actividad f\u00edsica."},"content":{"rendered":"\n<p>Cada 8 de marzo, el D\u00eda Internacional de la Mujer convoca a reflexionar sobre derechos, brechas y deudas hist\u00f3ricas. Sin embargo, pocas veces la conversaci\u00f3n se detiene en un grupo que crece de manera sostenida en M\u00e9xico: las mujeres mayores de 60 a\u00f1os.<\/p>\n\n\n\n<figure class=\"wp-block-gallery has-nested-images columns-default is-cropped wp-block-gallery-1 is-layout-flex wp-block-gallery-is-layout-flex\">\n<figure class=\"wp-block-image size-large\"><img decoding=\"async\" width=\"500\" height=\"325\" data-id=\"1121509\" src=\"https:\/\/dimensionturistica.com\/es\/wp-content\/uploads\/2026\/03\/5SPORT.jpg\" alt=\"\" class=\"wp-image-1121509\" srcset=\"https:\/\/dimensionturistica.com\/es\/wp-content\/uploads\/2026\/03\/5SPORT.jpg 500w, https:\/\/dimensionturistica.com\/es\/wp-content\/uploads\/2026\/03\/5SPORT-300x195.jpg 300w\" sizes=\"(max-width: 500px) 100vw, 500px\" \/><\/figure>\n<\/figure>\n\n\n\n<p>El envejecimiento de la poblaci\u00f3n es una realidad demogr\u00e1fica. En este escenario, las mujeres no solo representan un porcentaje significativo de las personas adultas mayores, sino que adem\u00e1s enfrentan desaf\u00edos particulares: mayor expectativa de vida, periodos m\u00e1s largos de viudez y brechas acumuladas en el acceso a servicios de salud y espacios de bienestar.<\/p>\n\n\n\n<p>A esto se suma una narrativa cultural que durante d\u00e9cadas asoci\u00f3 la madurez femenina con el retiro, la fragilidad o la invisibilidad.<\/p>\n\n\n\n<p>Hoy, esa historia comienza a cambiar.<\/p>\n\n\n\n<figure class=\"wp-block-gallery has-nested-images columns-default is-cropped wp-block-gallery-2 is-layout-flex wp-block-gallery-is-layout-flex\">\n<figure class=\"wp-block-image size-large\"><img decoding=\"async\" width=\"500\" height=\"333\" data-id=\"1121510\" src=\"https:\/\/dimensionturistica.com\/es\/wp-content\/uploads\/2026\/03\/7SPORT.jpg\" alt=\"\" class=\"wp-image-1121510\" srcset=\"https:\/\/dimensionturistica.com\/es\/wp-content\/uploads\/2026\/03\/7SPORT.jpg 500w, https:\/\/dimensionturistica.com\/es\/wp-content\/uploads\/2026\/03\/7SPORT-300x200.jpg 300w\" sizes=\"(max-width: 500px) 100vw, 500px\" \/><\/figure>\n<\/figure>\n\n\n\n<p>De acuerdo con el M\u00f3dulo de Pr\u00e1ctica Deportiva y Ejercicio F\u00edsico (MOPRADEF) 2025 del INEGI, 37.6 % de las personas de 60 a\u00f1os y m\u00e1s en M\u00e9xico realiz\u00f3 actividad f\u00edsica en su tiempo libre en 2025, lo que refleja un inter\u00e9s creciente por mantener la salud y el movimiento en la adultez mayor.<\/p>\n\n\n\n<p>En ese contexto, cada vez m\u00e1s mujeres reivindican su autonom\u00eda a trav\u00e9s del movimiento. Caminar, nadar, practicar yoga o entrenar fuerza no es solo una decisi\u00f3n de salud f\u00edsica: es una afirmaci\u00f3n de independencia y continuidad.<\/p>\n\n\n\n<p>Por ello, desde el sector del bienestar y el deporte, se ha comenzado a incorporar una mirada m\u00e1s incluyente sobre la edad, promoviendo entornos donde la actividad f\u00edsica no est\u00e9 limitada por estereotipos generacionales, sino acompa\u00f1ada por profesionales y adaptada a distintas capacidades.<\/p>\n\n\n\n<figure class=\"wp-block-gallery has-nested-images columns-default is-cropped wp-block-gallery-3 is-layout-flex wp-block-gallery-is-layout-flex\">\n<figure class=\"wp-block-image size-large\"><img decoding=\"async\" width=\"500\" height=\"333\" data-id=\"1121511\" src=\"https:\/\/dimensionturistica.com\/es\/wp-content\/uploads\/2026\/03\/9SPORT.jpg\" alt=\"\" class=\"wp-image-1121511\" srcset=\"https:\/\/dimensionturistica.com\/es\/wp-content\/uploads\/2026\/03\/9SPORT.jpg 500w, https:\/\/dimensionturistica.com\/es\/wp-content\/uploads\/2026\/03\/9SPORT-300x200.jpg 300w\" sizes=\"(max-width: 500px) 100vw, 500px\" \/><\/figure>\n<\/figure>\n\n\n\n<p>De acuerdo con datos de Sport City, durante 2025 la cadena contabiliz\u00f3 la participaci\u00f3n de 5,000 mujeres mayores de 60 a\u00f1os en promedio mensual en sus instalaciones, lo que representa un crecimiento de 16% frente a 2024. Respecto a la demanda de servicios, las socias del club prefirieron clases como Dance Mix Divertido, Aquafit Renovado, Yoga Renovado, Pilates Renovado y Flex Renovado. Asimismo, 70% de estas socias hicieron uso de alberca.<\/p>\n\n\n\n<p>Aunado a ello, diversos especialistas en salud coinciden en que la actividad f\u00edsica regular en la adultez mayor contribuye a mantener masa muscular, fortalecer huesos y reducir el riesgo de enfermedades cr\u00f3nicas. Pero tambi\u00e9n cumple una funci\u00f3n menos visible y profundamente relevante: combate el aislamiento social y fortalece la autoestima.<\/p>\n\n\n\n<p>En el marco del D\u00eda Internacional de la Mujer, abrir la conversaci\u00f3n sobre mujeres y envejecimiento implica reconocer que la igualdad tambi\u00e9n atraviesa el derecho a habitar el cuerpo con dignidad en todas las etapas de la vida y de ah\u00ed la importancia de que el movimiento en mujeres mayores de 60 represente un cambio cultural, pues pasa de la idea de \u201cenvejecer resign\u00e1ndose\u201d a la de \u201cenvejecer activamente\u201d con autonom\u00eda y presencia.<\/p>\n\n\n\n<figure class=\"wp-block-gallery has-nested-images columns-default is-cropped wp-block-gallery-4 is-layout-flex wp-block-gallery-is-layout-flex\">\n<figure class=\"wp-block-image size-large\"><img decoding=\"async\" width=\"500\" height=\"235\" data-id=\"1121512\" src=\"https:\/\/dimensionturistica.com\/es\/wp-content\/uploads\/2026\/03\/11SPORT.jpg\" alt=\"\" class=\"wp-image-1121512\" srcset=\"https:\/\/dimensionturistica.com\/es\/wp-content\/uploads\/2026\/03\/11SPORT.jpg 500w, https:\/\/dimensionturistica.com\/es\/wp-content\/uploads\/2026\/03\/11SPORT-300x141.jpg 300w\" sizes=\"(max-width: 500px) 100vw, 500px\" \/><\/figure>\n<\/figure>\n\n\n\n<p>Porque el derecho a cuidarse, fortalecerse y ocupar espacio no termina con la juventud; se transforma, se reafirma y se ejerce de nuevas maneras.<\/p>\n","protected":false},"excerpt":{"rendered":"<p>Cada 8 de marzo, el D\u00eda Internacional de la Mujer convoca a reflexionar sobre derechos, brechas y deudas hist\u00f3ricas. Sin embargo, pocas veces la conversaci\u00f3n se detiene en un grupo que crece de manera sostenida en M\u00e9xico: las mujeres mayores de 60 a\u00f1os. El envejecimiento de la poblaci\u00f3n es una realidad demogr\u00e1fica. En este escenario, [&hellip;]<\/p>\n","protected":false},"author":1,"featured_media":1121513,"comment_status":"open","ping_status":"closed","sticky":false,"template":"","format":"standard","meta":{"om_disable_all_campaigns":false,"jnews-multi-image_gallery":[],"jnews_single_post":[],"jnews_primary_category":[],"jnews_social_meta":[],"footnotes":""},"categories":[144872],"tags":[],"class_list":["post-1121508","post","type-post","status-publish","format-standard","has-post-thumbnail","hentry","category-fashion"],"_links":{"self":[{"href":"https:\/\/dimensionturistica.com\/es\/wp-json\/wp\/v2\/posts\/1121508","targetHints":{"allow":["GET"]}}],"collection":[{"href":"https:\/\/dimensionturistica.com\/es\/wp-json\/wp\/v2\/posts"}],"about":[{"href":"https:\/\/dimensionturistica.com\/es\/wp-json\/wp\/v2\/types\/post"}],"author":[{"embeddable":true,"href":"https:\/\/dimensionturistica.com\/es\/wp-json\/wp\/v2\/users\/1"}],"replies":[{"embeddable":true,"href":"https:\/\/dimensionturistica.com\/es\/wp-json\/wp\/v2\/comments?post=1121508"}],"version-history":[{"count":1,"href":"https:\/\/dimensionturistica.com\/es\/wp-json\/wp\/v2\/posts\/1121508\/revisions"}],"predecessor-version":[{"id":1121515,"href":"https:\/\/dimensionturistica.com\/es\/wp-json\/wp\/v2\/posts\/1121508\/revisions\/1121515"}],"wp:featuredmedia":[{"embeddable":true,"href":"https:\/\/dimensionturistica.com\/es\/wp-json\/wp\/v2\/media\/1121513"}],"wp:attachment":[{"href":"https:\/\/dimensionturistica.com\/es\/wp-json\/wp\/v2\/media?parent=1121508"}],"wp:term":[{"taxonomy":"category","embeddable":true,"href":"https:\/\/dimensionturistica.com\/es\/wp-json\/wp\/v2\/categories?post=1121508"},{"taxonomy":"post_tag","embeddable":true,"href":"https:\/\/dimensionturistica.com\/es\/wp-json\/wp\/v2\/tags?post=1121508"}],"curies":[{"name":"wp","href":"https:\/\/api.w.org\/{rel}","templated":true}]}}