{"id":1121495,"date":"2026-03-07T17:10:33","date_gmt":"2026-03-07T17:10:33","guid":{"rendered":"https:\/\/dimensionturistica.com\/es\/?p=1121495"},"modified":"2026-03-07T17:10:33","modified_gmt":"2026-03-07T17:10:33","slug":"florece-en-hotel-mondrian-mexico-city-condesa-esta-primaverasunset-sessions-y-temporada-cultural-en-la-cdmx","status":"publish","type":"post","link":"https:\/\/dimensionturistica.com\/es\/florece-en-hotel-mondrian-mexico-city-condesa-esta-primaverasunset-sessions-y-temporada-cultural-en-la-cdmx\/","title":{"rendered":"Florece en Hotel Mondrian Mexico City Condesa esta primavera:Sunset Sessions y Temporada Cultural en la CDMX"},"content":{"rendered":"\n<p>Esta primavera, Mondrian Mexico City Condesa invita a locales y visitantes a vivir de cerca la temporada social de la ciudad. Desde festivales de m\u00fasica ic\u00f3nicos y sets de DJs internacionales, hasta celebraciones exclusivas en su rooftop, Mondrian posiciona a sus hu\u00e9spedes en el coraz\u00f3n de la acci\u00f3n, ofreciendo al mismo tiempo un refugio con estilo en el vibrante barrio de la Condesa.<\/p>\n\n\n\n<figure class=\"wp-block-gallery has-nested-images columns-default is-cropped wp-block-gallery-1 is-layout-flex wp-block-gallery-is-layout-flex\">\n<figure class=\"wp-block-image size-large\"><img decoding=\"async\" width=\"500\" height=\"333\" data-id=\"1121496\" src=\"https:\/\/dimensionturistica.com\/es\/wp-content\/uploads\/2026\/03\/2HOTEL.jpg\" alt=\"\" class=\"wp-image-1121496\" srcset=\"https:\/\/dimensionturistica.com\/es\/wp-content\/uploads\/2026\/03\/2HOTEL.jpg 500w, https:\/\/dimensionturistica.com\/es\/wp-content\/uploads\/2026\/03\/2HOTEL-300x200.jpg 300w\" sizes=\"(max-width: 500px) 100vw, 500px\" \/><\/figure>\n<\/figure>\n\n\n\n<p>Aqu\u00ed te presentamos lo que viene en Mondrian Condesa:<\/p>\n\n\n\n<p>Penthouse Sunset Sessions (21 de marzo, 2026): Para arrancar la temporada con todo el estilo, Mondrian Mexico City Condesa organizar\u00e1 una DJ Silent Party con vistas panor\u00e1micas al atardecer de la ciudad. Los asistentes podr\u00e1n disfrutar de cocteles de Tequila Enemigo y bocadillos gourmet preparados por el equipo culinario ejecutivo. El boleto tiene un costo de $1,000 pesos e incluye dos cocteles de la casa, bites y acceso a la silent party. Con una capacidad limitada a 45 personas, el evento promete una atm\u00f3sfera \u00edntima pero de gran energ\u00eda, dise\u00f1ada para conectar a trav\u00e9s del movimiento y la m\u00fasica.<\/p>\n\n\n\n<figure class=\"wp-block-gallery has-nested-images columns-default is-cropped wp-block-gallery-2 is-layout-flex wp-block-gallery-is-layout-flex\">\n<figure class=\"wp-block-image size-large\"><img decoding=\"async\" width=\"500\" height=\"333\" data-id=\"1121497\" src=\"https:\/\/dimensionturistica.com\/es\/wp-content\/uploads\/2026\/03\/3HOTEL.jpg\" alt=\"\" class=\"wp-image-1121497\" srcset=\"https:\/\/dimensionturistica.com\/es\/wp-content\/uploads\/2026\/03\/3HOTEL.jpg 500w, https:\/\/dimensionturistica.com\/es\/wp-content\/uploads\/2026\/03\/3HOTEL-300x200.jpg 300w\" sizes=\"(max-width: 500px) 100vw, 500px\" \/><\/figure>\n<\/figure>\n\n\n\n<p>Momentos Culturales: La agenda de primavera en la CDMX est\u00e1 llena de eventos imperdibles. Destaca el festival Vive Latino, que celebra el rock en espa\u00f1ol como uno de los encuentros musicales m\u00e1s ic\u00f3nicos de Latinoam\u00e9rica. Adem\u00e1s, la fiebre del Mundial de la FIFA llega a la ciudad el 28 de marzo con el partido entre M\u00e9xico y Portugal en el Estadio Banorte. En abril, el reconocido DJ Black Coffee ofrecer\u00e1 una presentaci\u00f3n \u00fanica en la majestuosa zona de Teotihuac\u00e1n, fusionando historia y beats electr\u00f3nicos. Exposiciones de arte, aperturas de galer\u00edas, pop-ups y ferias callejeras terminan por consolidar a la ciudad como una capital cultural.<\/p>\n\n\n\n<figure class=\"wp-block-gallery has-nested-images columns-default is-cropped wp-block-gallery-3 is-layout-flex wp-block-gallery-is-layout-flex\">\n<figure class=\"wp-block-image size-large\"><img decoding=\"async\" width=\"500\" height=\"752\" data-id=\"1121498\" src=\"https:\/\/dimensionturistica.com\/es\/wp-content\/uploads\/2026\/03\/5HOTEL.jpg\" alt=\"\" class=\"wp-image-1121498\" srcset=\"https:\/\/dimensionturistica.com\/es\/wp-content\/uploads\/2026\/03\/5HOTEL.jpg 500w, https:\/\/dimensionturistica.com\/es\/wp-content\/uploads\/2026\/03\/5HOTEL-199x300.jpg 199w\" sizes=\"(max-width: 500px) 100vw, 500px\" \/><\/figure>\n<\/figure>\n\n\n\n<p>Para quienes buscan estar en el centro de todo, Mondrian Mexico City Condesa ofrece una promoci\u00f3n exclusiva de primavera: los hu\u00e9spedes que reserven directamente a trav\u00e9s del sitio web del hotel disfrutar\u00e1n de un 20% de descuento en su estancia, un upgrade de habitaci\u00f3n de cortes\u00eda (sujeto a disponibilidad) y desayuno para dos personas.<\/p>\n\n\n\n<p>Desde atardeceres en el penthouse hasta eventos culturales de clase mundial, Mondrian es el punto de encuentro definitivo esta temporada. Ya sean entusiastas del arte buscando estar cerca de galer\u00edas, amantes de la m\u00fasica que quieren bailar toda la noche, o fans de los deportes apoyando a su equipo, el hotel ofrece una ubicaci\u00f3n privilegiada con el refugio m\u00e1s sofisticado de la zona.<\/p>\n\n\n\n<figure class=\"wp-block-gallery has-nested-images columns-default is-cropped wp-block-gallery-4 is-layout-flex wp-block-gallery-is-layout-flex\"><\/figure>\n\n\n\n<figure class=\"wp-block-gallery has-nested-images columns-default is-cropped wp-block-gallery-5 is-layout-flex wp-block-gallery-is-layout-flex\">\n<figure class=\"wp-block-image size-large\"><img decoding=\"async\" width=\"500\" height=\"666\" data-id=\"1121499\" src=\"https:\/\/dimensionturistica.com\/es\/wp-content\/uploads\/2026\/03\/7HOTEL.jpg\" alt=\"\" class=\"wp-image-1121499\" srcset=\"https:\/\/dimensionturistica.com\/es\/wp-content\/uploads\/2026\/03\/7HOTEL.jpg 500w, https:\/\/dimensionturistica.com\/es\/wp-content\/uploads\/2026\/03\/7HOTEL-225x300.jpg 225w\" sizes=\"(max-width: 500px) 100vw, 500px\" \/><\/figure>\n<\/figure>\n","protected":false},"excerpt":{"rendered":"<p>Esta primavera, Mondrian Mexico City Condesa invita a locales y visitantes a vivir de cerca la temporada social de la ciudad. Desde festivales de m\u00fasica ic\u00f3nicos y sets de DJs internacionales, hasta celebraciones exclusivas en su rooftop, Mondrian posiciona a sus hu\u00e9spedes en el coraz\u00f3n de la acci\u00f3n, ofreciendo al mismo tiempo un refugio con [&hellip;]<\/p>\n","protected":false},"author":1,"featured_media":1121500,"comment_status":"open","ping_status":"closed","sticky":false,"template":"","format":"standard","meta":{"om_disable_all_campaigns":false,"jnews-multi-image_gallery":[],"jnews_single_post":{"format":"standard"},"jnews_primary_category":[],"jnews_social_meta":[],"footnotes":""},"categories":[43],"tags":[],"class_list":["post-1121495","post","type-post","status-publish","format-standard","has-post-thumbnail","hentry","category-gourmet"],"_links":{"self":[{"href":"https:\/\/dimensionturistica.com\/es\/wp-json\/wp\/v2\/posts\/1121495","targetHints":{"allow":["GET"]}}],"collection":[{"href":"https:\/\/dimensionturistica.com\/es\/wp-json\/wp\/v2\/posts"}],"about":[{"href":"https:\/\/dimensionturistica.com\/es\/wp-json\/wp\/v2\/types\/post"}],"author":[{"embeddable":true,"href":"https:\/\/dimensionturistica.com\/es\/wp-json\/wp\/v2\/users\/1"}],"replies":[{"embeddable":true,"href":"https:\/\/dimensionturistica.com\/es\/wp-json\/wp\/v2\/comments?post=1121495"}],"version-history":[{"count":1,"href":"https:\/\/dimensionturistica.com\/es\/wp-json\/wp\/v2\/posts\/1121495\/revisions"}],"predecessor-version":[{"id":1121501,"href":"https:\/\/dimensionturistica.com\/es\/wp-json\/wp\/v2\/posts\/1121495\/revisions\/1121501"}],"wp:featuredmedia":[{"embeddable":true,"href":"https:\/\/dimensionturistica.com\/es\/wp-json\/wp\/v2\/media\/1121500"}],"wp:attachment":[{"href":"https:\/\/dimensionturistica.com\/es\/wp-json\/wp\/v2\/media?parent=1121495"}],"wp:term":[{"taxonomy":"category","embeddable":true,"href":"https:\/\/dimensionturistica.com\/es\/wp-json\/wp\/v2\/categories?post=1121495"},{"taxonomy":"post_tag","embeddable":true,"href":"https:\/\/dimensionturistica.com\/es\/wp-json\/wp\/v2\/tags?post=1121495"}],"curies":[{"name":"wp","href":"https:\/\/api.w.org\/{rel}","templated":true}]}}