{"id":1121491,"date":"2026-03-07T16:56:02","date_gmt":"2026-03-07T16:56:02","guid":{"rendered":"https:\/\/dimensionturistica.com\/es\/?p=1121491"},"modified":"2026-03-07T16:56:02","modified_gmt":"2026-03-07T16:56:02","slug":"el-gobierno-del-estado-de-baja-california-instala-la-delegacion-de-turismo-en-valle-de-guadalupe","status":"publish","type":"post","link":"https:\/\/dimensionturistica.com\/es\/el-gobierno-del-estado-de-baja-california-instala-la-delegacion-de-turismo-en-valle-de-guadalupe\/","title":{"rendered":"El Gobierno del Estado de Baja California, instala la Delegaci\u00f3n de Turismo en Valle de Guadalupe"},"content":{"rendered":"\n<p>Con el objetivo de seguir impulsando la vocaci\u00f3n vin\u00edcola y tur\u00edstica de la regi\u00f3n, la gobernadora de Baja California, Marina del Pilar \u00c1vila Olmeda, instruy\u00f3 al secretario de Turismo, Miguel \u00c1ngel Badiola Monta\u00f1o, la creaci\u00f3n de una Delegaci\u00f3n de la Secretar\u00eda de Turismo en el Valle de Guadalupe.<\/p>\n\n\n\n<p>En seguimiento a esta instrucci\u00f3n, se design\u00f3 a Jacqueline Denise Izabal Bitterlin como delegada de Turismo en el Valle de Guadalupe. Con experiencia en el sector tur\u00edstico de la regi\u00f3n y conocimiento del entorno vitivin\u00edcola, tendr\u00e1 la responsabilidad de fortalecer la vinculaci\u00f3n con el sector productivo, atender de manera directa a prestadores de servicios tur\u00edsticos y dar seguimiento a proyectos que impulsen el desarrollo ordenado y competitivo de la zona.<\/p>\n\n\n\n<p>El secretario Badiola precis\u00f3 que la nueva delegaci\u00f3n operar\u00e1 desde la oficina de atenci\u00f3n localizada a un costado del Museo de la Vid y el Vino, permitiendo una mayor cercan\u00eda institucional con vin\u00edcolas, restaurantes, hoteles y operadores tur\u00edsticos, as\u00ed como una coordinaci\u00f3n m\u00e1s eficiente para consolidar estrategias de promoci\u00f3n, capacitaci\u00f3n y profesionalizaci\u00f3n.<\/p>\n\n\n\n<figure class=\"wp-block-gallery has-nested-images columns-default is-cropped wp-block-gallery-1 is-layout-flex wp-block-gallery-is-layout-flex\">\n<figure class=\"wp-block-image size-large\"><img decoding=\"async\" width=\"500\" height=\"280\" data-id=\"1121492\" src=\"https:\/\/dimensionturistica.com\/es\/wp-content\/uploads\/2026\/03\/1baja.jpg\" alt=\"\" class=\"wp-image-1121492\" srcset=\"https:\/\/dimensionturistica.com\/es\/wp-content\/uploads\/2026\/03\/1baja.jpg 500w, https:\/\/dimensionturistica.com\/es\/wp-content\/uploads\/2026\/03\/1baja-300x168.jpg 300w\" sizes=\"(max-width: 500px) 100vw, 500px\" \/><\/figure>\n<\/figure>\n\n\n\n<p>Esta acci\u00f3n responde a la relevancia estrat\u00e9gica del Valle de Guadalupe como principal regi\u00f3n vitivin\u00edcola del pa\u00eds y uno de los destinos tur\u00edsticos m\u00e1s representativos de Baja California, reconocido por su oferta enol\u00f3gica, gastron\u00f3mica y de experiencias asociadas al turismo de romance y de naturaleza.<\/p>\n\n\n\n<p>Asimismo, destac\u00f3 que esta representaci\u00f3n facilitar\u00e1 la implementaci\u00f3n de programas estatales orientados a elevar la calidad en el servicio, fortalecer la promoci\u00f3n nacional e internacional, impulsando al Valle de Guadalupe como referente del enoturismo en M\u00e9xico.<\/p>\n\n\n\n<p>A trav\u00e9s de esta iniciativa, se da continuidad al trabajo conjunto entre el Gobierno del Estado y el sector tur\u00edstico para fortalecer la competitividad del destino y consolidar un desarrollo ordenado, equilibrado y sostenible en la regi\u00f3n.<\/p>\n","protected":false},"excerpt":{"rendered":"<p>Con el objetivo de seguir impulsando la vocaci\u00f3n vin\u00edcola y tur\u00edstica de la regi\u00f3n, la gobernadora de Baja California, Marina del Pilar \u00c1vila Olmeda, instruy\u00f3 al secretario de Turismo, Miguel \u00c1ngel Badiola Monta\u00f1o, la creaci\u00f3n de una Delegaci\u00f3n de la Secretar\u00eda de Turismo en el Valle de Guadalupe. En seguimiento a esta instrucci\u00f3n, se design\u00f3 [&hellip;]<\/p>\n","protected":false},"author":1,"featured_media":1121493,"comment_status":"open","ping_status":"closed","sticky":false,"template":"","format":"standard","meta":{"om_disable_all_campaigns":false,"jnews-multi-image_gallery":[],"jnews_single_post":[],"jnews_primary_category":[],"jnews_social_meta":[],"footnotes":""},"categories":[39],"tags":[],"class_list":["post-1121491","post","type-post","status-publish","format-standard","has-post-thumbnail","hentry","category-viajes"],"_links":{"self":[{"href":"https:\/\/dimensionturistica.com\/es\/wp-json\/wp\/v2\/posts\/1121491","targetHints":{"allow":["GET"]}}],"collection":[{"href":"https:\/\/dimensionturistica.com\/es\/wp-json\/wp\/v2\/posts"}],"about":[{"href":"https:\/\/dimensionturistica.com\/es\/wp-json\/wp\/v2\/types\/post"}],"author":[{"embeddable":true,"href":"https:\/\/dimensionturistica.com\/es\/wp-json\/wp\/v2\/users\/1"}],"replies":[{"embeddable":true,"href":"https:\/\/dimensionturistica.com\/es\/wp-json\/wp\/v2\/comments?post=1121491"}],"version-history":[{"count":1,"href":"https:\/\/dimensionturistica.com\/es\/wp-json\/wp\/v2\/posts\/1121491\/revisions"}],"predecessor-version":[{"id":1121494,"href":"https:\/\/dimensionturistica.com\/es\/wp-json\/wp\/v2\/posts\/1121491\/revisions\/1121494"}],"wp:featuredmedia":[{"embeddable":true,"href":"https:\/\/dimensionturistica.com\/es\/wp-json\/wp\/v2\/media\/1121493"}],"wp:attachment":[{"href":"https:\/\/dimensionturistica.com\/es\/wp-json\/wp\/v2\/media?parent=1121491"}],"wp:term":[{"taxonomy":"category","embeddable":true,"href":"https:\/\/dimensionturistica.com\/es\/wp-json\/wp\/v2\/categories?post=1121491"},{"taxonomy":"post_tag","embeddable":true,"href":"https:\/\/dimensionturistica.com\/es\/wp-json\/wp\/v2\/tags?post=1121491"}],"curies":[{"name":"wp","href":"https:\/\/api.w.org\/{rel}","templated":true}]}}