{"id":1121476,"date":"2026-03-07T16:37:09","date_gmt":"2026-03-07T16:37:09","guid":{"rendered":"https:\/\/dimensionturistica.com\/es\/?p=1121476"},"modified":"2026-03-07T16:37:09","modified_gmt":"2026-03-07T16:37:09","slug":"almacen-presenta-aventura-el-comercial-con-el-que-honda-anuncia-la-llegada-de-su-nueva-wr-v","status":"publish","type":"post","link":"https:\/\/dimensionturistica.com\/es\/almacen-presenta-aventura-el-comercial-con-el-que-honda-anuncia-la-llegada-de-su-nueva-wr-v\/","title":{"rendered":"Almac\u00e9n presenta \u201cAventura\u201d, el comercial con el que Honda anuncia la llegada de su nueva WR-V"},"content":{"rendered":"\n<p>Con una campa\u00f1a 360\u00b0, Almac\u00e9n propone repensar el concepto \u201caventura\u201d para presentar en el mercado local la nueva WR-V, una SUV que combina tecnolog\u00eda, seguridad y confort, ideal para las familias que necesitan un veh\u00edculo confiable y accesible.<\/p>\n\n\n\n<p>\u201cLa campa\u00f1a redefine el concepto de \u201caventura\u201d y lo lleva al terreno m\u00e1s verdadero de todos: la vida cotidiana. Intentamos que WR-V sea una declaraci\u00f3n que conecta con la aspiraci\u00f3n original \u2014la idea de explorar\u2014 pero la trae a tierra con una mirada emp\u00e1tica, moderna y honesta. Porque no hace falta irse lejos para vivir algo desafiante. La aventura puede estar a la vuelta de casa\u201d, sostuvo Walter Onorato, Partner y CCO almac\u00e9n.<\/p>\n\n\n\n<p>La SUV WR-V viene a sumarse a uno de los segmentos m\u00e1s importantes del mercado local, donde la marca japonesa tiene dos productos con diferente posicionamiento: WR-V y HR-V. Actualmente, las SUVs representan el 33% de las ventas de autos en el pa\u00eds. De ese porcentaje, el 56% corresponde a los modelos del segmento B.<\/p>\n\n\n\n<figure class=\"wp-block-gallery has-nested-images columns-default is-cropped wp-block-gallery-1 is-layout-flex wp-block-gallery-is-layout-flex\">\n<figure class=\"wp-block-image size-large\"><img decoding=\"async\" width=\"500\" height=\"209\" data-id=\"1121477\" src=\"https:\/\/dimensionturistica.com\/es\/wp-content\/uploads\/2026\/03\/1HONDA.jpg\" alt=\"\" class=\"wp-image-1121477\" srcset=\"https:\/\/dimensionturistica.com\/es\/wp-content\/uploads\/2026\/03\/1HONDA.jpg 500w, https:\/\/dimensionturistica.com\/es\/wp-content\/uploads\/2026\/03\/1HONDA-300x125.jpg 300w\" sizes=\"(max-width: 500px) 100vw, 500px\" \/><\/figure>\n<\/figure>\n\n\n\n<p>\u201cCuando pensamos en una SUV, pensamos en aventura. En caminos de tierra, en monta\u00f1as, en viajes \u00e9picos. Pero la realidad es que el 99% de las personas no la compra para eso. La compra porque aspira a esa vida, aunque despu\u00e9s la use para algo mucho m\u00e1s cotidiano: llevar a los chicos al colegio, ir al supermercado o atravesar la ciudad en hora pico. Y est\u00e1 bien, porque la vida real tambi\u00e9n es una aventura\u201d, coment\u00f3 Mar\u00eda Fernanda Ledesma Padilla, Gerente de Marketing Honda Motor de Argentina.<\/p>\n\n\n\n<p>\u201cA los 35, la vida cambia. Empieza una etapa donde las prioridades se ampl\u00edan, no se reemplazan. Donde seguimos siendo los mismos, pero con m\u00e1s responsabilidades. Una etapa donde la aventura se redefine. La propuesta desde Honda es facilitar un veh\u00edculo equipado para acompa\u00f1ar todos los roles con los que hoy convivimos al mismo tiempo: el aventurero, el padre, el profesional, el amigo\u201d, agreg\u00f3 Victoria Mari, Sub-Gerente de Marketing Honda Motor de Argentina.<\/p>\n\n\n\n<p>El comercial fue realizado \u00edntegramente con inteligencia artificial y estuvo a cargo de Barraca Post bajo la direcci\u00f3n de Javier Devitt y Mariano Antico.<\/p>\n\n\n\n<p>\u201cUn proyecto s\u00faper ambicioso. El gran desaf\u00edo era que todo se vea absolutamente real, sentido, no perder la esencia del f\u00edlmico. Poder combinar inteligencia artificial con la realizaci\u00f3n del veh\u00edculo en 3D, logramos un resultado impecable, donde el producto no solo se ve real, sino que se convierte en el verdadero protagonista\u201d, concluy\u00f3 Mariano Antico, director de Barraca Post.<\/p>\n","protected":false},"excerpt":{"rendered":"<p>Con una campa\u00f1a 360\u00b0, Almac\u00e9n propone repensar el concepto \u201caventura\u201d para presentar en el mercado local la nueva WR-V, una SUV que combina tecnolog\u00eda, seguridad y confort, ideal para las familias que necesitan un veh\u00edculo confiable y accesible. \u201cLa campa\u00f1a redefine el concepto de \u201caventura\u201d y lo lleva al terreno m\u00e1s verdadero de todos: la [&hellip;]<\/p>\n","protected":false},"author":1,"featured_media":1121478,"comment_status":"open","ping_status":"closed","sticky":false,"template":"","format":"standard","meta":{"om_disable_all_campaigns":false,"jnews-multi-image_gallery":[],"jnews_single_post":[],"jnews_primary_category":[],"jnews_social_meta":[],"footnotes":""},"categories":[40],"tags":[],"class_list":["post-1121476","post","type-post","status-publish","format-standard","has-post-thumbnail","hentry","category-industria"],"_links":{"self":[{"href":"https:\/\/dimensionturistica.com\/es\/wp-json\/wp\/v2\/posts\/1121476","targetHints":{"allow":["GET"]}}],"collection":[{"href":"https:\/\/dimensionturistica.com\/es\/wp-json\/wp\/v2\/posts"}],"about":[{"href":"https:\/\/dimensionturistica.com\/es\/wp-json\/wp\/v2\/types\/post"}],"author":[{"embeddable":true,"href":"https:\/\/dimensionturistica.com\/es\/wp-json\/wp\/v2\/users\/1"}],"replies":[{"embeddable":true,"href":"https:\/\/dimensionturistica.com\/es\/wp-json\/wp\/v2\/comments?post=1121476"}],"version-history":[{"count":1,"href":"https:\/\/dimensionturistica.com\/es\/wp-json\/wp\/v2\/posts\/1121476\/revisions"}],"predecessor-version":[{"id":1121479,"href":"https:\/\/dimensionturistica.com\/es\/wp-json\/wp\/v2\/posts\/1121476\/revisions\/1121479"}],"wp:featuredmedia":[{"embeddable":true,"href":"https:\/\/dimensionturistica.com\/es\/wp-json\/wp\/v2\/media\/1121478"}],"wp:attachment":[{"href":"https:\/\/dimensionturistica.com\/es\/wp-json\/wp\/v2\/media?parent=1121476"}],"wp:term":[{"taxonomy":"category","embeddable":true,"href":"https:\/\/dimensionturistica.com\/es\/wp-json\/wp\/v2\/categories?post=1121476"},{"taxonomy":"post_tag","embeddable":true,"href":"https:\/\/dimensionturistica.com\/es\/wp-json\/wp\/v2\/tags?post=1121476"}],"curies":[{"name":"wp","href":"https:\/\/api.w.org\/{rel}","templated":true}]}}