{"id":1121466,"date":"2026-03-07T16:24:30","date_gmt":"2026-03-07T16:24:30","guid":{"rendered":"https:\/\/dimensionturistica.com\/es\/?p=1121466"},"modified":"2026-03-07T16:24:30","modified_gmt":"2026-03-07T16:24:30","slug":"testimonios-anonimos-revelan-barreras-de-acceso-a-la-ile-en-estados-despenalizados-sin-plena-armonizacion-de-sus-codigos-locales","status":"publish","type":"post","link":"https:\/\/dimensionturistica.com\/es\/testimonios-anonimos-revelan-barreras-de-acceso-a-la-ile-en-estados-despenalizados-sin-plena-armonizacion-de-sus-codigos-locales\/","title":{"rendered":"Testimonios an\u00f3nimos revelan barreras de acceso a la ILE en estados despenalizados sin plena armonizaci\u00f3n de sus c\u00f3digos locales"},"content":{"rendered":"\n<p>Aunque la Suprema Corte de Justicia de la Naci\u00f3n (SCJN) 1 declar\u00f3 inconstitucional criminalizar el aborto a nivel federal, en algunos estados, pese a que ya se ha despenalizado el aborto, a\u00fan no se han armonizado plenamente los c\u00f3digos penales y marcos normativos locales, persisten barreras que dificultan el acceso efectivo a la Interrupci\u00f3n Legal del Embarazo (ILE).<\/p>\n\n\n\n<p>Testimonios an\u00f3nimos recabados en tres entidades revelan pr\u00e1cticas institucionales que contradicen los criterios establecidos a nivel federal y generan incertidumbre, retrasos y riesgos para la salud de quienes solicitan el servicio.<\/p>\n\n\n\n<p>\u201cCuando acud\u00ed al hospital para realizarme una ILE me dijeron que necesitaba autorizaci\u00f3n judicial, aunque la ley no lo exige. Sal\u00ed confundida y con miedo. Perd\u00ed casi tres semanas buscando orientaci\u00f3n\u201d, relata Mariana N, joven de 19 a\u00f1os.<\/p>\n\n\n\n<p>\u201cSent\u00ed que el sistema estaba dise\u00f1ado para que desistiera\u201d.<\/p>\n\n\n\n<figure class=\"wp-block-gallery has-nested-images columns-default is-cropped wp-block-gallery-1 is-layout-flex wp-block-gallery-is-layout-flex\">\n<figure class=\"wp-block-image size-large\"><img decoding=\"async\" width=\"500\" height=\"333\" data-id=\"1121469\" src=\"https:\/\/dimensionturistica.com\/es\/wp-content\/uploads\/2026\/03\/1FEM.jpg\" alt=\"\" class=\"wp-image-1121469\" srcset=\"https:\/\/dimensionturistica.com\/es\/wp-content\/uploads\/2026\/03\/1FEM.jpg 500w, https:\/\/dimensionturistica.com\/es\/wp-content\/uploads\/2026\/03\/1FEM-300x200.jpg 300w\" sizes=\"(max-width: 500px) 100vw, 500px\" \/><\/figure>\n<\/figure>\n\n\n\n<p>Mujeres, adolescentes y ni\u00f1as enfrentan desinformaci\u00f3n institucional, solicitudes de requisitos no contemplados en la ley y objeci\u00f3n de conciencia sin garantizar personal m\u00e9dico disponible, lo que provoca retrasos que pueden poner en riesgo su salud.<\/p>\n\n\n\n<p>Sandy N. de 24 a\u00f1os, cuenta: \u201cTen\u00eda casi dos meses de embarazo y todo parec\u00eda normal, hasta que empec\u00e9 con un sangrado muy abundante y un dolor intenso. Mi pareja llam\u00f3 a una ambulancia y me llevaron al hospital m\u00e1s cercano, pero se negaron a atenderme porque dijeron que era un aborto y ah\u00ed no estaba permitido.<\/p>\n\n\n\n<p>Tuvimos que pedir otra ambulancia; yo ya me sent\u00eda muy mal. Cuando llegamos a otra cl\u00ednica, me hab\u00eda desmayado. Sent\u00ed que me mor\u00eda. No es justo que te nieguen atenci\u00f3n en una emergencia\u201d.<\/p>\n\n\n\n<p>1 https:\/\/www.debate.com.mx\/politica\/La-SCJN-declaro-inconstitucional-la-penalizacion-del-aborto-en-Mexico-Que-implica-y-que-sigue-20230907-0102.html<\/p>\n\n\n\n<p>De acuerdo con la C\u00e1mara de Diputados, la Ley General de Salud 2 reconoce servicios de salud reproductiva y establece obligaciones institucionales en la materia. \u201cSin embargo, la falta de actualizaci\u00f3n normativa local genera incertidumbre tanto en usuarias como en personal de salud\u201d, se\u00f1ala Paula Rita Rivera N\u00fa\u00f1ez, gerente operativo de Telefem.<\/p>\n\n\n\n<p>A\u00f1ade que: \u201csin armonizaci\u00f3n legislativa clara y capacitaci\u00f3n uniforme, persisten interpretaciones restrictivas que afectan el acceso oportuno\u201d.<\/p>\n\n\n\n<figure class=\"wp-block-gallery has-nested-images columns-default is-cropped wp-block-gallery-2 is-layout-flex wp-block-gallery-is-layout-flex\">\n<figure class=\"wp-block-image size-large\"><img decoding=\"async\" width=\"500\" height=\"333\" data-id=\"1121470\" src=\"https:\/\/dimensionturistica.com\/es\/wp-content\/uploads\/2026\/03\/2FEM.jpg\" alt=\"\" class=\"wp-image-1121470\" srcset=\"https:\/\/dimensionturistica.com\/es\/wp-content\/uploads\/2026\/03\/2FEM.jpg 500w, https:\/\/dimensionturistica.com\/es\/wp-content\/uploads\/2026\/03\/2FEM-300x200.jpg 300w\" sizes=\"(max-width: 500px) 100vw, 500px\" \/><\/figure>\n<\/figure>\n\n\n\n<p>Las adolescentes enfrentan obst\u00e1culos adicionales. \u201cMi hija ten\u00eda 15 a\u00f1os y fue v\u00edctima de violencia sexual. Nos pidieron documentos que no correspond\u00edan y nos hicieron repetir su historia varias veces. Fue revictimizada\u201d, comparte Ana N. madre de familia con residencia en Tlaxcala.<\/p>\n\n\n\n<p>La Organizaci\u00f3n Mundial de la Salud ha advertido que las barreras administrativas, legales y territoriales aumentan las inequidades en el acceso a servicios de aborto seguro. 3<\/p>\n\n\n\n<p>En este contexto, organizaciones de acompa\u00f1amiento como Telefem, ofrecen consejer\u00eda, confidencial y basada en evidencia cient\u00edfica y conectan con profesionales de la salud quienes pueden brindar acompa\u00f1amiento a usuarias que requieran una ILE, utilizando el m\u00e9todo m\u00e1s recomendado por la OMS debido a su efectividad del 98%.<\/p>\n\n\n\n<p>\u201cLa SCJN ha reiterado que la criminalizaci\u00f3n absoluta del aborto es inconstitucional. Mientras no exista armonizaci\u00f3n legislativa y capacitaci\u00f3n uniforme en todo el pa\u00eds, el acceso seguir\u00e1 dependiendo del lugar de residencia\u201d, subraya la gerente de Telefem.<\/p>\n\n\n\n<p>Y reconoce que: \u201clas historias an\u00f3nimas reflejan una constante: el derecho reconocido en la ley no siempre se traduce en acceso efectivo\u201d.<\/p>\n\n\n\n<p>Las historias an\u00f3nimas reflejan una constante: Para las mujeres que viven en estados no armonizados, garantizar informaci\u00f3n clara, eliminar requisitos indebidos y fortalecer la capacitaci\u00f3n institucional siguen siendo pendientes urgentes en materia de salud p\u00fablica y derechos humanos.<\/p>\n","protected":false},"excerpt":{"rendered":"<p>Aunque la Suprema Corte de Justicia de la Naci\u00f3n (SCJN) 1 declar\u00f3 inconstitucional criminalizar el aborto a nivel federal, en algunos estados, pese a que ya se ha despenalizado el aborto, a\u00fan no se han armonizado plenamente los c\u00f3digos penales y marcos normativos locales, persisten barreras que dificultan el acceso efectivo a la Interrupci\u00f3n Legal [&hellip;]<\/p>\n","protected":false},"author":1,"featured_media":1121472,"comment_status":"open","ping_status":"closed","sticky":false,"template":"","format":"standard","meta":{"om_disable_all_campaigns":false,"jnews-multi-image_gallery":[],"jnews_single_post":[],"jnews_primary_category":[],"jnews_social_meta":[],"footnotes":""},"categories":[144872],"tags":[],"class_list":["post-1121466","post","type-post","status-publish","format-standard","has-post-thumbnail","hentry","category-fashion"],"_links":{"self":[{"href":"https:\/\/dimensionturistica.com\/es\/wp-json\/wp\/v2\/posts\/1121466","targetHints":{"allow":["GET"]}}],"collection":[{"href":"https:\/\/dimensionturistica.com\/es\/wp-json\/wp\/v2\/posts"}],"about":[{"href":"https:\/\/dimensionturistica.com\/es\/wp-json\/wp\/v2\/types\/post"}],"author":[{"embeddable":true,"href":"https:\/\/dimensionturistica.com\/es\/wp-json\/wp\/v2\/users\/1"}],"replies":[{"embeddable":true,"href":"https:\/\/dimensionturistica.com\/es\/wp-json\/wp\/v2\/comments?post=1121466"}],"version-history":[{"count":1,"href":"https:\/\/dimensionturistica.com\/es\/wp-json\/wp\/v2\/posts\/1121466\/revisions"}],"predecessor-version":[{"id":1121473,"href":"https:\/\/dimensionturistica.com\/es\/wp-json\/wp\/v2\/posts\/1121466\/revisions\/1121473"}],"wp:featuredmedia":[{"embeddable":true,"href":"https:\/\/dimensionturistica.com\/es\/wp-json\/wp\/v2\/media\/1121472"}],"wp:attachment":[{"href":"https:\/\/dimensionturistica.com\/es\/wp-json\/wp\/v2\/media?parent=1121466"}],"wp:term":[{"taxonomy":"category","embeddable":true,"href":"https:\/\/dimensionturistica.com\/es\/wp-json\/wp\/v2\/categories?post=1121466"},{"taxonomy":"post_tag","embeddable":true,"href":"https:\/\/dimensionturistica.com\/es\/wp-json\/wp\/v2\/tags?post=1121466"}],"curies":[{"name":"wp","href":"https:\/\/api.w.org\/{rel}","templated":true}]}}