{"id":1121360,"date":"2026-03-07T10:23:46","date_gmt":"2026-03-07T10:23:46","guid":{"rendered":"https:\/\/dimensionturistica.com\/es\/?p=1121360"},"modified":"2026-03-07T10:23:46","modified_gmt":"2026-03-07T10:23:46","slug":"club-de-lectura-de-belleza-libros-preferidos-por-las-modelos-en-el-backstage-de-paris","status":"publish","type":"post","link":"https:\/\/dimensionturistica.com\/es\/club-de-lectura-de-belleza-libros-preferidos-por-las-modelos-en-el-backstage-de-paris\/","title":{"rendered":"Club de Lectura de Belleza: Libros Preferidos por las Modelos en el Backstage de Par\u00eds"},"content":{"rendered":"<h3>El Lado Literario de la Moda: \u00bfQu\u00e9 leemos entre bastidores?<\/h3>\n<p>La semana de la moda en Par\u00eds no solo es un desfile de tendencias, sino tambi\u00e9n un momento de introspecci\u00f3n y creatividad. Mientras los flashes brillan y las pasarelas cobran vida, un grupo intrigante de modelos se sumerge en el mundo de la literatura. As\u00ed es, el backstage se convierte en un refugio de libros y, a trav\u00e9s de estas p\u00e1ginas, las ic\u00f3nicas figuras del modelaje comparten sus pensamientos y pasiones literarias.<\/p>\n<h4>Redes Sociales y Rese\u00f1as<\/h4>\n<p>En la era digital, donde las redes sociales son el coraz\u00f3n de la moda contempor\u00e1nea, el intercambio de conocimiento va m\u00e1s all\u00e1 de los outfits. Las modelos comparten sus lecturas favoritas, generando un intercambio cultural que va desde novelas cl\u00e1sicas hasta obras contempor\u00e1neas. Los hashtags como #VogueBookClub no solo sirven para promocionar moda, sino tambi\u00e9n para fomentar un di\u00e1logo sobre el poder de la literatura.<\/p>\n<h4>Libros que Inspiran<\/h4>\n<p>Los t\u00edtulos seleccionados por estas modelos ofrecen una mirada reveladora a sus mundos interiores. Desde relatos de amor hasta exploraciones filos\u00f3ficas, cada libro se convierte en una ventana a sus pensamientos y aspiraciones. Este enfoque de la lectura revela c\u00f3mo los j\u00f3venes \u00edconos del estilo utilizan la literatura como una forma de autoconocimiento y crecimiento personal en medio del vertiginoso ritmo de la industria.<\/p>\n<h4>Un Espacio para la Reflexi\u00f3n<\/h4>\n<p>Detr\u00e1s de cada desfile hay una narrativa en la que las modelos se sumergen para encontrar inspiraci\u00f3n y calma. Los momentos de tranquilidad entre ensayos y sesiones de maquillaje son aprovechados para leer, creando un equilibrio entre el glamur del mundo de la moda y la profunda conexi\u00f3n con las historias que resuenan en sus vidas. Este ritual de lectura no solo alimenta su creatividad, sino que tambi\u00e9n les ofrece una pausa del bullicio asociado a su profesi\u00f3n.<\/p>\n<h4>Conexiones Aut\u00e9nticas<\/h4>\n<p>La lectura no solo es una actividad personal, sino que adem\u00e1s promueve conexiones entre las modelos. Compartir recomendaciones de libros se transforma en una forma de forjar lazos, creando comunidades literarias donde la moda y la literatura se entrelazan de manera arm\u00f3nica. Este fen\u00f3meno demuestra que el estilo va m\u00e1s all\u00e1 de la apariencia; tambi\u00e9n encuentra su expresi\u00f3n en el intelecto y las pasiones compartidas.<\/p>\n<h4>La Influencia de la Literatura en la Moda<\/h4>\n<p>Las historias que est\u00e1n en las p\u00e1ginas de estos libros a menudo resuenan en las tendencias que capturan el inter\u00e9s de la industria. La narrativa de un autor puede inspirar una colecci\u00f3n completa; as\u00ed, la literatura y la moda se convierten en dos mundos que se alimentan mutuamente. En este espacio donde el arte de la palabra y la est\u00e9tica visual convergen, cada lectura puede tener un impacto significativo en lo que se lleva en la pasarela.<\/p>\n<h3>Un Nuevo Horizonte<\/h3>\n<p>La pr\u00f3xima vez que te adentres en el emocionante universo de la moda, recuerda que detr\u00e1s del brillo y el glamour hay un fuerte componente literario. Las modelos que llenan las pasarelas no solo son rostros bellos, sino tambi\u00e9n amantes de la lectura que transforman cada p\u00e1gina le\u00edda en una fuente de inspiraci\u00f3n. As\u00ed, el backstage se convierte en un crisol donde la literatura y el estilo se entrelazan, creando un contexto fascinante que redefine los est\u00e1ndares de la moda actual.<\/p>\n<p>En un mundo cambiante, la uni\u00f3n de la moda y la literatura no solo atrae a los entusiastas de ambos campos, sino que tambi\u00e9n invita a reflexionar sobre la complejidad detr\u00e1s de cada figura ic\u00f3nica. La pr\u00f3xima vez que vayas de compras, podr\u00eda ser el momento perfecto para a\u00f1adir un buen libro a tu lista. La moda, al igual que la lectura, nos ofrece infinitas posibilidades y oportunidades para explorar y expresarnos.<\/p>\n<p><em> &#8221; Fuentes www.vogue.com &#8221; <\/em><\/p>\n","protected":false},"excerpt":{"rendered":"<p>El Lado Literario de la Moda: \u00bfQu\u00e9 leemos entre bastidores? La semana de la moda en Par\u00eds no solo es un desfile de tendencias, sino tambi\u00e9n un momento de introspecci\u00f3n y creatividad. Mientras los flashes brillan y las pasarelas cobran vida, un grupo intrigante de modelos se sumerge en el mundo de la literatura. As\u00ed [&hellip;]<\/p>\n","protected":false},"author":14,"featured_media":1121361,"comment_status":"open","ping_status":"closed","sticky":false,"template":"","format":"standard","meta":{"om_disable_all_campaigns":false,"jnews-multi-image_gallery":[],"jnews_single_post":[],"jnews_primary_category":[],"jnews_social_meta":[],"footnotes":""},"categories":[144872],"tags":[189314,72867,239107,166,70560,202829,2289,131352,50356,209],"class_list":["post-1121360","post","type-post","status-publish","format-standard","has-post-thumbnail","hentry","category-fashion","tag-backstage","tag-beauty","tag-book-club","tag-fashion","tag-literature","tag-models","tag-paris","tag-reading","tag-vogue","tag-wellness"],"_links":{"self":[{"href":"https:\/\/dimensionturistica.com\/es\/wp-json\/wp\/v2\/posts\/1121360","targetHints":{"allow":["GET"]}}],"collection":[{"href":"https:\/\/dimensionturistica.com\/es\/wp-json\/wp\/v2\/posts"}],"about":[{"href":"https:\/\/dimensionturistica.com\/es\/wp-json\/wp\/v2\/types\/post"}],"author":[{"embeddable":true,"href":"https:\/\/dimensionturistica.com\/es\/wp-json\/wp\/v2\/users\/14"}],"replies":[{"embeddable":true,"href":"https:\/\/dimensionturistica.com\/es\/wp-json\/wp\/v2\/comments?post=1121360"}],"version-history":[{"count":1,"href":"https:\/\/dimensionturistica.com\/es\/wp-json\/wp\/v2\/posts\/1121360\/revisions"}],"predecessor-version":[{"id":1121362,"href":"https:\/\/dimensionturistica.com\/es\/wp-json\/wp\/v2\/posts\/1121360\/revisions\/1121362"}],"wp:featuredmedia":[{"embeddable":true,"href":"https:\/\/dimensionturistica.com\/es\/wp-json\/wp\/v2\/media\/1121361"}],"wp:attachment":[{"href":"https:\/\/dimensionturistica.com\/es\/wp-json\/wp\/v2\/media?parent=1121360"}],"wp:term":[{"taxonomy":"category","embeddable":true,"href":"https:\/\/dimensionturistica.com\/es\/wp-json\/wp\/v2\/categories?post=1121360"},{"taxonomy":"post_tag","embeddable":true,"href":"https:\/\/dimensionturistica.com\/es\/wp-json\/wp\/v2\/tags?post=1121360"}],"curies":[{"name":"wp","href":"https:\/\/api.w.org\/{rel}","templated":true}]}}