{"id":1121339,"date":"2026-03-07T09:30:36","date_gmt":"2026-03-07T09:30:36","guid":{"rendered":"https:\/\/dimensionturistica.com\/es\/?p=1121339"},"modified":"2026-03-07T09:30:36","modified_gmt":"2026-03-07T09:30:36","slug":"el-estrella-del-primer-fila-de-loewe-un-gigante-delfin-de-peluche","status":"publish","type":"post","link":"https:\/\/dimensionturistica.com\/es\/el-estrella-del-primer-fila-de-loewe-un-gigante-delfin-de-peluche\/","title":{"rendered":"El Estrella del Primer Fila de Loewe: un Gigante Delf\u00edn de Peluche"},"content":{"rendered":"<p><strong>Belleza Escultural: El Ocaso de Loewe y su Inigualable Propuesta Oto\u00f1o-Invierno 2026<\/strong><\/p>\n<p>La pasarela de Loewe ha sido, una vez m\u00e1s, el epicentro de la vanguardia en el mundo de la moda. En un entorno que fusiona arte y alta costura, la colecci\u00f3n de Oto\u00f1o-Invierno 2026 ha dejado una huella imborrable. La marca, conocida por su enfoque innovador y su capacidad de transformar la tela en arte, ha presentado una serie de piezas que van m\u00e1s all\u00e1 de la simple vestimenta. Este espect\u00e1culo no solo celebra la moda, sino tambi\u00e9n el di\u00e1logo entre la escultura y la identidad.<\/p>\n<p>En un escenario donde las obras de Cosima von Bonin emergen como telones de fondo, los asistentes se han visto inmersos en un universo donde cada figura inerte cobra vida a trav\u00e9s de la est\u00e9tica de Loewe. Las esculturas de von Bonin, con su estilo caracter\u00edstico que juega con la percepci\u00f3n y la forma, se han convertido en el complemento perfecto para las creaciones textuales de la casa. Es como si cada prenda contara una historia, uniendo el arte contempor\u00e1neo con el savoir-faire tradicional de la marca.<\/p>\n<p>Los protagonistas de la pasarela, desde cortes audaces hasta patrones inesperados, han desafiado las convenciones del vestuario cotidiano. La paleta de colores oscuros, matizados con acentos vibrantes, invita a una reflexi\u00f3n sobre la dualidad del ser humano: sombras y luces, tristeza y alegr\u00eda. Este contraste resuena en la elecci\u00f3n tanto de los materiales como de las formas, creando un impacto visual que va m\u00e1s all\u00e1 de lo superficial.<\/p>\n<p>El ambiente en el que se desarrolla la presentaci\u00f3n es igualmente significativo. Las esculturas no solo sirven como meras decoraciones, sino que transforman la experiencia del espectador, creando una atm\u00f3sfera de contemplaci\u00f3n. Esto pone de relieve c\u00f3mo la moda puede integrar diferentes disciplinas art\u00edsticas, sugiriendo que cada elemento de la exhibici\u00f3n tiene un prop\u00f3sito y un significado profundos.<\/p>\n<p>Observando de cerca los detalles, se puede notar la maestr\u00eda en la confecci\u00f3n de las piezas, donde tradiciones artesanales se combinan con t\u00e9cnicas modernas. Este enfoque resalta no solo la habilidad t\u00e9cnica detr\u00e1s de cada creaci\u00f3n, sino tambi\u00e9n el compromiso de Loewe por la sostenibilidad, utilizando materiales que honran el medio ambiente mientras ofrecen lujo y sofisticaci\u00f3n.<\/p>\n<p>Adem\u00e1s, la elecci\u00f3n de personalidades influyentes en el p\u00fablico refleja la atracci\u00f3n que la colecci\u00f3n ejerce sobre aquellos que est\u00e1n al frente de la cultura contempor\u00e1nea. Actrices, artistas y figuras del mundo del dise\u00f1o se han dado cita para celebrar una visi\u00f3n que no teme explorar lo desconocido y desafiar los l\u00edmites tradicionales de la moda.<\/p>\n<p>A medida que los reflejos de esta colecci\u00f3n resuenan en el mundo digital, es evidente que Loewe ha creado un discurso que no se limita a la moda, sino que invita a una conversaci\u00f3n m\u00e1s amplia sobre creatividad y significado. La fusi\u00f3n de la vestimenta con la escultura suscita no solo admiraci\u00f3n, sino tambi\u00e9n reflexi\u00f3n sobre lo que define el arte en el contexto de la moda.<\/p>\n<p>En conclusi\u00f3n, la pasarela de Loewe para Oto\u00f1o-Invierno 2026 ha establecido un nuevo est\u00e1ndar, donde la belleza se entrelaza con la filosof\u00eda y el arte. Al hacerlo, reafirma la importancia de la moda como un veh\u00edculo de expresi\u00f3n cultural que sigue evolucionando, capturando la atenci\u00f3n y el inter\u00e9s de un p\u00fablico cada vez m\u00e1s diverso y curioso. Con cada temporada, la marca contin\u00faa navegando en las intersecciones de la historia, el arte y la identidad, asegurando su lugar en la vanguardia de la moda contempor\u00e1nea.<\/p>\n<p><em> &#8221; Fuentes www.vogue.com &#8221; <\/em><\/p>\n","protected":false},"excerpt":{"rendered":"<p>Belleza Escultural: El Ocaso de Loewe y su Inigualable Propuesta Oto\u00f1o-Invierno 2026 La pasarela de Loewe ha sido, una vez m\u00e1s, el epicentro de la vanguardia en el mundo de la moda. En un entorno que fusiona arte y alta costura, la colecci\u00f3n de Oto\u00f1o-Invierno 2026 ha dejado una huella imborrable. La marca, conocida por [&hellip;]<\/p>\n","protected":false},"author":14,"featured_media":1121340,"comment_status":"open","ping_status":"closed","sticky":false,"template":"","format":"standard","meta":{"om_disable_all_campaigns":false,"jnews-multi-image_gallery":[],"jnews_single_post":[],"jnews_primary_category":[],"jnews_social_meta":[],"footnotes":""},"categories":[144872],"tags":[640,199076,89166,166,176057,270333,64679,270334,270335,107559],"class_list":["post-1121339","post","type-post","status-publish","format-standard","has-post-thumbnail","hentry","category-fashion","tag-art","tag-couture","tag-designer","tag-fashion","tag-front-row","tag-giant-stuffed-whale","tag-loewe","tag-showpiece","tag-unconventional-fashion","tag-wildlife"],"_links":{"self":[{"href":"https:\/\/dimensionturistica.com\/es\/wp-json\/wp\/v2\/posts\/1121339","targetHints":{"allow":["GET"]}}],"collection":[{"href":"https:\/\/dimensionturistica.com\/es\/wp-json\/wp\/v2\/posts"}],"about":[{"href":"https:\/\/dimensionturistica.com\/es\/wp-json\/wp\/v2\/types\/post"}],"author":[{"embeddable":true,"href":"https:\/\/dimensionturistica.com\/es\/wp-json\/wp\/v2\/users\/14"}],"replies":[{"embeddable":true,"href":"https:\/\/dimensionturistica.com\/es\/wp-json\/wp\/v2\/comments?post=1121339"}],"version-history":[{"count":1,"href":"https:\/\/dimensionturistica.com\/es\/wp-json\/wp\/v2\/posts\/1121339\/revisions"}],"predecessor-version":[{"id":1121341,"href":"https:\/\/dimensionturistica.com\/es\/wp-json\/wp\/v2\/posts\/1121339\/revisions\/1121341"}],"wp:featuredmedia":[{"embeddable":true,"href":"https:\/\/dimensionturistica.com\/es\/wp-json\/wp\/v2\/media\/1121340"}],"wp:attachment":[{"href":"https:\/\/dimensionturistica.com\/es\/wp-json\/wp\/v2\/media?parent=1121339"}],"wp:term":[{"taxonomy":"category","embeddable":true,"href":"https:\/\/dimensionturistica.com\/es\/wp-json\/wp\/v2\/categories?post=1121339"},{"taxonomy":"post_tag","embeddable":true,"href":"https:\/\/dimensionturistica.com\/es\/wp-json\/wp\/v2\/tags?post=1121339"}],"curies":[{"name":"wp","href":"https:\/\/api.w.org\/{rel}","templated":true}]}}