{"id":1121325,"date":"2026-03-07T08:38:19","date_gmt":"2026-03-07T08:38:19","guid":{"rendered":"https:\/\/dimensionturistica.com\/es\/?p=1121325"},"modified":"2026-03-07T08:38:19","modified_gmt":"2026-03-07T08:38:19","slug":"marcas-de-estilo-los-mejores-looks-de-belleza-de-la-semana","status":"publish","type":"post","link":"https:\/\/dimensionturistica.com\/es\/marcas-de-estilo-los-mejores-looks-de-belleza-de-la-semana\/","title":{"rendered":"Marcas de Estilo: Los Mejores Looks de Belleza de la Semana"},"content":{"rendered":"<h3>Las Tendencias de Belleza que Marcaron la Semana: Un Viaje por los Looks M\u00e1s Impactantes<\/h3>\n<p>En el vibrante mundo de la moda, cada semana trae consigo una nueva oleada de inspiraci\u00f3n que despierte el inter\u00e9s y la creatividad de entusiastas y expertos por igual. Este art\u00edculo explora los looks de belleza m\u00e1s destacados de la semana, perfectos para incorporar a cualquier arsenal de estilo.<\/p>\n<h4>Colores Vibrantes y Looks Audaces<\/h4>\n<p>La paleta de colores vibrantes domin\u00f3 las pasarelas y las calles esta semana. Desde labios en tonos ne\u00f3n hasta sombras de ojos en colores sorprendentes, la audacia se convierte en la protagonista. La tendencia se centra en expresar la individualidad, permitiendo que cada persona se convierta en su propia obra de arte.<\/p>\n<h4>Piel Radiante: El Efecto &#8220;Glowy&#8221;<\/h4>\n<p>La piel resplandeciente sigue capturando la atenci\u00f3n, demostrando que un acabado natural es esencial. El uso de iluminadores estrat\u00e9gicamente colocados, combinado con productos hidratantes, logra un efecto luminoso que evoca frescura y vitalidad. Este enfoque no solo es favorecedor, sino que tambi\u00e9n resalta la belleza natural.<\/p>\n<h4>Reflejos Sutiles y Peinados que Cautivan<\/h4>\n<p>Entre las tendencias capilares, los reflejos sutiles se han vuelto un must. Estas delicadas nuances no solo ofrecen dimensi\u00f3n, sino que tambi\u00e9n aportan un toque de sofisticaci\u00f3n. Adem\u00e1s, los peinados recogidos, tanto desenfadados como elegantes, han capturado la atenci\u00f3n, demostrando que un toque de esfuerzo puede realzar cualquier look.<\/p>\n<h4>Delicadeza y Simplicidad en las U\u00f1as<\/h4>\n<p>El arte en las u\u00f1as ha dado un giro hacia lo minimalista. Dise\u00f1os sencillos y elegantes son la elecci\u00f3n ideal para quienes buscan sofisticaci\u00f3n sin complicaciones. Tonos neutros y formas geom\u00e9tricas resaltan la individualidad, al tiempo que mantienen una est\u00e9tica pulida.<\/p>\n<h4>Detalles que Hacen la Diferencia<\/h4>\n<p>Los detalles son el alma de cada apariencia. Desde cejas perfectamente definidas hasta un delineado de ojos que roba miradas, estos elementos demuestran que cada peque\u00f1o acabado puede transformar un look. T\u00e9cnicas de maquillaje que juegan con la simetr\u00eda y el contraste acent\u00faan la belleza \u00fanica de cada persona.<\/p>\n<h4>La Influencia de la Sostenibilidad<\/h4>\n<p>En el \u00e1mbito de la belleza, la sostenibilidad sigue emergiendo como una tendencia clave. Productos de maquillaje y cuidado personal que priorizan ingredientes naturales y empaques ecol\u00f3gicos est\u00e1n en auge, respondiendo a una demanda creciente de opciones responsables con el medio ambiente.<\/p>\n<h4>Conclusi\u00f3n<\/h4>\n<p>Esta semana ha sido un desfile de creatividad y estilo, donde la belleza se ha manifestado en formas que celebran la individualidad. Estas tendencias no solo destacan lo est\u00e9tico, sino que tambi\u00e9n reflejan un cambio hacia una mayor inclusi\u00f3n y sostenibilidad en la industria. Las posibilidades son infinitas y el camino que se abre ante nosotros es emocionante. \u00bfCu\u00e1l de estas tendencias inspirar\u00e1 tu pr\u00f3ximo look?<\/p>\n<p><em> &#8221; Fuentes www.vogue.com &#8221; <\/em><\/p>\n","protected":false},"excerpt":{"rendered":"<p>Las Tendencias de Belleza que Marcaron la Semana: Un Viaje por los Looks M\u00e1s Impactantes En el vibrante mundo de la moda, cada semana trae consigo una nueva oleada de inspiraci\u00f3n que despierte el inter\u00e9s y la creatividad de entusiastas y expertos por igual. Este art\u00edculo explora los looks de belleza m\u00e1s destacados de la [&hellip;]<\/p>\n","protected":false},"author":14,"featured_media":1121326,"comment_status":"open","ping_status":"closed","sticky":false,"template":"","format":"standard","meta":{"om_disable_all_campaigns":false,"jnews-multi-image_gallery":[],"jnews_single_post":[],"jnews_primary_category":[],"jnews_social_meta":[],"footnotes":""},"categories":[144872],"tags":[208639,63336,72867,201306,200440,190460,166,198593,120189,217117,199113,373,198563],"class_list":["post-1121325","post","type-post","status-publish","format-standard","has-post-thumbnail","hentry","category-fashion","tag-_votingservice_app","tag-aesthetic","tag-beauty","tag-beauty-looks","tag-beauty-trends","tag-cosmetics","tag-fashion","tag-makeup","tag-skincare","tag-storytypenews-trending","tag-style-tips","tag-web","tag-weekly-roundup"],"_links":{"self":[{"href":"https:\/\/dimensionturistica.com\/es\/wp-json\/wp\/v2\/posts\/1121325","targetHints":{"allow":["GET"]}}],"collection":[{"href":"https:\/\/dimensionturistica.com\/es\/wp-json\/wp\/v2\/posts"}],"about":[{"href":"https:\/\/dimensionturistica.com\/es\/wp-json\/wp\/v2\/types\/post"}],"author":[{"embeddable":true,"href":"https:\/\/dimensionturistica.com\/es\/wp-json\/wp\/v2\/users\/14"}],"replies":[{"embeddable":true,"href":"https:\/\/dimensionturistica.com\/es\/wp-json\/wp\/v2\/comments?post=1121325"}],"version-history":[{"count":1,"href":"https:\/\/dimensionturistica.com\/es\/wp-json\/wp\/v2\/posts\/1121325\/revisions"}],"predecessor-version":[{"id":1121327,"href":"https:\/\/dimensionturistica.com\/es\/wp-json\/wp\/v2\/posts\/1121325\/revisions\/1121327"}],"wp:featuredmedia":[{"embeddable":true,"href":"https:\/\/dimensionturistica.com\/es\/wp-json\/wp\/v2\/media\/1121326"}],"wp:attachment":[{"href":"https:\/\/dimensionturistica.com\/es\/wp-json\/wp\/v2\/media?parent=1121325"}],"wp:term":[{"taxonomy":"category","embeddable":true,"href":"https:\/\/dimensionturistica.com\/es\/wp-json\/wp\/v2\/categories?post=1121325"},{"taxonomy":"post_tag","embeddable":true,"href":"https:\/\/dimensionturistica.com\/es\/wp-json\/wp\/v2\/tags?post=1121325"}],"curies":[{"name":"wp","href":"https:\/\/api.w.org\/{rel}","templated":true}]}}