{"id":1121293,"date":"2026-03-07T06:55:27","date_gmt":"2026-03-07T06:55:27","guid":{"rendered":"https:\/\/dimensionturistica.com\/es\/?p=1121293"},"modified":"2026-03-07T06:55:27","modified_gmt":"2026-03-07T06:55:27","slug":"una-mirada-a-la-noche-inaugural-de-lo-que-hicimos-antes-de-nuestros-dias-de-polilla-en-el-corazon-de-nueva-york","status":"publish","type":"post","link":"https:\/\/dimensionturistica.com\/es\/una-mirada-a-la-noche-inaugural-de-lo-que-hicimos-antes-de-nuestros-dias-de-polilla-en-el-corazon-de-nueva-york\/","title":{"rendered":"Una Mirada a la Noche Inaugural de \u2018Lo que Hicimos Antes de Nuestros D\u00edas de Polilla\u2019 en el Coraz\u00f3n de Nueva York"},"content":{"rendered":"<h3>Noche de Estrellas y Estilo: Un Encuentro Cautivador<\/h3>\n<p>La llegada de la nueva temporada teatral siempre es un acontecimiento que captura la atenci\u00f3n de los amantes del arte y la moda. Recientemente, la ciudad se visti\u00f3 de gala para la apertura de una obra que promete captar la atenci\u00f3n de cr\u00edticos y entusiastas por igual. En un ambiente electrizante, las personalidades m\u00e1s destacadas se reunieron para celebrar una noche que combin\u00f3 talento, historia y un derroche de estilo.<\/p>\n<h4>La Magia del Teatro<\/h4>\n<p>El evento no solo destac\u00f3 la narrativa presente en la obra, sino que tambi\u00e9n fue una pasarela de estilo en la que cada asistente hizo su entrada con propuestas impactantes. Desde trajes elegantes hasta atuendos audaces, el p\u00fablico reflej\u00f3 la diversidad de la moda contempor\u00e1nea. El teatro, con su esencia \u00fanica, se convirti\u00f3 en un lienzo donde el arte del vestuario tom\u00f3 protagonismo, mostrando que el estilo enciende la imaginaci\u00f3n tanto dentro como fuera del escenario.<\/p>\n<h4>Iconos de la Moda y el Talento<\/h4>\n<p>Entre los invitados se encontraban figuras ic\u00f3nicas que han dejado una huella significativa, no solo en el \u00e1mbito teatral, sino en el universo de la moda. Con cada aparici\u00f3n, desde los cl\u00e1sicos hasta los m\u00e1s vanguardistas, los asistentes ofrecieron una narrativa visual que reson\u00f3 con los temas de la obra. Esta fusi\u00f3n entre el arte dram\u00e1tico y la moda contempor\u00e1nea elev\u00f3 la atm\u00f3sfera de la noche, creando momentos memorables que atraparon las miradas de todos los presentes.<\/p>\n<h4>Detalles Que Marcan la Diferencia<\/h4>\n<p>Los detalles fueron clave en el evento. Accesorios cuidadosamente seleccionados y peinados que resaltaron la personalidad de cada asistente se convirtieron en conversaciones en s\u00ed mismos. La atenci\u00f3n a la vestimenta no solo demostraba un compromiso con la est\u00e9tica, sino que tambi\u00e9n reflejaba el deseo de hacer una declaraci\u00f3n de intenciones. Cada elecci\u00f3n evidenci\u00f3 el respeto por el arte y la cultura, resaltando c\u00f3mo la moda puede ser un veh\u00edculo poderoso de expresi\u00f3n personal.<\/p>\n<h4>La Influencia de la Narrativa<\/h4>\n<p>La obra en s\u00ed &#8211; con su rica complejidad narrativa &#8211; reson\u00f3 profundamente entre los asistentes, convirti\u00e9ndose en un hilo conductor entre todos los que se presentaron. Las historias contadas en el escenario se traduc\u00edan en las elecciones estil\u00edsticas de quienes las presenciaron, mostrando c\u00f3mo el arte puede influir en nuestra forma de vestir y de enfrentarnos al mundo. La conexi\u00f3n entre las palabras y el vestuario cre\u00f3 un ambiente donde el arte se sent\u00eda vivo, palpable en cada rinc\u00f3n de la velada.<\/p>\n<h4>Un Momento para Recordar<\/h4>\n<p>A medida que la noche avanzaba, el entusiasmo crec\u00eda, recordando a todos los presentes que la moda y el arte no son solo actividades superficiales; son un reflejo de nuestra humanidad. Cada risa, cada conversaci\u00f3n y cada susurro compartido se convirti\u00f3 en parte de una memoria compartida que perdurar\u00e1 mucho m\u00e1s all\u00e1 de esa noche m\u00e1gica.<\/p>\n<p>En conclusi\u00f3n, la apertura de esta obra ha establecido un nuevo est\u00e1ndar para los eventos de moda y arte, demostrando que ambos mundos est\u00e1n intr\u00ednsecamente ligados. La creatividad no conoce l\u00edmites y, al celebrar lo mejor de ambos, se abre un di\u00e1logo que sin duda continuar\u00e1 ampliando las fronteras del estilo y la expresi\u00f3n art\u00edstica.<\/p>\n<p><em> &#8221; Fuentes www.vogue.com &#8221; <\/em><\/p>\n","protected":false},"excerpt":{"rendered":"<p>Noche de Estrellas y Estilo: Un Encuentro Cautivador La llegada de la nueva temporada teatral siempre es un acontecimiento que captura la atenci\u00f3n de los amantes del arte y la moda. Recientemente, la ciudad se visti\u00f3 de gala para la apertura de una obra que promete captar la atenci\u00f3n de cr\u00edticos y entusiastas por igual. [&hellip;]<\/p>\n","protected":false},"author":14,"featured_media":1121294,"comment_status":"open","ping_status":"closed","sticky":false,"template":"","format":"standard","meta":{"om_disable_all_campaigns":false,"jnews-multi-image_gallery":[],"jnews_single_post":[],"jnews_primary_category":[],"jnews_social_meta":[],"footnotes":""},"categories":[144872],"tags":[231,182145,489,225,6514,215594,100654,209647,224329,434,373,270324],"class_list":["post-1121293","post","type-post","status-publish","format-standard","has-post-thumbnail","hentry","category-fashion","tag-arts","tag-cultural-event","tag-drama","tag-entertainment","tag-new-york","tag-opening-night","tag-performance","tag-premiere","tag-storytypereporting-story","tag-theater","tag-web","tag-what-we-did-before-our-moth-days"],"_links":{"self":[{"href":"https:\/\/dimensionturistica.com\/es\/wp-json\/wp\/v2\/posts\/1121293","targetHints":{"allow":["GET"]}}],"collection":[{"href":"https:\/\/dimensionturistica.com\/es\/wp-json\/wp\/v2\/posts"}],"about":[{"href":"https:\/\/dimensionturistica.com\/es\/wp-json\/wp\/v2\/types\/post"}],"author":[{"embeddable":true,"href":"https:\/\/dimensionturistica.com\/es\/wp-json\/wp\/v2\/users\/14"}],"replies":[{"embeddable":true,"href":"https:\/\/dimensionturistica.com\/es\/wp-json\/wp\/v2\/comments?post=1121293"}],"version-history":[{"count":1,"href":"https:\/\/dimensionturistica.com\/es\/wp-json\/wp\/v2\/posts\/1121293\/revisions"}],"predecessor-version":[{"id":1121295,"href":"https:\/\/dimensionturistica.com\/es\/wp-json\/wp\/v2\/posts\/1121293\/revisions\/1121295"}],"wp:featuredmedia":[{"embeddable":true,"href":"https:\/\/dimensionturistica.com\/es\/wp-json\/wp\/v2\/media\/1121294"}],"wp:attachment":[{"href":"https:\/\/dimensionturistica.com\/es\/wp-json\/wp\/v2\/media?parent=1121293"}],"wp:term":[{"taxonomy":"category","embeddable":true,"href":"https:\/\/dimensionturistica.com\/es\/wp-json\/wp\/v2\/categories?post=1121293"},{"taxonomy":"post_tag","embeddable":true,"href":"https:\/\/dimensionturistica.com\/es\/wp-json\/wp\/v2\/tags?post=1121293"}],"curies":[{"name":"wp","href":"https:\/\/api.w.org\/{rel}","templated":true}]}}