{"id":1121248,"date":"2026-03-07T04:18:47","date_gmt":"2026-03-07T04:18:47","guid":{"rendered":"https:\/\/dimensionturistica.com\/es\/?p=1121248"},"modified":"2026-03-07T04:18:47","modified_gmt":"2026-03-07T04:18:47","slug":"servicio-de-habitacion-compras-vintage-y-estilo-boho-asi-disfruta-maude-apatow-de-la-pfw","status":"publish","type":"post","link":"https:\/\/dimensionturistica.com\/es\/servicio-de-habitacion-compras-vintage-y-estilo-boho-asi-disfruta-maude-apatow-de-la-pfw\/","title":{"rendered":"Servicio de Habitaci\u00f3n, Compras Vintage y Estilo Boho: As\u00ed Disfruta Maude Apatow de la PFW"},"content":{"rendered":"<h3>Maude Apatow y su Impacto en el Desfile de Chlo\u00e9 en Par\u00eds<\/h3>\n<p>El ambiente vibrante de la Semana de la Moda de Par\u00eds se llen\u00f3 de expectativa cuando la actriz Maude Apatow hizo su aparici\u00f3n en el desfile de Chlo\u00e9. Conocida por su estilo fresco y aut\u00e9ntico, Apatow ha capturado la atenci\u00f3n de los amantes de la moda, convirti\u00e9ndose en un referente de la nueva generaci\u00f3n de influencers. Su presencia en este evento de alta costura no pas\u00f3 desapercibida; m\u00e1s bien, elev\u00f3 la emoci\u00f3n de un espect\u00e1culo que ya promet\u00eda ser inolvidable.<\/p>\n<h3>Un Look Que Habla por S\u00ed Mismo<\/h3>\n<p>La elecci\u00f3n de Apatow para este evento fue, sin duda, un acierto. La actriz opt\u00f3 por un conjunto que combin\u00f3 elementos de elegancia con toques contempor\u00e1neos, reflejando la est\u00e9tica que Chlo\u00e9 ha promovido en su \u00faltima colecci\u00f3n. Su atuendo, cuidadosamente seleccionado, inclu\u00eda una paleta de colores que resonaba con el aire parisino, aportando un aire de sofisticaci\u00f3n relajada.<\/p>\n<p>El detalle que realmente hizo brillar su look fue la fusi\u00f3n de texturas y capas, un tema recurrente en las pasarelas de moda actuales. La combinaci\u00f3n de un vestido fluido con un abrigo estructurado demostr\u00f3 un entendimiento agudo de la moda moderna, donde la comodidad y la tendencia se entrelazan a la perfecci\u00f3n.<\/p>\n<h3>Un Escenario de Referencia<\/h3>\n<p>El desfile de Chlo\u00e9 no solo es un evento; es un fen\u00f3meno cultural que arrastra a observadores de todo el mundo. Las pasarelas de Par\u00eds son aclamadas por su capacidad de definir las tendencias que impactar\u00e1n la industria en los pr\u00f3ximos meses. La actuaci\u00f3n de Apatow fue un recordatorio de que la influencia de las celebridades sobre la moda va m\u00e1s all\u00e1 de su presencia en pantalla. Su forma de combinar su indiscutible carisma con la alta costura es un testimonio del poder que tienen los \u00edconos contempor\u00e1neos para moldear tendencias.<\/p>\n<h3>La Influencia de Chlo\u00e9<\/h3>\n<p>La marca Chlo\u00e9, por su parte, contin\u00faa abrazando su legado de feminidad y empoderamiento. Las colecciones, que a menudo celebran la creatividad y la individualidad de la mujer, ponen de manifiesto un enfoque que resuena con las nuevas generaciones. Este desfile particular fue una completo despliegue de innovaci\u00f3n en cuanto a dise\u00f1o y presentaci\u00f3n, un escenario donde la moda se convierte en un arte en constante evoluci\u00f3n.<\/p>\n<h3>Un Evento Que Deja Huella<\/h3>\n<p>El desfile dej\u00f3 una huella indeleble en la audiencia. Las im\u00e1genes que emergieron de este evento se han compartido ampliamente en redes sociales, convirti\u00e9ndose en un punto de conversaci\u00f3n en la comunidad fashionista. Las redes sociales se inundaron de comentarios sobre el estilo de Apatow y la impactante presentaci\u00f3n de Chlo\u00e9, lo que subraya c\u00f3mo estos eventos se entrelazan con la cultura digital contempor\u00e1nea.<\/p>\n<h3>Conclusi\u00f3n<\/h3>\n<p>La presencia de Maude Apatow en el evento no solo es un reflejo de su ascenso en el mundo del entretenimiento, sino tambi\u00e9n un testimonio de la simbiosis existente entre la moda, la cultura pop y la influencia de las redes sociales. Este desfile reafirma lo que ya se sab\u00eda: la moda en Par\u00eds no es solo una pasarela; es un espacio donde la creatividad y la expresi\u00f3n personal convergen, generando un impacto que perdura m\u00e1s all\u00e1 de los flashes de las c\u00e1maras.<\/p>\n<p><em> &#8221; Fuentes www.vogue.com &#8221; <\/em><\/p>\n","protected":false},"excerpt":{"rendered":"<p>Maude Apatow y su Impacto en el Desfile de Chlo\u00e9 en Par\u00eds El ambiente vibrante de la Semana de la Moda de Par\u00eds se llen\u00f3 de expectativa cuando la actriz Maude Apatow hizo su aparici\u00f3n en el desfile de Chlo\u00e9. Conocida por su estilo fresco y aut\u00e9ntico, Apatow ha capturado la atenci\u00f3n de los amantes [&hellip;]<\/p>\n","protected":false},"author":14,"featured_media":1121249,"comment_status":"open","ping_status":"closed","sticky":false,"template":"","format":"standard","meta":{"om_disable_all_campaigns":false,"jnews-multi-image_gallery":[],"jnews_single_post":[],"jnews_primary_category":[],"jnews_social_meta":[],"footnotes":""},"categories":[144872],"tags":[202907,198490,20326,160411,264013,201497,204909,250918,69218,171112,199397,207914],"class_list":["post-1121248","post","type-post","status-publish","format-standard","has-post-thumbnail","hentry","category-fashion","tag-boho-chic","tag-celebrity-fashion","tag-chloe","tag-fashion-week","tag-maude-apatow","tag-paris-fashion","tag-paris-fashion-week","tag-pfw","tag-room-service","tag-style-inspiration","tag-trendsetter","tag-vintage-shopping"],"_links":{"self":[{"href":"https:\/\/dimensionturistica.com\/es\/wp-json\/wp\/v2\/posts\/1121248","targetHints":{"allow":["GET"]}}],"collection":[{"href":"https:\/\/dimensionturistica.com\/es\/wp-json\/wp\/v2\/posts"}],"about":[{"href":"https:\/\/dimensionturistica.com\/es\/wp-json\/wp\/v2\/types\/post"}],"author":[{"embeddable":true,"href":"https:\/\/dimensionturistica.com\/es\/wp-json\/wp\/v2\/users\/14"}],"replies":[{"embeddable":true,"href":"https:\/\/dimensionturistica.com\/es\/wp-json\/wp\/v2\/comments?post=1121248"}],"version-history":[{"count":1,"href":"https:\/\/dimensionturistica.com\/es\/wp-json\/wp\/v2\/posts\/1121248\/revisions"}],"predecessor-version":[{"id":1121250,"href":"https:\/\/dimensionturistica.com\/es\/wp-json\/wp\/v2\/posts\/1121248\/revisions\/1121250"}],"wp:featuredmedia":[{"embeddable":true,"href":"https:\/\/dimensionturistica.com\/es\/wp-json\/wp\/v2\/media\/1121249"}],"wp:attachment":[{"href":"https:\/\/dimensionturistica.com\/es\/wp-json\/wp\/v2\/media?parent=1121248"}],"wp:term":[{"taxonomy":"category","embeddable":true,"href":"https:\/\/dimensionturistica.com\/es\/wp-json\/wp\/v2\/categories?post=1121248"},{"taxonomy":"post_tag","embeddable":true,"href":"https:\/\/dimensionturistica.com\/es\/wp-json\/wp\/v2\/tags?post=1121248"}],"curies":[{"name":"wp","href":"https:\/\/api.w.org\/{rel}","templated":true}]}}