{"id":1121180,"date":"2026-03-07T00:38:40","date_gmt":"2026-03-07T00:38:40","guid":{"rendered":"https:\/\/dimensionturistica.com\/es\/?p=1121180"},"modified":"2026-03-07T00:38:40","modified_gmt":"2026-03-07T00:38:40","slug":"camara-de-diputados-pospone-regulacion-que-propone-deducir-salario-por-viajes-personales","status":"publish","type":"post","link":"https:\/\/dimensionturistica.com\/es\/camara-de-diputados-pospone-regulacion-que-propone-deducir-salario-por-viajes-personales\/","title":{"rendered":"C\u00e1mara de Diputados pospone regulaci\u00f3n que propone deducir salario por viajes personales"},"content":{"rendered":"<h3>Turismo y Responsabilidad: Un Llamado a la Reflexi\u00f3n<\/h3>\n<p>En un mundo cada vez m\u00e1s conectado, donde los viajes se han transformado en una parte esencial de nuestras vidas, es vital reflexionar sobre la responsabilidad que conllevan nuestras decisiones de turismo. Recientemente, un debate en la C\u00e1mara de Diputados toc\u00f3 un tema interesante: la \u00e9tica y la responsabilidad en el uso de recursos p\u00fablicos, especialmente en lo que se refiere a los viajes de funcionarios.<\/p>\n<p>Imaginemos un futuro donde cada viaje no sea solo una oportunidad de exploraci\u00f3n, sino tambi\u00e9n un pilar de compromiso social. La discusi\u00f3n que se ha suscitado en torno a la idea de penalizar los viajes personales de los representantes pol\u00edticos nos invita a pensar en c\u00f3mo cada viaje, por placer o trabajo, puede tener repercusiones en las comunidades que visitamos.<\/p>\n<h3>El Impacto de Nuestros Viajes<\/h3>\n<p>Al planear un viaje, ya sea a una playa tropical, una monta\u00f1a nevada o una ciudad llena de historia, cada turista tiene la oportunidad de aportar a la econom\u00eda local y promover la cultura del destino. Sin embargo, esto viene acompa\u00f1ado de una responsabilidad: ser conscientes de c\u00f3mo nuestras acciones afectan a las comunidades que nos reciben. La sostenibilidad y el respeto por el medio ambiente son pilares fundamentales que deben guiar nuestras decisiones.<\/p>\n<h3>Turismo \u00c9tico: Un Nuevo Paradigma<\/h3>\n<p>Ante el creciente inter\u00e9s por experiencias de viaje m\u00e1s sostenibles y responsables, se plantea la necesidad de un cambio en la forma en que dise\u00f1amos nuestras aventuras. Esto no solo implica elegir destinos que promuevan la conservaci\u00f3n y el bienestar social, sino tambi\u00e9n cuestionar c\u00f3mo nuestros representantes p\u00fablicos utilizan los recursos que les son confiados.<\/p>\n<p>La idea de hacer responsable a un funcionario por el uso de sus d\u00edas de viaje podr\u00eda ser un paso hacia un turismo m\u00e1s consciente. Si los l\u00edderes aprendieran a ser ejemplos de buenas pr\u00e1cticas en sus viajes, quiz\u00e1s las generaciones futuras adoptar\u00edan un enfoque similar, creando un ciclo positivo que beneficiar\u00eda tanto a viajeros como a comunidades locales.<\/p>\n<h3>El Rol del Viajero<\/h3>\n<p>Como viajeros, se nos presenta una oportunidad \u00fanica: no somos meros consumidores, sino agentes de cambio. Cada elecci\u00f3n que hacemos puede impactar en la preservaci\u00f3n de la cultura, la econom\u00eda y el entorno de un lugar. Hacer turismo con conciencia significa no solo disfrutar de un destino, sino tambi\u00e9n involucrarse en su cuidado y promoci\u00f3n.<\/p>\n<p>Desde elegir alojamientos que respeten el medio ambiente, hasta participar en actividades que beneficien a la comunidad, nuestras decisiones pueden transformar un simple viaje en una experiencia enriquecedora para todos.<\/p>\n<h3>Un Futuro Prometedor<\/h3>\n<p>La reflexi\u00f3n sobre el uso de fondos p\u00fablicos para viajes personales es solo un aspecto de una conversaci\u00f3n m\u00e1s amplia sobre el turismo y la responsabilidad. Sin duda, abrir este tipo de debates en espacios p\u00fablicos es fundamental para fomentar un cambio en c\u00f3mo percibimos y practicamos el turismo.<\/p>\n<p>La pr\u00f3xima vez que planifiques tu aventura, recuerda que cada destino no solo es un lugar para visitar, sino una comunidad que espera aprovechar los beneficios del intercambio cultural y econ\u00f3mico. Ser un viajero consciente no solo es una elecci\u00f3n personal; es un legado que podemos dejar para el futuro.<\/p>\n<h3>Conclusi\u00f3n<\/h3>\n<p>El turismo puede y debe ser una fuerza para el bien. La responsabilidad de transformar la forma en la que viajamos y disfrutamos de nuevas culturas est\u00e1 en manos de cada uno de nosotros. As\u00ed que, al empaquetar tu maleta para el pr\u00f3ximo viaje, considera no solo a d\u00f3nde vas, sino tambi\u00e9n c\u00f3mo puedes dejar una huella positiva en el camino.<\/p>\n<p><em> &#8221; Fuentes vilasradio.cl &#8221; <\/em><\/p>\n","protected":false},"excerpt":{"rendered":"<p>Turismo y Responsabilidad: Un Llamado a la Reflexi\u00f3n En un mundo cada vez m\u00e1s conectado, donde los viajes se han transformado en una parte esencial de nuestras vidas, es vital reflexionar sobre la responsabilidad que conllevan nuestras decisiones de turismo. Recientemente, un debate en la C\u00e1mara de Diputados toc\u00f3 un tema interesante: la \u00e9tica y [&hellip;]<\/p>\n","protected":false},"author":4,"featured_media":1121181,"comment_status":"open","ping_status":"closed","sticky":false,"template":"","format":"standard","meta":{"om_disable_all_campaigns":false,"jnews-multi-image_gallery":[],"jnews_single_post":[],"jnews_primary_category":[],"jnews_social_meta":[],"footnotes":""},"categories":[39],"tags":[14149,3598,270289,1532,77027,107202],"class_list":["post-1121180","post","type-post","status-publish","format-standard","has-post-thumbnail","hentry","category-viajes","tag-aplazamiento","tag-camara-de-diputados","tag-descuento-de-sueldo","tag-norma","tag-viajes-personales","tag-vilas-radio"],"_links":{"self":[{"href":"https:\/\/dimensionturistica.com\/es\/wp-json\/wp\/v2\/posts\/1121180","targetHints":{"allow":["GET"]}}],"collection":[{"href":"https:\/\/dimensionturistica.com\/es\/wp-json\/wp\/v2\/posts"}],"about":[{"href":"https:\/\/dimensionturistica.com\/es\/wp-json\/wp\/v2\/types\/post"}],"author":[{"embeddable":true,"href":"https:\/\/dimensionturistica.com\/es\/wp-json\/wp\/v2\/users\/4"}],"replies":[{"embeddable":true,"href":"https:\/\/dimensionturistica.com\/es\/wp-json\/wp\/v2\/comments?post=1121180"}],"version-history":[{"count":1,"href":"https:\/\/dimensionturistica.com\/es\/wp-json\/wp\/v2\/posts\/1121180\/revisions"}],"predecessor-version":[{"id":1121182,"href":"https:\/\/dimensionturistica.com\/es\/wp-json\/wp\/v2\/posts\/1121180\/revisions\/1121182"}],"wp:featuredmedia":[{"embeddable":true,"href":"https:\/\/dimensionturistica.com\/es\/wp-json\/wp\/v2\/media\/1121181"}],"wp:attachment":[{"href":"https:\/\/dimensionturistica.com\/es\/wp-json\/wp\/v2\/media?parent=1121180"}],"wp:term":[{"taxonomy":"category","embeddable":true,"href":"https:\/\/dimensionturistica.com\/es\/wp-json\/wp\/v2\/categories?post=1121180"},{"taxonomy":"post_tag","embeddable":true,"href":"https:\/\/dimensionturistica.com\/es\/wp-json\/wp\/v2\/tags?post=1121180"}],"curies":[{"name":"wp","href":"https:\/\/api.w.org\/{rel}","templated":true}]}}