{"id":1121143,"date":"2026-03-06T22:28:42","date_gmt":"2026-03-06T22:28:42","guid":{"rendered":"https:\/\/dimensionturistica.com\/es\/?p=1121143"},"modified":"2026-03-06T22:28:42","modified_gmt":"2026-03-06T22:28:42","slug":"mas-de-400-mil-personas-se-esperan-en-el-gran-carnaval-de-ensenada-2026","status":"publish","type":"post","link":"https:\/\/dimensionturistica.com\/es\/mas-de-400-mil-personas-se-esperan-en-el-gran-carnaval-de-ensenada-2026\/","title":{"rendered":"M\u00e1s de 400 mil personas se esperan en el Gran Carnaval de Ensenada 2026"},"content":{"rendered":"\n<p>En representaci\u00f3n de la secretaria de Turismo del Gobierno de M\u00e9xico, Josefina Rodr\u00edguez Zamora, la directora general de Profesionalizaci\u00f3n y Competitividad Tur\u00edstica, Mariana del Carmen D\u00edaz y Maxil, particip\u00f3 en la presentaci\u00f3n del Gran Carnaval de Ensenada 2026, una de las celebraciones m\u00e1s representativas de Baja California, que se llevar\u00e1 a cabo del 12 al 17 de marzo en este destino tur\u00edstico.<\/p>\n\n\n\n<p>D\u00edaz y Maxil destac\u00f3 que el Carnaval de Ensenada, cuyos or\u00edgenes se remontan a 1981, representa una importante plataforma para promover el destino y su riqueza cultural.<\/p>\n\n\n\n<p>\u201cEste a\u00f1o se realizar\u00e1 del 12 al 17 de marzo con una asistencia estimada de m\u00e1s de 400 mil personas; ser\u00e1 una gran ventana para conocer el destino, su cultura, su gastronom\u00eda y su gente\u201d, se\u00f1al\u00f3.<\/p>\n\n\n\n<p>Asimismo, subray\u00f3 que el turismo en M\u00e9xico contin\u00faa consolid\u00e1ndose como un sector estrat\u00e9gico para el desarrollo del pa\u00eds.<\/p>\n\n\n\n<p>\u201cSigamos haciendo del turismo en M\u00e9xico el sector de las buenas noticias, el motor hacia la Prosperidad Compartida para todas y todos\u201d, afirm\u00f3.<\/p>\n\n\n\n<figure class=\"wp-block-gallery has-nested-images columns-default is-cropped wp-block-gallery-1 is-layout-flex wp-block-gallery-is-layout-flex\">\n<figure class=\"wp-block-image size-large\"><img decoding=\"async\" width=\"500\" height=\"333\" data-id=\"1121144\" src=\"https:\/\/dimensionturistica.com\/es\/wp-content\/uploads\/2026\/03\/1SECTUR-1.jpg\" alt=\"\" class=\"wp-image-1121144\" srcset=\"https:\/\/dimensionturistica.com\/es\/wp-content\/uploads\/2026\/03\/1SECTUR-1.jpg 500w, https:\/\/dimensionturistica.com\/es\/wp-content\/uploads\/2026\/03\/1SECTUR-1-300x200.jpg 300w\" sizes=\"(max-width: 500px) 100vw, 500px\" \/><\/figure>\n<\/figure>\n\n\n\n<p>Por su parte, la Presidenta municipal del XXV Ayuntamiento de Ensenada, Claudia Agat\u00f3n, destac\u00f3 que esta edici\u00f3n del carnaval busca fortalecer la identidad cultural del municipio y ofrecer a la poblaci\u00f3n un espacio de recreaci\u00f3n y convivencia familiar, adem\u00e1s de impulsar la promoci\u00f3n tur\u00edstica del destino.<\/p>\n\n\n\n<p>\u201cPara nosotros el carnaval es un tema de identidad, es un tema cultural y tambi\u00e9n un espacio de recreaci\u00f3n para la ciudadan\u00eda\u201d, expres\u00f3.<\/p>\n\n\n\n<p>Asimismo, se\u00f1al\u00f3 que esta edici\u00f3n contar\u00e1 con una renovada propuesta de carros aleg\u00f3ricos que supera a la presentada en a\u00f1os anteriores, resultado del trabajo coordinado entre los tres \u00f3rdenes de gobierno para fortalecer esta tradicional celebraci\u00f3n.<\/p>\n\n\n\n<p>Durante la presentaci\u00f3n se dieron a conocer los detalles de esta edici\u00f3n del carnaval, que estima la asistencia de m\u00e1s de 400 mil personas a lo largo de los seis d\u00edas de actividades.<\/p>\n\n\n\n<p>Como parte de la programaci\u00f3n, se realizar\u00e1n tres desfiles principales los d\u00edas s\u00e1bado 14, domingo 15 y martes 17 de marzo, en los que participar\u00e1n comparsas, carros aleg\u00f3ricos y espect\u00e1culos que llenar\u00e1n de m\u00fasica, color y tradici\u00f3n las calles del puerto.<\/p>\n\n\n\n<p>Asimismo, se anunci\u00f3 la cartelera art\u00edstica que acompa\u00f1ar\u00e1 las celebraciones:<\/p>\n\n\n\n<p>\u25cf&nbsp;&nbsp;&nbsp;&nbsp;&nbsp;&nbsp; Jueves 12: La Parranda Tour 2026: 20 Recargada<\/p>\n\n\n\n<p>\u25cf&nbsp;&nbsp;&nbsp;&nbsp;&nbsp;&nbsp; Viernes 13: Alicia Villarreal<\/p>\n\n\n\n<p>\u25cf&nbsp;&nbsp;&nbsp;&nbsp;&nbsp;&nbsp; S\u00e1bado 14: Paty Cant\u00fa<\/p>\n\n\n\n<p>\u25cf&nbsp;&nbsp;&nbsp;&nbsp;&nbsp;&nbsp; Domingo 15: Banda MS<\/p>\n\n\n\n<p>\u25cf&nbsp;&nbsp;&nbsp;&nbsp;&nbsp;&nbsp; Lunes 16: Miguel y Miguel, Lorenzo de Monteclaro y Ra\u00fal Hern\u00e1ndez<\/p>\n\n\n\n<p>\u25cf&nbsp;&nbsp;&nbsp;&nbsp;&nbsp;&nbsp; Martes 17: Yuridia<\/p>\n\n\n\n<p>El Gran Carnaval de Ensenada es una de las festividades m\u00e1s esperadas del noroeste del pa\u00eds, al reunir tradiciones, espect\u00e1culos musicales y actividades para toda la familia, consolid\u00e1ndose como un importante atractivo tur\u00edstico para Baja California.<\/p>\n","protected":false},"excerpt":{"rendered":"<p>En representaci\u00f3n de la secretaria de Turismo del Gobierno de M\u00e9xico, Josefina Rodr\u00edguez Zamora, la directora general de Profesionalizaci\u00f3n y Competitividad Tur\u00edstica, Mariana del Carmen D\u00edaz y Maxil, particip\u00f3 en la presentaci\u00f3n del Gran Carnaval de Ensenada 2026, una de las celebraciones m\u00e1s representativas de Baja California, que se llevar\u00e1 a cabo del 12 al [&hellip;]<\/p>\n","protected":false},"author":1,"featured_media":1121145,"comment_status":"open","ping_status":"closed","sticky":false,"template":"","format":"standard","meta":{"om_disable_all_campaigns":false,"jnews-multi-image_gallery":[],"jnews_single_post":[],"jnews_primary_category":[],"jnews_social_meta":[],"footnotes":""},"categories":[39],"tags":[],"class_list":["post-1121143","post","type-post","status-publish","format-standard","has-post-thumbnail","hentry","category-viajes"],"_links":{"self":[{"href":"https:\/\/dimensionturistica.com\/es\/wp-json\/wp\/v2\/posts\/1121143","targetHints":{"allow":["GET"]}}],"collection":[{"href":"https:\/\/dimensionturistica.com\/es\/wp-json\/wp\/v2\/posts"}],"about":[{"href":"https:\/\/dimensionturistica.com\/es\/wp-json\/wp\/v2\/types\/post"}],"author":[{"embeddable":true,"href":"https:\/\/dimensionturistica.com\/es\/wp-json\/wp\/v2\/users\/1"}],"replies":[{"embeddable":true,"href":"https:\/\/dimensionturistica.com\/es\/wp-json\/wp\/v2\/comments?post=1121143"}],"version-history":[{"count":1,"href":"https:\/\/dimensionturistica.com\/es\/wp-json\/wp\/v2\/posts\/1121143\/revisions"}],"predecessor-version":[{"id":1121146,"href":"https:\/\/dimensionturistica.com\/es\/wp-json\/wp\/v2\/posts\/1121143\/revisions\/1121146"}],"wp:featuredmedia":[{"embeddable":true,"href":"https:\/\/dimensionturistica.com\/es\/wp-json\/wp\/v2\/media\/1121145"}],"wp:attachment":[{"href":"https:\/\/dimensionturistica.com\/es\/wp-json\/wp\/v2\/media?parent=1121143"}],"wp:term":[{"taxonomy":"category","embeddable":true,"href":"https:\/\/dimensionturistica.com\/es\/wp-json\/wp\/v2\/categories?post=1121143"},{"taxonomy":"post_tag","embeddable":true,"href":"https:\/\/dimensionturistica.com\/es\/wp-json\/wp\/v2\/tags?post=1121143"}],"curies":[{"name":"wp","href":"https:\/\/api.w.org\/{rel}","templated":true}]}}