{"id":1121091,"date":"2026-03-06T21:12:20","date_gmt":"2026-03-06T21:12:20","guid":{"rendered":"https:\/\/dimensionturistica.com\/es\/?p=1121091"},"modified":"2026-03-06T21:12:20","modified_gmt":"2026-03-06T21:12:20","slug":"ante-la-cm14-de-la-organizacion-mundial-del-comercio-el-sector-empresarial-mundial-exige-reformas-urgentes-para-preservar-al-comercio-como-motor-de-crecimiento-y-empleo","status":"publish","type":"post","link":"https:\/\/dimensionturistica.com\/es\/ante-la-cm14-de-la-organizacion-mundial-del-comercio-el-sector-empresarial-mundial-exige-reformas-urgentes-para-preservar-al-comercio-como-motor-de-crecimiento-y-empleo\/","title":{"rendered":"Ante la CM14 de la Organizaci\u00f3n Mundial del Comercio, el sector empresarial mundial exige reformas urgentes para preservar al comercio como motor de crecimiento y empleo"},"content":{"rendered":"\n<p>El comercio mundial se encuentra en un punto de inflexi\u00f3n hist\u00f3rico debido a la erosi\u00f3n de la confianza en el sistema multilateral basado en normas, el aumento de medidas unilaterales y la par\u00e1lisis de funciones esenciales de la Organizaci\u00f3n Mundial del Comercio (OMC), las cuales amenazan con debilitar uno de los pilares fundamentales del crecimiento econ\u00f3mico global, por lo que frente a este escenario, la International Chamber of Commerce (ICC) present\u00f3 su Llamamiento a la Acci\u00f3n rumbo a la Decimocuarta Conferencia Ministerial de la OMC (CM14), que se celebrar\u00e1 del 26 al 29 de marzo de 2026 en Yaund\u00e9, Camer\u00fan.<\/p>\n\n\n\n<figure class=\"wp-block-gallery has-nested-images columns-default is-cropped wp-block-gallery-1 is-layout-flex wp-block-gallery-is-layout-flex\">\n<figure class=\"wp-block-image size-large\"><img decoding=\"async\" width=\"500\" height=\"421\" data-id=\"1121092\" src=\"https:\/\/dimensionturistica.com\/es\/wp-content\/uploads\/2026\/03\/5IKK.jpg\" alt=\"\" class=\"wp-image-1121092\" srcset=\"https:\/\/dimensionturistica.com\/es\/wp-content\/uploads\/2026\/03\/5IKK.jpg 500w, https:\/\/dimensionturistica.com\/es\/wp-content\/uploads\/2026\/03\/5IKK-300x253.jpg 300w\" sizes=\"(max-width: 500px) 100vw, 500px\" \/><\/figure>\n<\/figure>\n\n\n\n<p>Este llamamiento fue presentado esta ma\u00f1ana en la Ciudad de M\u00e9xico por John W.H. Denton AO, secretario general de la ICC global, conocida tambi\u00e9n como la Organizaci\u00f3n Mundial de las Empresas, la cual representa institucionalmente a m\u00e1s de 45 millones de empresas en m\u00e1s de 170 pa\u00edses, cuya misi\u00f3n principal es lograr que los negocios funcionen para todos, todos los d\u00edas y en todas partes.<\/p>\n\n\n\n<p>Desde la perspectiva de las empresas, un colapso del sistema multilateral tendr\u00eda consecuencias severas: menos exportaciones, mayor incertidumbre, p\u00e9rdida de inversiones y afectaciones directas al empleo. Y, para M\u00e9xico, una econom\u00eda profundamente integrada a las cadenas globales de valor, el fortalecimiento de la OMC no es una opci\u00f3n ideol\u00f3gica, sino una necesidad estrat\u00e9gica.<\/p>\n\n\n\n<figure class=\"wp-block-gallery has-nested-images columns-default is-cropped wp-block-gallery-2 is-layout-flex wp-block-gallery-is-layout-flex\">\n<figure class=\"wp-block-image size-large\"><img decoding=\"async\" width=\"500\" height=\"333\" data-id=\"1121093\" src=\"https:\/\/dimensionturistica.com\/es\/wp-content\/uploads\/2026\/03\/3IKK.jpg\" alt=\"\" class=\"wp-image-1121093\" srcset=\"https:\/\/dimensionturistica.com\/es\/wp-content\/uploads\/2026\/03\/3IKK.jpg 500w, https:\/\/dimensionturistica.com\/es\/wp-content\/uploads\/2026\/03\/3IKK-300x200.jpg 300w\" sizes=\"(max-width: 500px) 100vw, 500px\" \/><\/figure>\n<\/figure>\n\n\n\n<p>En este contexto, la ICC propone el Pacto para el Comercio, el Crecimiento y el Empleo, una hoja de ruta pr\u00e1ctica que combina dos frentes: por un lado, un llamado a los gobiernos para iniciar en la CM14 una ronda formal de negociaciones de reforma de la OMC; por otro, un conjunto de soluciones inmediatas que gobiernos y empresas pueden implementar para reducir fricciones comerciales, especialmente en beneficio de las peque\u00f1as y medianas empresas (Pymes), responsables de alrededor del 90% de las empresas y m\u00e1s del 50% del empleo a nivel mundial.<\/p>\n\n\n\n<p>La ICC subraya que revitalizar el comercio comienza en las fronteras con la plena implementaci\u00f3n del Acuerdo sobre Facilitaci\u00f3n del Comercio, la transici\u00f3n del comercio en papel al comercio digital, el uso de certificados de origen electr\u00f3nicos y la modernizaci\u00f3n aduanera, los cuales permitir\u00edan reducir costos, acelerar flujos y ampliar la participaci\u00f3n de las Pymes en los mercados internacionales.<\/p>\n\n\n\n<p>M\u00e1s all\u00e1 de las fronteras, el Pacto plantea la urgencia de actualizar las normas multilaterales para responder a realidades como los subsidios industriales, los flujos de datos transfronterizos, los controles a la exportaci\u00f3n, los minerales cr\u00edticos y la relaci\u00f3n entre comercio y cambio clim\u00e1tico. La falta de reglas claras y modernas en estos \u00e1mbitos alimenta distorsiones, fragmentaci\u00f3n regulatoria y tensiones geoecon\u00f3micas que terminan afectando a empresas y consumidores.<\/p>\n\n\n\n<figure class=\"wp-block-gallery has-nested-images columns-default is-cropped wp-block-gallery-3 is-layout-flex wp-block-gallery-is-layout-flex\">\n<figure class=\"wp-block-image size-large\"><img decoding=\"async\" width=\"500\" height=\"325\" data-id=\"1121095\" src=\"https:\/\/dimensionturistica.com\/es\/wp-content\/uploads\/2026\/03\/1IKK.jpg\" alt=\"\" class=\"wp-image-1121095\" srcset=\"https:\/\/dimensionturistica.com\/es\/wp-content\/uploads\/2026\/03\/1IKK.jpg 500w, https:\/\/dimensionturistica.com\/es\/wp-content\/uploads\/2026\/03\/1IKK-300x195.jpg 300w\" sizes=\"(max-width: 500px) 100vw, 500px\" \/><\/figure>\n<\/figure>\n\n\n\n<p>Asimismo, la ICC enfatiza que un entorno propicio para el comercio requiere mejorar el acceso a la financiaci\u00f3n del comercio y fortalecer los mecanismos de resoluci\u00f3n de controversias, de modo que las empresas \u2014en especial las Pymes\u2014 cuenten con instrumentos \u00e1giles y asequibles para operar y proteger sus derechos.<\/p>\n\n\n\n<p>De cara a la CM14, la ICC exhorta a los ministros de comercio a conformar una \u201ccoalici\u00f3n de los dispuestos\u201d que lidere la modernizaci\u00f3n de la OMC, incluso mediante acuerdos plurilaterales, si no se alcanza consenso pleno. El objetivo es claro: preservar los principios de no discriminaci\u00f3n, previsibilidad y apertura, al tiempo que se actualiza el marco normativo para el siglo XXI.<\/p>\n\n\n\n<p>Para ICC M\u00e9xico, este llamado representa una oportunidad para que el pa\u00eds refuerce su liderazgo como defensor del comercio basado en reglas, impulse condiciones m\u00e1s favorables para la inversi\u00f3n y consolide al comercio como una herramienta de desarrollo incluyente.<\/p>\n\n\n\n<p>En el marco del 80 aniversario de ICC M\u00e9xico, John W.H. Denton AO y una serie de expertos mundiales en comercio coincidieron la noche anterior en que \u201cen el mundo s\u00f3lo hay paz cuando existe comercio constante y fluido entre las naciones. La prosperidad ayuda a que las sociedades sean mejores y cuenten con mayores condiciones de bienestar para sus ciudadanos\u201d. Subrayaron, adem\u00e1s, que la agenda de la ICC global y de sus representaciones nacionales, como ICC M\u00e9xico, va m\u00e1s all\u00e1 de las coyunturas: busca construir soluciones de largo plazo que fortalezcan la cooperaci\u00f3n, la certidumbre y el desarrollo sostenible.<\/p>\n\n\n\n<figure class=\"wp-block-gallery has-nested-images columns-default is-cropped wp-block-gallery-4 is-layout-flex wp-block-gallery-is-layout-flex\">\n<figure class=\"wp-block-image size-large\"><img decoding=\"async\" width=\"500\" height=\"666\" data-id=\"1121098\" src=\"https:\/\/dimensionturistica.com\/es\/wp-content\/uploads\/2026\/03\/2IKK.jpg\" alt=\"\" class=\"wp-image-1121098\" srcset=\"https:\/\/dimensionturistica.com\/es\/wp-content\/uploads\/2026\/03\/2IKK.jpg 500w, https:\/\/dimensionturistica.com\/es\/wp-content\/uploads\/2026\/03\/2IKK-225x300.jpg 225w\" sizes=\"(max-width: 500px) 100vw, 500px\" \/><\/figure>\n<\/figure>\n\n\n\n<p>El mensaje del sector empresarial global en la voz de John W.H. Denton AO es contundente: la econom\u00eda real no puede funcionar con un sistema multilateral debilitado, por lo que modernizar la OMC y aplicar soluciones pr\u00e1cticas hoy es indispensable para asegurar que el comercio siga siendo un motor de crecimiento, innovaci\u00f3n y empleo de calidad para las pr\u00f3ximas generaciones.<\/p>\n\n\n\n<p>En la presentaci\u00f3n del Llamamiento a la Acci\u00f3n rumbo a la Decimocuarta Conferencia Ministerial de la OMC (CM14), adem\u00e1s de Denton AO, estuvieron Ricardo Ram\u00edrez, vicepresidente mundial de la Comisi\u00f3n de Comercio y Pol\u00edticas de Inversi\u00f3n de ICC, as\u00ed como Claus von Wobeser y Yesica Gonz\u00e1lez, presidente y directora general de ICC M\u00e9xico.<\/p>\n\n\n\n<p><\/p>\n","protected":false},"excerpt":{"rendered":"<p>El comercio mundial se encuentra en un punto de inflexi\u00f3n hist\u00f3rico debido a la erosi\u00f3n de la confianza en el sistema multilateral basado en normas, el aumento de medidas unilaterales y la par\u00e1lisis de funciones esenciales de la Organizaci\u00f3n Mundial del Comercio (OMC), las cuales amenazan con debilitar uno de los pilares fundamentales del crecimiento [&hellip;]<\/p>\n","protected":false},"author":1,"featured_media":1121099,"comment_status":"open","ping_status":"closed","sticky":false,"template":"","format":"standard","meta":{"om_disable_all_campaigns":false,"jnews-multi-image_gallery":[],"jnews_single_post":{"format":"standard"},"jnews_primary_category":[],"jnews_social_meta":[],"footnotes":""},"categories":[40],"tags":[],"class_list":["post-1121091","post","type-post","status-publish","format-standard","has-post-thumbnail","hentry","category-industria"],"_links":{"self":[{"href":"https:\/\/dimensionturistica.com\/es\/wp-json\/wp\/v2\/posts\/1121091","targetHints":{"allow":["GET"]}}],"collection":[{"href":"https:\/\/dimensionturistica.com\/es\/wp-json\/wp\/v2\/posts"}],"about":[{"href":"https:\/\/dimensionturistica.com\/es\/wp-json\/wp\/v2\/types\/post"}],"author":[{"embeddable":true,"href":"https:\/\/dimensionturistica.com\/es\/wp-json\/wp\/v2\/users\/1"}],"replies":[{"embeddable":true,"href":"https:\/\/dimensionturistica.com\/es\/wp-json\/wp\/v2\/comments?post=1121091"}],"version-history":[{"count":1,"href":"https:\/\/dimensionturistica.com\/es\/wp-json\/wp\/v2\/posts\/1121091\/revisions"}],"predecessor-version":[{"id":1121100,"href":"https:\/\/dimensionturistica.com\/es\/wp-json\/wp\/v2\/posts\/1121091\/revisions\/1121100"}],"wp:featuredmedia":[{"embeddable":true,"href":"https:\/\/dimensionturistica.com\/es\/wp-json\/wp\/v2\/media\/1121099"}],"wp:attachment":[{"href":"https:\/\/dimensionturistica.com\/es\/wp-json\/wp\/v2\/media?parent=1121091"}],"wp:term":[{"taxonomy":"category","embeddable":true,"href":"https:\/\/dimensionturistica.com\/es\/wp-json\/wp\/v2\/categories?post=1121091"},{"taxonomy":"post_tag","embeddable":true,"href":"https:\/\/dimensionturistica.com\/es\/wp-json\/wp\/v2\/tags?post=1121091"}],"curies":[{"name":"wp","href":"https:\/\/api.w.org\/{rel}","templated":true}]}}