{"id":1120902,"date":"2026-03-06T12:18:45","date_gmt":"2026-03-06T12:18:45","guid":{"rendered":"https:\/\/dimensionturistica.com\/es\/?p=1120902"},"modified":"2026-03-06T12:18:45","modified_gmt":"2026-03-06T12:18:45","slug":"comienza-la-xxi-edicion-del-programa-de-rutas-culturales-que-presenta-mas-de-350-000-oportunidades-y-1-400-destinos","status":"publish","type":"post","link":"https:\/\/dimensionturistica.com\/es\/comienza-la-xxi-edicion-del-programa-de-rutas-culturales-que-presenta-mas-de-350-000-oportunidades-y-1-400-destinos\/","title":{"rendered":"Comienza la XXI Edici\u00f3n del Programa de Rutas Culturales, que presenta m\u00e1s de 350.000 oportunidades y 1.400 destinos."},"content":{"rendered":"<h3>Descubre la Diversidad Cultural: El Renacer de las Rutas Culturales en Espa\u00f1a<\/h3>\n<p>La cultura y el turismo son dos caras de una misma moneda, y este a\u00f1o, Espa\u00f1a vuelve a poner de manifiesto esta conexi\u00f3n a trav\u00e9s de su XXI edici\u00f3n del programa de rutas culturales. Con m\u00e1s de 350,000 plazas y 1,400 destinos a explorar, la oportunidad de sumergirse en la rica herencia cultural del pa\u00eds es m\u00e1s accesible que nunca. Desde monumentos hist\u00f3ricos hasta tradiciones locales, cada recorrido promete una experiencia \u00fanica que invita a los viajeros a redescubrir el patrimonio que forma parte de su identidad.<\/p>\n<p>El programa se erige como un verdadero mapa del tesoro, repleto de oportunidades para todos los gustos: quienes son amantes de la historia, los entusiastas del arte, o aquellos que simplemente desean disfrutar de la belleza natural y arquitect\u00f3nica de diferentes regiones. Cada ruta ha sido dise\u00f1ada para ofrecer un equilibrio perfecto entre aprendizaje y entretenimiento, haciendo que cada paso sea una nueva revelaci\u00f3n.<\/p>\n<h3>Un Viaje a Trav\u00e9s del Tiempo<\/h3>\n<p>Los destinos seleccionados abarcan desde grandes ciudades hasta rincones ocultos que cuentan historias fascinantes. Barcelona y su modernismo, Sevilla y su influencia morisca, o Granada con su Alhambra, son solo algunas de las joyas que brillan en este programa. Adem\u00e1s, cada ruta tiene la ventaja de ser guiada por expertos que no solo conocen la historia, sino que tambi\u00e9n son apasionados de su tierra, lo que convierte cada recorrido en un di\u00e1logo enriquecedor entre el visitante y el destino.<\/p>\n<h3>Experiencias que Enriquecen<\/h3>\n<p>M\u00e1s all\u00e1 de la historia, estas rutas ofrecen una inmersi\u00f3n en las tradiciones y la gastronom\u00eda local, lo que permite a los participantes degustar platos t\u00edpicos y participar en festividades que celebran la cultura viva de cada regi\u00f3n. Imagine disfrutar de una paella en un festival local, o participar en un taller de artesan\u00eda tradicional; estas experiencias acercan a los viajeros no solo a la historia, sino tambi\u00e9n a las costumbres vigentes que forman la cotidianidad de los habitantes locales.<\/p>\n<h3>Destinos Accesibles para Todos<\/h3>\n<p>Una de las novedades de este programa es su enfoque en la accesibilidad. Gracias a una planificaci\u00f3n meticulosa, cada ruta est\u00e1 pensada para que personas de todas las edades y capacidades puedan disfrutar de ella. Esto se traduce en una mayor inclusi\u00f3n y en la posibilidad de que familias, grupos de amigos o incluso quienes viajan solos, puedan compartir momentos memorables en un ambiente enriquecedor.<\/p>\n<h3>Un Impulso a la Sostenibilidad<\/h3>\n<p>En un contexto donde el turismo sostenible es m\u00e1s importante que nunca, este programa tambi\u00e9n busca fomentar un turismo responsable. La promoci\u00f3n de las rutas culturales no solo beneficia a los viajeros, sino que tambi\u00e9n apoya a las comunidades locales, ayudando a preservar los patrimonios culturales y naturales para las futuras generaciones. Al elegir estas experiencias, los turistas contribuyen al bienestar econ\u00f3mico de las regiones que visitan, creando un ciclo virtuoso de respeto y apreciaci\u00f3n.<\/p>\n<h3>Reflexiones Finales<\/h3>\n<p>La XXI edici\u00f3n del programa de rutas culturales en Espa\u00f1a no es solo una invitaci\u00f3n a viajar, sino una llamada a conectar con la esencia misma del pa\u00eds. A medida que exploramos estas rutas, no solo descubrimos lugares, sino tambi\u00e9n historias, tradiciones y la calidez de las comunidades que las habitan. <\/p>\n<p>As\u00ed que, si est\u00e1s listo para un viaje que va m\u00e1s all\u00e1 de las t\u00edpicas atracciones tur\u00edsticas, considera embarcarte en una de estas rutas. Prep\u00e1rate para ser asombrado, inspirado y, sobre todo, para compartir momentos inolvidables donde la cultura y el turismo se entrelazan en la mejor experiencia de tu vida. \u00bfTe animas a ser parte de esta aventura?<\/p>\n<p><em> &#8221; Sources gacetadelturismo.com &#8221; <\/em><\/p>\n","protected":false},"excerpt":{"rendered":"<p>Descubre la Diversidad Cultural: El Renacer de las Rutas Culturales en Espa\u00f1a La cultura y el turismo son dos caras de una misma moneda, y este a\u00f1o, Espa\u00f1a vuelve a poner de manifiesto esta conexi\u00f3n a trav\u00e9s de su XXI edici\u00f3n del programa de rutas culturales. Con m\u00e1s de 350,000 plazas y 1,400 destinos a [&hellip;]<\/p>\n","protected":false},"author":4,"featured_media":1120903,"comment_status":"open","ping_status":"closed","sticky":false,"template":"","format":"standard","meta":{"om_disable_all_campaigns":false,"jnews-multi-image_gallery":[],"jnews_single_post":[],"jnews_primary_category":[],"jnews_social_meta":[],"footnotes":""},"categories":[40],"tags":[15190,1228,770,55734,1322,10453,147012,544,545,270225],"class_list":["post-1120902","post","type-post","status-publish","format-standard","has-post-thumbnail","hentry","category-industria","tag-actividades-recreativas","tag-destinos","tag-espana","tag-eventos-culturales","tag-patrimonio","tag-plazas","tag-rutas-culturales","tag-turismo","tag-viajes","tag-xxi-edicion"],"_links":{"self":[{"href":"https:\/\/dimensionturistica.com\/es\/wp-json\/wp\/v2\/posts\/1120902","targetHints":{"allow":["GET"]}}],"collection":[{"href":"https:\/\/dimensionturistica.com\/es\/wp-json\/wp\/v2\/posts"}],"about":[{"href":"https:\/\/dimensionturistica.com\/es\/wp-json\/wp\/v2\/types\/post"}],"author":[{"embeddable":true,"href":"https:\/\/dimensionturistica.com\/es\/wp-json\/wp\/v2\/users\/4"}],"replies":[{"embeddable":true,"href":"https:\/\/dimensionturistica.com\/es\/wp-json\/wp\/v2\/comments?post=1120902"}],"version-history":[{"count":1,"href":"https:\/\/dimensionturistica.com\/es\/wp-json\/wp\/v2\/posts\/1120902\/revisions"}],"predecessor-version":[{"id":1120904,"href":"https:\/\/dimensionturistica.com\/es\/wp-json\/wp\/v2\/posts\/1120902\/revisions\/1120904"}],"wp:featuredmedia":[{"embeddable":true,"href":"https:\/\/dimensionturistica.com\/es\/wp-json\/wp\/v2\/media\/1120903"}],"wp:attachment":[{"href":"https:\/\/dimensionturistica.com\/es\/wp-json\/wp\/v2\/media?parent=1120902"}],"wp:term":[{"taxonomy":"category","embeddable":true,"href":"https:\/\/dimensionturistica.com\/es\/wp-json\/wp\/v2\/categories?post=1120902"},{"taxonomy":"post_tag","embeddable":true,"href":"https:\/\/dimensionturistica.com\/es\/wp-json\/wp\/v2\/tags?post=1120902"}],"curies":[{"name":"wp","href":"https:\/\/api.w.org\/{rel}","templated":true}]}}