{"id":1120796,"date":"2026-03-06T05:52:48","date_gmt":"2026-03-06T05:52:48","guid":{"rendered":"https:\/\/dimensionturistica.com\/es\/?p=1120796"},"modified":"2026-03-06T05:52:48","modified_gmt":"2026-03-06T05:52:48","slug":"todo-lo-que-debes-saber-sobre-la-proteccion-solar-para-el-cabello","status":"publish","type":"post","link":"https:\/\/dimensionturistica.com\/es\/todo-lo-que-debes-saber-sobre-la-proteccion-solar-para-el-cabello\/","title":{"rendered":"Todo lo que Debes Saber sobre la Protecci\u00f3n Solar para el Cabello"},"content":{"rendered":"<h3>Protecci\u00f3n Solar para el Cabello: El Nuevo Must-Have del Verano<\/h3>\n<p>Con la llegada del verano y el aumento de la exposici\u00f3n solar, la protecci\u00f3n de la piel se convierte en una rutina ineludible. Sin embargo, en la b\u00fasqueda de un bronceado perfecto y una piel radiante, muchas veces olvidamos una parte esencial: nuestro cabello y cuero cabelludo. En este art\u00edculo, exploraremos la importancia de integrar el protector solar en el cuidado capilar y c\u00f3mo esto puede transformar nuestra rutina de belleza.<\/p>\n<h4>La Importancia de la Protecci\u00f3n Solar Capilar<\/h4>\n<p>El cabello, al igual que la piel, puede sufrir da\u00f1os significativos por la radiaci\u00f3n UV. La exposici\u00f3n prolongada al sol no solo puede provocar sequedad y fragilidad, sino que tambi\u00e9n puede afectar el color del cabello, especialmente en aquellas personas con mechas o tintes. Adem\u00e1s, el cuero cabelludo, expuesto de manera directa, puede experimentar quemaduras, lo que puede resultar inc\u00f3modo y doloroso.<\/p>\n<h4>Opciones de Protecci\u00f3n Solar para el Cabello<\/h4>\n<p>En el mercado, cada vez son m\u00e1s los productos dise\u00f1ados espec\u00edficamente para proteger el cabello del sol. Estos incluyen:<\/p>\n<ul>\n<li><strong>Sprays y aceites solares<\/strong>: Formulados para crear una barrera que a\u00edsle el cabello de los efectos nocivos de la radiaci\u00f3n UV.<\/li>\n<li><strong>Shampoos con protecci\u00f3n solar<\/strong>: Ayudan a limpiar y proteger el cabello al mismo tiempo.<\/li>\n<li><strong>Acondicionadores con filtros UV<\/strong>: Proporcionan hidrataci\u00f3n y protecci\u00f3n adicional, ideal para aquellos d\u00edas de beach club.<\/li>\n<\/ul>\n<h4>C\u00f3mo Usar Protecci\u00f3n Solar para el Cabello<\/h4>\n<p>Incorporar la protecci\u00f3n solar en tu rutina no es complicado. Aqu\u00ed hay algunas recomendaciones:<\/p>\n<ol>\n<li><strong>Aplicar antes de salir al sol<\/strong>: Aseg\u00farate de aplicar el producto en el cabello seco y limpio antes de exponerte al sol.<\/li>\n<li><strong>Reaplicar<\/strong>: Es esencial volver a aplicar el producto cada pocas horas, especialmente si has estado nadando o sudando.<\/li>\n<li><strong>Combinar con un sombrero<\/strong>: Adem\u00e1s de los productos, usar un sombrero puede proporcionar una protecci\u00f3n extra y es un accesorio de moda que nunca pasa de moda.<\/li>\n<\/ol>\n<h4>Mitos y Realidades<\/h4>\n<p>Es com\u00fan escuchar que el protector solar no es necesario para el cabello. Sin embargo, esto es un mito que debe ser desmentido. Al igual que la piel, el cabello necesita su propia protecci\u00f3n para mantener su salud y apariencia. Adem\u00e1s, el uso de productos espec\u00edficamente formulados para el cabello asegura que se minimicen los efectos negativos sin dejar residuos engorrosos.<\/p>\n<h4>Beneficios Adicionales de la Protecci\u00f3n Solar Capilar<\/h4>\n<p>Incorporar la protecci\u00f3n solar en el cuidado del cabello no solo evita da\u00f1os por el sol. Muchos de estos productos tambi\u00e9n incluyen ingredientes hidratantes y nutritivos que pueden mejorar la salud general del cabello. Esto transforma la rutina diaria en una celebraci\u00f3n del cuidado personal, destacando la importancia de un enfoque hol\u00edstico hacia la belleza.<\/p>\n<h3>En Resumen<\/h3>\n<p>La protecci\u00f3n del cabello y cuero cabelludo ante la exposici\u00f3n solar se ha convertido en un elemento crucial en la rutina de belleza estival. Invertir en productos que garanticen esta protecci\u00f3n no solo preserva la salud capilar, sino que tambi\u00e9n potencia la belleza natural. Por lo tanto, al prepararte para disfrutar del sol, no olvides incluir en tu bolso de playa esos aliados indispensables para el cuidado del cabello. \u00a1Tu melena te lo agradecer\u00e1!<\/p>\n<p><em> &#8221; Fuentes www.vogue.com &#8221; <\/em><\/p>\n","protected":false},"excerpt":{"rendered":"<p>Protecci\u00f3n Solar para el Cabello: El Nuevo Must-Have del Verano Con la llegada del verano y el aumento de la exposici\u00f3n solar, la protecci\u00f3n de la piel se convierte en una rutina ineludible. Sin embargo, en la b\u00fasqueda de un bronceado perfecto y una piel radiante, muchas veces olvidamos una parte esencial: nuestro cabello y [&hellip;]<\/p>\n","protected":false},"author":14,"featured_media":1120797,"comment_status":"open","ping_status":"closed","sticky":false,"template":"","format":"standard","meta":{"om_disable_all_campaigns":false,"jnews-multi-image_gallery":[],"jnews_single_post":[],"jnews_primary_category":[],"jnews_social_meta":[],"footnotes":""},"categories":[144872],"tags":[198537,72867,136391,132238,124349,270185,122403,198499,170630,202,95669,217122,270184,166783,270186,111204,270183,157139],"class_list":["post-1120796","post","type-post","status-publish","format-standard","has-post-thumbnail","hentry","category-fashion","tag-_commerce","tag-beauty","tag-beauty-tips","tag-digital_syndication","tag-hair-care","tag-hair-damage-prevention","tag-hair-health","tag-onecolumn","tag-scalp-care","tag-shopping","tag-skin","tag-storytypecategory-guide-comparison","tag-summer-hair-tips","tag-sun-protection","tag-sunscreen-for-hair","tag-textaboveleftsmall","tag-tips-for-hair","tag-uv-protection"],"_links":{"self":[{"href":"https:\/\/dimensionturistica.com\/es\/wp-json\/wp\/v2\/posts\/1120796","targetHints":{"allow":["GET"]}}],"collection":[{"href":"https:\/\/dimensionturistica.com\/es\/wp-json\/wp\/v2\/posts"}],"about":[{"href":"https:\/\/dimensionturistica.com\/es\/wp-json\/wp\/v2\/types\/post"}],"author":[{"embeddable":true,"href":"https:\/\/dimensionturistica.com\/es\/wp-json\/wp\/v2\/users\/14"}],"replies":[{"embeddable":true,"href":"https:\/\/dimensionturistica.com\/es\/wp-json\/wp\/v2\/comments?post=1120796"}],"version-history":[{"count":1,"href":"https:\/\/dimensionturistica.com\/es\/wp-json\/wp\/v2\/posts\/1120796\/revisions"}],"predecessor-version":[{"id":1120798,"href":"https:\/\/dimensionturistica.com\/es\/wp-json\/wp\/v2\/posts\/1120796\/revisions\/1120798"}],"wp:featuredmedia":[{"embeddable":true,"href":"https:\/\/dimensionturistica.com\/es\/wp-json\/wp\/v2\/media\/1120797"}],"wp:attachment":[{"href":"https:\/\/dimensionturistica.com\/es\/wp-json\/wp\/v2\/media?parent=1120796"}],"wp:term":[{"taxonomy":"category","embeddable":true,"href":"https:\/\/dimensionturistica.com\/es\/wp-json\/wp\/v2\/categories?post=1120796"},{"taxonomy":"post_tag","embeddable":true,"href":"https:\/\/dimensionturistica.com\/es\/wp-json\/wp\/v2\/tags?post=1120796"}],"curies":[{"name":"wp","href":"https:\/\/api.w.org\/{rel}","templated":true}]}}