{"id":1120746,"date":"2026-03-06T03:13:46","date_gmt":"2026-03-06T03:13:46","guid":{"rendered":"https:\/\/dimensionturistica.com\/es\/?p=1120746"},"modified":"2026-03-06T03:13:46","modified_gmt":"2026-03-06T03:13:46","slug":"conversacion-con-david-vidal-director-general-de-amadeus-para-espana-y-portugal","status":"publish","type":"post","link":"https:\/\/dimensionturistica.com\/es\/conversacion-con-david-vidal-director-general-de-amadeus-para-espana-y-portugal\/","title":{"rendered":"Conversaci\u00f3n con David Vidal, Director General de Amadeus para Espa\u00f1a y Portugal"},"content":{"rendered":"<h3>La Revoluci\u00f3n Digital en el Turismo: Entrevista con un Visionario<\/h3>\n<p>En la era de la transformaci\u00f3n digital, el sector del turismo se enfrenta a desaf\u00edos y oportunidades sin precedentes. Con el auge de la tecnolog\u00eda, la forma en que los viajeros planifican y experimentan sus viajes ha cambiado radicalmente. En este contexto, conversamos con un experto en la materia, quien ha dedicado su carrera a liderar la evoluci\u00f3n de las soluciones tecnol\u00f3gicas en el \u00e1mbito del turismo: el director general de Espa\u00f1a y Portugal en Amadeus.<\/p>\n<h4>Innovaci\u00f3n y Adaptaci\u00f3n<\/h4>\n<p>El director destaca que la clave para sobrevivir en el sector tur\u00edstico actual es la capacidad de adaptarse a las necesidades cambiantes de los viajeros. \u201cHoy en d\u00eda, los consumidores buscan experiencias personalizadas y eficientes\u201d, se\u00f1ala. Esta premisa ha llevado a empresas como Amadeus a innovar continuamente en sus plataformas, facilitando la experiencia de reserva y garantizando que cada viaje sea memorable, desde el primer clic hasta el regreso a casa.<\/p>\n<h4>La Era Post-Covid<\/h4>\n<p>Otro tema candente es el impacto de la pandemia en el turismo. Las lecciones aprendidas durante este per\u00edodo han sido fundamentales. \u201cLa resiliencia del sector ha sido asombrosa\u201d, asegura. Las empresas que han invertido en tecnolog\u00eda han logrado recuperarse m\u00e1s r\u00e1pidamente, adapt\u00e1ndose a las restricciones y a un nuevo paradigma donde la salud y la seguridad son primordiales. El uso de herramientas digitales ha permitido a los destinos y las compa\u00f1\u00edas a\u00e9reas comunicar protocolos y generar confianza en los viajeros.<\/p>\n<h4>Sostenibilidad: Un Imperativo<\/h4>\n<p>M\u00e1s all\u00e1 de la digitalizaci\u00f3n, el director tambi\u00e9n enfatiza la importancia de la sostenibilidad en el turismo. \u201cLos viajantes est\u00e1n cada vez m\u00e1s conscientes de su impacto en el medio ambiente\u201d, afirma. En este sentido, Amadeus se ha comprometido a impulsar pr\u00e1cticas responsables que no solo beneficien a los clientes, sino que tambi\u00e9n contribuyan a la conservaci\u00f3n del planeta. Integrar soluciones tecnol\u00f3gicas que faciliten un turismo m\u00e1s sostenible es una de las prioridades de la empresa.<\/p>\n<h4>El Futuro del Turismo<\/h4>\n<p>Mirando hacia el futuro, las tendencias en tecnolog\u00eda seguir\u00e1n moldeando el sector. La inteligencia artificial y los datos ser\u00e1n determinantes para ofrecer experiencias a\u00fan m\u00e1s personalizadas y \u00e1giles. \u201cEstamos al borde de una revoluci\u00f3n en el modo en que los viajeros interact\u00faan con las agencias y los proveedores\u201d, comenta. La creaci\u00f3n de ecosistemas m\u00e1s integrados y accesibles permitir\u00e1 a los viajeros conectarse de forma m\u00e1s efectiva con servicios de viaje.<\/p>\n<h4>Conclusiones<\/h4>\n<p>La conversaci\u00f3n con el l\u00edder de Amadeus refuerza la idea de que el turismo est\u00e1 en un momento de transformaci\u00f3n emocionante. La combinaci\u00f3n de tecnolog\u00eda, adaptabilidad y una conciencia renovada sobre la sostenibilidad marcar\u00e1n el camino hacia un futuro pr\u00f3spero. En este panorama en constante evoluci\u00f3n, aquellos dispuestos a innovar y a poner al viajero en el centro de cada decisi\u00f3n ser\u00e1n los que realmente triunfen. <\/p>\n<p>As\u00ed, mientras nos adentramos en esta nueva era, queda claro que el turismo, lejos de desvanecerse, renace con m\u00e1s fuerza y prop\u00f3sito que nunca.<\/p>\n<p><em> &#8221; Sources gacetadelturismo.com &#8221; <\/em><\/p>\n","protected":false},"excerpt":{"rendered":"<p>La Revoluci\u00f3n Digital en el Turismo: Entrevista con un Visionario En la era de la transformaci\u00f3n digital, el sector del turismo se enfrenta a desaf\u00edos y oportunidades sin precedentes. Con el auge de la tecnolog\u00eda, la forma en que los viajeros planifican y experimentan sus viajes ha cambiado radicalmente. En este contexto, conversamos con un [&hellip;]<\/p>\n","protected":false},"author":4,"featured_media":1120747,"comment_status":"open","ping_status":"closed","sticky":false,"template":"","format":"standard","meta":{"om_disable_all_campaigns":false,"jnews-multi-image_gallery":[],"jnews_single_post":[],"jnews_primary_category":[],"jnews_social_meta":[],"footnotes":""},"categories":[40],"tags":[3215,64366,77715,2233,770,1511],"class_list":["post-1120746","post","type-post","status-publish","format-standard","has-post-thumbnail","hentry","category-industria","tag-amadeus","tag-david-vidal","tag-director-general","tag-entrevista","tag-espana","tag-portugal"],"_links":{"self":[{"href":"https:\/\/dimensionturistica.com\/es\/wp-json\/wp\/v2\/posts\/1120746","targetHints":{"allow":["GET"]}}],"collection":[{"href":"https:\/\/dimensionturistica.com\/es\/wp-json\/wp\/v2\/posts"}],"about":[{"href":"https:\/\/dimensionturistica.com\/es\/wp-json\/wp\/v2\/types\/post"}],"author":[{"embeddable":true,"href":"https:\/\/dimensionturistica.com\/es\/wp-json\/wp\/v2\/users\/4"}],"replies":[{"embeddable":true,"href":"https:\/\/dimensionturistica.com\/es\/wp-json\/wp\/v2\/comments?post=1120746"}],"version-history":[{"count":1,"href":"https:\/\/dimensionturistica.com\/es\/wp-json\/wp\/v2\/posts\/1120746\/revisions"}],"predecessor-version":[{"id":1120748,"href":"https:\/\/dimensionturistica.com\/es\/wp-json\/wp\/v2\/posts\/1120746\/revisions\/1120748"}],"wp:featuredmedia":[{"embeddable":true,"href":"https:\/\/dimensionturistica.com\/es\/wp-json\/wp\/v2\/media\/1120747"}],"wp:attachment":[{"href":"https:\/\/dimensionturistica.com\/es\/wp-json\/wp\/v2\/media?parent=1120746"}],"wp:term":[{"taxonomy":"category","embeddable":true,"href":"https:\/\/dimensionturistica.com\/es\/wp-json\/wp\/v2\/categories?post=1120746"},{"taxonomy":"post_tag","embeddable":true,"href":"https:\/\/dimensionturistica.com\/es\/wp-json\/wp\/v2\/tags?post=1120746"}],"curies":[{"name":"wp","href":"https:\/\/api.w.org\/{rel}","templated":true}]}}