{"id":1120433,"date":"2026-03-05T14:30:37","date_gmt":"2026-03-05T14:30:37","guid":{"rendered":"https:\/\/dimensionturistica.com\/es\/?p=1120433"},"modified":"2026-03-05T14:30:37","modified_gmt":"2026-03-05T14:30:37","slug":"el-programa-turistico-para-personas-mayores-de-55-anos-en-c-madrid-contara-con-350-000-oportunidades-y-1-400-destinos","status":"publish","type":"post","link":"https:\/\/dimensionturistica.com\/es\/el-programa-turistico-para-personas-mayores-de-55-anos-en-c-madrid-contara-con-350-000-oportunidades-y-1-400-destinos\/","title":{"rendered":"El programa tur\u00edstico para personas mayores de 55 a\u00f1os en C. Madrid contar\u00e1 con 350.000 oportunidades y 1.400 destinos."},"content":{"rendered":"<h2>Redescubriendo el Mundo: El Programa de Viajes para Mayores de 55 A\u00f1os<\/h2>\n<p>El turismo se anima con propuestas inclusivas que celebran la diversidad de edades y experiencias. En esta ocasi\u00f3n, el programa de viajes dise\u00f1ado espec\u00edficamente para mayores de 55 a\u00f1os ha lanzado una emocionante iniciativa que promete abrir las puertas a m\u00e1s de 350,000 plazas en 1,400 destinos, olvidando los clich\u00e9s y subrayando la importancia de viajar sin importar la edad.<\/p>\n<p>Imaginemos un recorrido a trav\u00e9s de la majestuosa arquitectura de Par\u00eds, una escapada a las playas doradas de la Costa del Sol o una inmersi\u00f3n en la rica historia de Roma. Cada destino se convierte en una ventana al mundo, permitiendo a los viajeros mayores vivir momentos significativos y compartir experiencias con personas que poseen intereses similares. Este programa no se trata solo de visitar lugares, sino de cultivar la conexi\u00f3n social, la aventura y el aprendizaje en cada viaje.<\/p>\n<h3>Un Enfoque a Medida<\/h3>\n<p>La planificaci\u00f3n de estos viajes considera las necesidades y preferencias de los mayores de 55 a\u00f1os, asegurando que cada experiencia est\u00e9 dise\u00f1ada para ser placentera y accesible. Desde visitas guiadas que combinen cultura y entretenimiento hasta estancias en hoteles adaptados que priorizan el confort, cada detalle ha sido cuidadosamente pensado. <\/p>\n<p>Los itinerarios fomentan la interacci\u00f3n y la socializaci\u00f3n, permitiendo que los participantes no solo vean, sino que tambi\u00e9n se conecten con la esencia de cada lugar que visitan. Ya sea disfrutando de una cata de vinos en La Rioja o explorando los mercados locales de Marrakech, los viajeros est\u00e1n destinados a construir amistades duraderas y recuerdos inolvidables.<\/p>\n<h3>Beneficios que Traspasan Fronteras<\/h3>\n<p>M\u00e1s all\u00e1 del placer de viajar, esta iniciativa ofrece beneficios que impactan positivamente en la salud f\u00edsica y mental de los participantes. Estudios han demostrado que las actividades recreativas y los viajes pueden reducir el estr\u00e9s, mejorar la autoestima y fomentar una actitud m\u00e1s optimista hacia la vida. Esto es esencial en una etapa donde muchos buscan formas de mantenerse activos y comprometidos en la sociedad.<\/p>\n<p>El programa tambi\u00e9n contribuye al desarrollo econ\u00f3mico local, apoyando a negocios y comunidades en los destinos visitados. Cada viaje no solo es una oportunidad personal, sino una v\u00eda para promover el turismo sostenible y responsable.<\/p>\n<h3>Un Llamado a la Aventura<\/h3>\n<p>Los interesados pueden inscribirse f\u00e1cilmente, y se espera que la demanda sea elevada, dado el inter\u00e9s creciente en experiencias de viaje que trascienden las barreras generacionales. Es un llamado a aquellos que sue\u00f1an con explorar nuevos horizontes, revivir pasiones olvidadas o simplemente disfrutar de cada instante en compa\u00f1\u00eda de otros aventureros de su propia edad.<\/p>\n<p>Este programa de viajes no es solo una invitaci\u00f3n a descubrir el mundo, sino una celebraci\u00f3n de la vida misma. La aventura no tiene edad; cada viaje es una nueva oportunidad para enriquecer el esp\u00edritu y cultivar la curiosidad que todos llevamos dentro. \u00a1Es hora de hacer las maletas y dejarse llevar por la emoci\u00f3n de lo desconocido!<\/p>\n<p><em> &#8221; Sources www.infobae.com &#8221; <\/em><\/p>\n","protected":false},"excerpt":{"rendered":"<p>Redescubriendo el Mundo: El Programa de Viajes para Mayores de 55 A\u00f1os El turismo se anima con propuestas inclusivas que celebran la diversidad de edades y experiencias. En esta ocasi\u00f3n, el programa de viajes dise\u00f1ado espec\u00edficamente para mayores de 55 a\u00f1os ha lanzado una emocionante iniciativa que promete abrir las puertas a m\u00e1s de 350,000 [&hellip;]<\/p>\n","protected":false},"author":4,"featured_media":1120434,"comment_status":"open","ping_status":"closed","sticky":false,"template":"","format":"standard","meta":{"om_disable_all_campaigns":false,"jnews-multi-image_gallery":[],"jnews_single_post":[],"jnews_primary_category":[],"jnews_social_meta":[],"footnotes":""},"categories":[40],"tags":[201148,270112,1228,136662,8331,10453,260747,544,545],"class_list":["post-1120433","post","type-post","status-publish","format-standard","has-post-thumbnail","hentry","category-industria","tag-actividades-para-seniors","tag-c-madrid","tag-destinos","tag-mayores-de-55-anos","tag-oferta-turistica","tag-plazas","tag-programas-para-mayores","tag-turismo","tag-viajes"],"_links":{"self":[{"href":"https:\/\/dimensionturistica.com\/es\/wp-json\/wp\/v2\/posts\/1120433","targetHints":{"allow":["GET"]}}],"collection":[{"href":"https:\/\/dimensionturistica.com\/es\/wp-json\/wp\/v2\/posts"}],"about":[{"href":"https:\/\/dimensionturistica.com\/es\/wp-json\/wp\/v2\/types\/post"}],"author":[{"embeddable":true,"href":"https:\/\/dimensionturistica.com\/es\/wp-json\/wp\/v2\/users\/4"}],"replies":[{"embeddable":true,"href":"https:\/\/dimensionturistica.com\/es\/wp-json\/wp\/v2\/comments?post=1120433"}],"version-history":[{"count":1,"href":"https:\/\/dimensionturistica.com\/es\/wp-json\/wp\/v2\/posts\/1120433\/revisions"}],"predecessor-version":[{"id":1120435,"href":"https:\/\/dimensionturistica.com\/es\/wp-json\/wp\/v2\/posts\/1120433\/revisions\/1120435"}],"wp:featuredmedia":[{"embeddable":true,"href":"https:\/\/dimensionturistica.com\/es\/wp-json\/wp\/v2\/media\/1120434"}],"wp:attachment":[{"href":"https:\/\/dimensionturistica.com\/es\/wp-json\/wp\/v2\/media?parent=1120433"}],"wp:term":[{"taxonomy":"category","embeddable":true,"href":"https:\/\/dimensionturistica.com\/es\/wp-json\/wp\/v2\/categories?post=1120433"},{"taxonomy":"post_tag","embeddable":true,"href":"https:\/\/dimensionturistica.com\/es\/wp-json\/wp\/v2\/tags?post=1120433"}],"curies":[{"name":"wp","href":"https:\/\/api.w.org\/{rel}","templated":true}]}}